{"id":981,"date":"2015-03-30T09:37:48","date_gmt":"2015-03-30T07:37:48","guid":{"rendered":"https:\/\/photonet.hu\/online\/?p=981"},"modified":"2015-03-30T09:37:48","modified_gmt":"2015-03-30T07:37:48","slug":"budapest100-fotokiallitas-az-elmult-evek-kepekben","status":"publish","type":"post","link":"https:\/\/photonet.hu\/online\/magazin\/esemenyek\/budapest100-fotokiallitas-az-elmult-evek-kepekben\/","title":{"rendered":"Budapest100 fot\u00f3ki\u00e1ll\u00edt\u00e1s &#8211; Az elm\u00falt \u00e9vek k\u00e9pekben"},"content":{"rendered":"<p>5 \u00e9ves a Budapest100. K\u00e9pes k\u00f6sz\u00f6net az eddigi r\u00e9sztvev\u0151knek, \u00e9s \u00e9lm\u00e9ny a k\u00edv\u00e1ncsiaknak: fot\u00f3ki\u00e1ll\u00edt\u00e1s a f\u0151v\u00e1ros legn\u00e9pszer\u0171bb civil \u00fcnnep\u00e9r\u0151l.<!--more--><\/p>\n<p>\u00c1prilis 8-t\u00f3l l\u00e1that\u00f3 a Budapest100 fot\u00f3ki\u00e1ll\u00edt\u00e1s a F\u0151v\u00e1rosi Szab\u00f3 Ervin K\u00f6nyvt\u00e1rban.<\/p>\n<p>A Budapest100 egy rendhagy\u00f3, eg\u00e9sz Budapestet megmozgat\u00f3 civil esem\u00e9ny, amely 2011-ben hagyom\u00e1nyteremt\u0151 sz\u00e1nd\u00e9kkal indult az OSA Arch\u00edvum \u00e9s a Kort\u00e1rs \u00c9p\u00edt\u00e9szeti K\u00f6zpont (K\u00c9K) kezdem\u00e9nyez\u00e9s\u00e9re. Els\u0151dleges c\u00e9lja, hogy felh\u00edvja a figyelmet a k\u00f6r\u00fcl\u00f6tt\u00fcnk l\u00e9v\u0151 \u00e9p\u00fcletekre, valamint az ott \u00e9l\u0151k t\u00f6rt\u00e9neteire, \u00e9p\u00edtett k\u00f6rnyezet\u00fcnk \u00e9rt\u00e9keire.<\/p>\n<p>A Kort\u00e1rs \u00c9p\u00edt\u00e9szeti K\u00f6zpont (K\u00c9K) 2015. \u00e1prilis 18-\u00e1n \u00e9s 19-\u00e9n rendezi meg a sz\u00e1z\u00e9ves budapesti h\u00e1zak nyitott h\u00e9tv\u00e9g\u00e9j\u00e9t.<\/p>\n<div class=\"youtube-embed\" data-video_id=\"et7tIOFgxks\"><iframe loading=\"lazy\" title=\"3. Budapest100 - A 100 \u00e9ves h\u00e1zak nyitott h\u00e9tv\u00e9g\u00e9je (2013)\" width=\"696\" height=\"392\" src=\"https:\/\/www.youtube.com\/embed\/et7tIOFgxks?feature=oembed&#038;enablejsapi=1\" frameborder=\"0\" allow=\"accelerometer; autoplay; clipboard-write; encrypted-media; gyroscope; picture-in-picture; web-share\" referrerpolicy=\"strict-origin-when-cross-origin\" allowfullscreen><\/iframe><\/div>\n<h2>Budapest100 fot\u00f3ki\u00e1ll\u00edt\u00e1s &#8211; Az elm\u00falt \u00e9vek k\u00e9pekben<\/h2>\n<p>Megnyit\u00f3: 2015. \u00e1prilis 8. 18:00<br \/>\nZ\u00e1r\u00f3esem\u00e9ny: 2015. \u00e1prilis 23. 18:30<br \/>\nNyitva tart\u00e1s: 2015.04.08. &#8211; 05.09.<\/p>\n<p>F\u0151v\u00e1rosi Szab\u00f3 Ervin K\u00f6nyvt\u00e1r<br \/>\n1088 Budapest, Szab\u00f3 Ervin t\u00e9r 1.<br \/>\nweb: <a title=\"Budapest100\" href=\"http:\/\/budapest100.hu\/\" target=\"_blank\">budapest100.hu\/<\/a><br \/>\nFacebook event: <a title=\"Budapest100 Facebook\" href=\"https:\/\/www.facebook.com\/events\/1648706045357173\/\" target=\"_blank\">www.facebook.com\/events\/1648706045357173\/<\/a><br \/>\nYouTube: <a title=\"YouTube csatorna\" href=\"https:\/\/www.youtube.com\/channel\/UCyBW2Ilm4j1YKvPeWjVmS2w\" target=\"_blank\">www.youtube.com\/channel\/UCyBW2Ilm4j1YKvPeWjVmS2w<\/a><\/p>\n","protected":false},"excerpt":{"rendered":"<p>5 \u00e9ves a Budapest100. K\u00e9pes k\u00f6sz\u00f6net az eddigi r\u00e9sztvev\u0151knek, \u00e9s \u00e9lm\u00e9ny a k\u00edv\u00e1ncsiaknak: fot\u00f3ki\u00e1ll\u00edt\u00e1s a f\u0151v\u00e1ros legn\u00e9pszer\u0171bb civil \u00fcnnep\u00e9r\u0151l.<\/p>\n","protected":false},"author":1,"featured_media":982,"comment_status":"open","ping_status":"open","sticky":false,"template":"","format":"standard","meta":{"footnotes":""},"categories":[99],"tags":[113],"class_list":{"0":"post-981","1":"post","2":"type-post","3":"status-publish","4":"format-standard","5":"has-post-thumbnail","7":"category-esemenyek","8":"tag-kiallitas"},"yoast_head":"<!-- This site is optimized with the Yoast SEO plugin v27.4 - https:\/\/yoast.com\/product\/yoast-seo-wordpress\/ -->\n<title>Budapest100 fot\u00f3ki\u00e1ll\u00edt\u00e1s - Az elm\u00falt \u00e9vek k\u00e9pekben - Photonet<\/title>\n<meta name=\"robots\" content=\"index, follow, max-snippet:-1, max-image-preview:large, max-video-preview:-1\" \/>\n<link rel=\"canonical\" href=\"https:\/\/photonet.hu\/online\/magazin\/esemenyek\/budapest100-fotokiallitas-az-elmult-evek-kepekben\/\" \/>\n<meta property=\"og:locale\" content=\"hu_HU\" \/>\n<meta property=\"og:type\" content=\"article\" \/>\n<meta property=\"og:title\" content=\"Budapest100 fot\u00f3ki\u00e1ll\u00edt\u00e1s - Az elm\u00falt \u00e9vek k\u00e9pekben - Photonet\" \/>\n<meta property=\"og:description\" content=\"5 \u00e9ves a Budapest100. K\u00e9pes k\u00f6sz\u00f6net az eddigi r\u00e9sztvev\u0151knek, \u00e9s \u00e9lm\u00e9ny a k\u00edv\u00e1ncsiaknak: fot\u00f3ki\u00e1ll\u00edt\u00e1s a f\u0151v\u00e1ros legn\u00e9pszer\u0171bb civil \u00fcnnep\u00e9r\u0151l.\" \/>\n<meta property=\"og:url\" content=\"https:\/\/photonet.hu\/online\/magazin\/esemenyek\/budapest100-fotokiallitas-az-elmult-evek-kepekben\/\" \/>\n<meta property=\"og:site_name\" content=\"Photonet\" \/>\n<meta property=\"article:publisher\" content=\"https:\/\/www.facebook.com\/photonet.hu\" \/>\n<meta property=\"article:author\" content=\"https:\/\/www.facebook.com\/photonet.hu\" \/>\n<meta property=\"article:published_time\" content=\"2015-03-30T07:37:48+00:00\" \/>\n<meta property=\"og:image\" content=\"https:\/\/photonet.hu\/online\/wp-content\/uploads\/2015\/03\/budapest_100_kiallitas.jpg\" \/>\n\t<meta property=\"og:image:width\" content=\"784\" \/>\n\t<meta property=\"og:image:height\" content=\"295\" \/>\n\t<meta property=\"og:image:type\" content=\"image\/jpeg\" \/>\n<meta name=\"author\" content=\"photonet\" \/>\n<meta name=\"twitter:card\" content=\"summary_large_image\" \/>\n<meta name=\"twitter:creator\" content=\"@https:\/\/x.com\/photonethu\" \/>\n<meta name=\"twitter:site\" content=\"@photonethu\" \/>\n<meta name=\"twitter:label1\" content=\"Szerz\u0151:\" \/>\n\t<meta name=\"twitter:data1\" content=\"photonet\" \/>\n\t<meta name=\"twitter:label2\" content=\"Becs\u00fclt olvas\u00e1si id\u0151\" \/>\n\t<meta name=\"twitter:data2\" content=\"1 perc\" \/>\n<script type=\"application\/ld+json\" class=\"yoast-schema-graph\">{\"@context\":\"https:\\\/\\\/schema.org\",\"@graph\":[{\"@type\":\"Article\",\"@id\":\"https:\\\/\\\/photonet.hu\\\/online\\\/magazin\\\/esemenyek\\\/budapest100-fotokiallitas-az-elmult-evek-kepekben\\\/#article\",\"isPartOf\":{\"@id\":\"https:\\\/\\\/photonet.hu\\\/online\\\/magazin\\\/esemenyek\\\/budapest100-fotokiallitas-az-elmult-evek-kepekben\\\/\"},\"author\":{\"name\":\"photonet\",\"@id\":\"\\\/#\\\/schema\\\/person\\\/b8065e4118b8cea4068716ccbdd92f94\"},\"headline\":\"Budapest100 fot\u00f3ki\u00e1ll\u00edt\u00e1s &#8211; Az elm\u00falt \u00e9vek k\u00e9pekben\",\"datePublished\":\"2015-03-30T07:37:48+00:00\",\"mainEntityOfPage\":{\"@id\":\"https:\\\/\\\/photonet.hu\\\/online\\\/magazin\\\/esemenyek\\\/budapest100-fotokiallitas-az-elmult-evek-kepekben\\\/\"},\"wordCount\":237,\"commentCount\":0,\"publisher\":{\"@id\":\"\\\/#organization\"},\"image\":{\"@id\":\"https:\\\/\\\/photonet.hu\\\/online\\\/magazin\\\/esemenyek\\\/budapest100-fotokiallitas-az-elmult-evek-kepekben\\\/#primaryimage\"},\"thumbnailUrl\":\"https:\\\/\\\/photonet.hu\\\/online\\\/wp-content\\\/uploads\\\/2015\\\/03\\\/budapest_100_kiallitas.jpg\",\"keywords\":[\"ki\u00e1ll\u00edt\u00e1s\"],\"articleSection\":[\"Esem\u00e9nyek\"],\"inLanguage\":\"hu\",\"potentialAction\":[{\"@type\":\"CommentAction\",\"name\":\"Comment\",\"target\":[\"https:\\\/\\\/photonet.hu\\\/online\\\/magazin\\\/esemenyek\\\/budapest100-fotokiallitas-az-elmult-evek-kepekben\\\/#respond\"]}]},{\"@type\":\"WebPage\",\"@id\":\"https:\\\/\\\/photonet.hu\\\/online\\\/magazin\\\/esemenyek\\\/budapest100-fotokiallitas-az-elmult-evek-kepekben\\\/\",\"url\":\"https:\\\/\\\/photonet.hu\\\/online\\\/magazin\\\/esemenyek\\\/budapest100-fotokiallitas-az-elmult-evek-kepekben\\\/\",\"name\":\"Budapest100 fot\u00f3ki\u00e1ll\u00edt\u00e1s - Az elm\u00falt \u00e9vek k\u00e9pekben - Photonet\",\"isPartOf\":{\"@id\":\"\\\/#website\"},\"primaryImageOfPage\":{\"@id\":\"https:\\\/\\\/photonet.hu\\\/online\\\/magazin\\\/esemenyek\\\/budapest100-fotokiallitas-az-elmult-evek-kepekben\\\/#primaryimage\"},\"image\":{\"@id\":\"https:\\\/\\\/photonet.hu\\\/online\\\/magazin\\\/esemenyek\\\/budapest100-fotokiallitas-az-elmult-evek-kepekben\\\/#primaryimage\"},\"thumbnailUrl\":\"https:\\\/\\\/photonet.hu\\\/online\\\/wp-content\\\/uploads\\\/2015\\\/03\\\/budapest_100_kiallitas.jpg\",\"datePublished\":\"2015-03-30T07:37:48+00:00\",\"breadcrumb\":{\"@id\":\"https:\\\/\\\/photonet.hu\\\/online\\\/magazin\\\/esemenyek\\\/budapest100-fotokiallitas-az-elmult-evek-kepekben\\\/#breadcrumb\"},\"inLanguage\":\"hu\",\"potentialAction\":[{\"@type\":\"ReadAction\",\"target\":[\"https:\\\/\\\/photonet.hu\\\/online\\\/magazin\\\/esemenyek\\\/budapest100-fotokiallitas-az-elmult-evek-kepekben\\\/\"]}]},{\"@type\":\"ImageObject\",\"inLanguage\":\"hu\",\"@id\":\"https:\\\/\\\/photonet.hu\\\/online\\\/magazin\\\/esemenyek\\\/budapest100-fotokiallitas-az-elmult-evek-kepekben\\\/#primaryimage\",\"url\":\"https:\\\/\\\/photonet.hu\\\/online\\\/wp-content\\\/uploads\\\/2015\\\/03\\\/budapest_100_kiallitas.jpg\",\"contentUrl\":\"https:\\\/\\\/photonet.hu\\\/online\\\/wp-content\\\/uploads\\\/2015\\\/03\\\/budapest_100_kiallitas.jpg\",\"width\":784,\"height\":295,\"caption\":\"Budapest100 fot\u00f3ki\u00e1ll\u00edt\u00e1s - Az elm\u00falt \u00e9vek k\u00e9pekben\"},{\"@type\":\"BreadcrumbList\",\"@id\":\"https:\\\/\\\/photonet.hu\\\/online\\\/magazin\\\/esemenyek\\\/budapest100-fotokiallitas-az-elmult-evek-kepekben\\\/#breadcrumb\",\"itemListElement\":[{\"@type\":\"ListItem\",\"position\":1,\"name\":\"Kezd\u0151lap\",\"item\":\"https:\\\/\\\/photonet.hu\\\/online\\\/\"},{\"@type\":\"ListItem\",\"position\":2,\"name\":\"Budapest100 fot\u00f3ki\u00e1ll\u00edt\u00e1s &#8211; Az elm\u00falt \u00e9vek k\u00e9pekben\"}]},{\"@type\":\"WebSite\",\"@id\":\"\\\/#website\",\"url\":\"\\\/\",\"name\":\"Photonet\",\"description\":\"Photonet - online fot\u00f3s magazin\",\"publisher\":{\"@id\":\"\\\/#organization\"},\"potentialAction\":[{\"@type\":\"SearchAction\",\"target\":{\"@type\":\"EntryPoint\",\"urlTemplate\":\"\\\/?s={search_term_string}\"},\"query-input\":{\"@type\":\"PropertyValueSpecification\",\"valueRequired\":true,\"valueName\":\"search_term_string\"}}],\"inLanguage\":\"hu\"},{\"@type\":\"Organization\",\"@id\":\"\\\/#organization\",\"name\":\"Photonet\",\"url\":\"\\\/\",\"logo\":{\"@type\":\"ImageObject\",\"inLanguage\":\"hu\",\"@id\":\"\\\/#\\\/schema\\\/logo\\\/image\\\/\",\"url\":\"https:\\\/\\\/photonet.hu\\\/online\\\/wp-content\\\/uploads\\\/2026\\\/02\\\/photonet_lens_shutter_512.png\",\"contentUrl\":\"https:\\\/\\\/photonet.hu\\\/online\\\/wp-content\\\/uploads\\\/2026\\\/02\\\/photonet_lens_shutter_512.png\",\"width\":512,\"height\":512,\"caption\":\"Photonet\"},\"image\":{\"@id\":\"\\\/#\\\/schema\\\/logo\\\/image\\\/\"},\"sameAs\":[\"https:\\\/\\\/www.facebook.com\\\/photonet.hu\",\"https:\\\/\\\/x.com\\\/photonethu\",\"https:\\\/\\\/www.pinterest.com\\\/acsienator\\\/photography\\\/\"]},{\"@type\":\"Person\",\"@id\":\"\\\/#\\\/schema\\\/person\\\/b8065e4118b8cea4068716ccbdd92f94\",\"name\":\"photonet\",\"image\":{\"@type\":\"ImageObject\",\"inLanguage\":\"hu\",\"@id\":\"https:\\\/\\\/secure.gravatar.com\\\/avatar\\\/7c91ab952e1e196e2bf6641a013b7b971ffa12946ddbf0f05fb85f62d3433ce2?s=96&d=mm&r=g\",\"url\":\"https:\\\/\\\/secure.gravatar.com\\\/avatar\\\/7c91ab952e1e196e2bf6641a013b7b971ffa12946ddbf0f05fb85f62d3433ce2?s=96&d=mm&r=g\",\"contentUrl\":\"https:\\\/\\\/secure.gravatar.com\\\/avatar\\\/7c91ab952e1e196e2bf6641a013b7b971ffa12946ddbf0f05fb85f62d3433ce2?s=96&d=mm&r=g\",\"caption\":\"photonet\"},\"description\":\"szerkeszt\u0151 - photonet, online fot\u00f3s magazin\",\"sameAs\":[\"http:\\\/\\\/photonet.hu\",\"https:\\\/\\\/www.facebook.com\\\/photonet.hu\",\"https:\\\/\\\/x.com\\\/https:\\\/\\\/x.com\\\/photonethu\"],\"url\":\"https:\\\/\\\/photonet.hu\\\/online\\\/author\\\/photonet\\\/\"}]}<\/script>\n<!-- \/ Yoast SEO plugin. -->","yoast_head_json":{"title":"Budapest100 fot\u00f3ki\u00e1ll\u00edt\u00e1s - Az elm\u00falt \u00e9vek k\u00e9pekben - Photonet","robots":{"index":"index","follow":"follow","max-snippet":"max-snippet:-1","max-image-preview":"max-image-preview:large","max-video-preview":"max-video-preview:-1"},"canonical":"https:\/\/photonet.hu\/online\/magazin\/esemenyek\/budapest100-fotokiallitas-az-elmult-evek-kepekben\/","og_locale":"hu_HU","og_type":"article","og_title":"Budapest100 fot\u00f3ki\u00e1ll\u00edt\u00e1s - Az elm\u00falt \u00e9vek k\u00e9pekben - Photonet","og_description":"5 \u00e9ves a Budapest100. K\u00e9pes k\u00f6sz\u00f6net az eddigi r\u00e9sztvev\u0151knek, \u00e9s \u00e9lm\u00e9ny a k\u00edv\u00e1ncsiaknak: fot\u00f3ki\u00e1ll\u00edt\u00e1s a f\u0151v\u00e1ros legn\u00e9pszer\u0171bb civil \u00fcnnep\u00e9r\u0151l.","og_url":"https:\/\/photonet.hu\/online\/magazin\/esemenyek\/budapest100-fotokiallitas-az-elmult-evek-kepekben\/","og_site_name":"Photonet","article_publisher":"https:\/\/www.facebook.com\/photonet.hu","article_author":"https:\/\/www.facebook.com\/photonet.hu","article_published_time":"2015-03-30T07:37:48+00:00","og_image":[{"width":784,"height":295,"url":"https:\/\/photonet.hu\/online\/wp-content\/uploads\/2015\/03\/budapest_100_kiallitas.jpg","type":"image\/jpeg"}],"author":"photonet","twitter_card":"summary_large_image","twitter_creator":"@https:\/\/x.com\/photonethu","twitter_site":"@photonethu","twitter_misc":{"Szerz\u0151:":"photonet","Becs\u00fclt olvas\u00e1si id\u0151":"1 perc"},"schema":{"@context":"https:\/\/schema.org","@graph":[{"@type":"Article","@id":"https:\/\/photonet.hu\/online\/magazin\/esemenyek\/budapest100-fotokiallitas-az-elmult-evek-kepekben\/#article","isPartOf":{"@id":"https:\/\/photonet.hu\/online\/magazin\/esemenyek\/budapest100-fotokiallitas-az-elmult-evek-kepekben\/"},"author":{"name":"photonet","@id":"\/#\/schema\/person\/b8065e4118b8cea4068716ccbdd92f94"},"headline":"Budapest100 fot\u00f3ki\u00e1ll\u00edt\u00e1s &#8211; Az elm\u00falt \u00e9vek k\u00e9pekben","datePublished":"2015-03-30T07:37:48+00:00","mainEntityOfPage":{"@id":"https:\/\/photonet.hu\/online\/magazin\/esemenyek\/budapest100-fotokiallitas-az-elmult-evek-kepekben\/"},"wordCount":237,"commentCount":0,"publisher":{"@id":"\/#organization"},"image":{"@id":"https:\/\/photonet.hu\/online\/magazin\/esemenyek\/budapest100-fotokiallitas-az-elmult-evek-kepekben\/#primaryimage"},"thumbnailUrl":"https:\/\/photonet.hu\/online\/wp-content\/uploads\/2015\/03\/budapest_100_kiallitas.jpg","keywords":["ki\u00e1ll\u00edt\u00e1s"],"articleSection":["Esem\u00e9nyek"],"inLanguage":"hu","potentialAction":[{"@type":"CommentAction","name":"Comment","target":["https:\/\/photonet.hu\/online\/magazin\/esemenyek\/budapest100-fotokiallitas-az-elmult-evek-kepekben\/#respond"]}]},{"@type":"WebPage","@id":"https:\/\/photonet.hu\/online\/magazin\/esemenyek\/budapest100-fotokiallitas-az-elmult-evek-kepekben\/","url":"https:\/\/photonet.hu\/online\/magazin\/esemenyek\/budapest100-fotokiallitas-az-elmult-evek-kepekben\/","name":"Budapest100 fot\u00f3ki\u00e1ll\u00edt\u00e1s - Az elm\u00falt \u00e9vek k\u00e9pekben - Photonet","isPartOf":{"@id":"\/#website"},"primaryImageOfPage":{"@id":"https:\/\/photonet.hu\/online\/magazin\/esemenyek\/budapest100-fotokiallitas-az-elmult-evek-kepekben\/#primaryimage"},"image":{"@id":"https:\/\/photonet.hu\/online\/magazin\/esemenyek\/budapest100-fotokiallitas-az-elmult-evek-kepekben\/#primaryimage"},"thumbnailUrl":"https:\/\/photonet.hu\/online\/wp-content\/uploads\/2015\/03\/budapest_100_kiallitas.jpg","datePublished":"2015-03-30T07:37:48+00:00","breadcrumb":{"@id":"https:\/\/photonet.hu\/online\/magazin\/esemenyek\/budapest100-fotokiallitas-az-elmult-evek-kepekben\/#breadcrumb"},"inLanguage":"hu","potentialAction":[{"@type":"ReadAction","target":["https:\/\/photonet.hu\/online\/magazin\/esemenyek\/budapest100-fotokiallitas-az-elmult-evek-kepekben\/"]}]},{"@type":"ImageObject","inLanguage":"hu","@id":"https:\/\/photonet.hu\/online\/magazin\/esemenyek\/budapest100-fotokiallitas-az-elmult-evek-kepekben\/#primaryimage","url":"https:\/\/photonet.hu\/online\/wp-content\/uploads\/2015\/03\/budapest_100_kiallitas.jpg","contentUrl":"https:\/\/photonet.hu\/online\/wp-content\/uploads\/2015\/03\/budapest_100_kiallitas.jpg","width":784,"height":295,"caption":"Budapest100 fot\u00f3ki\u00e1ll\u00edt\u00e1s - Az elm\u00falt \u00e9vek k\u00e9pekben"},{"@type":"BreadcrumbList","@id":"https:\/\/photonet.hu\/online\/magazin\/esemenyek\/budapest100-fotokiallitas-az-elmult-evek-kepekben\/#breadcrumb","itemListElement":[{"@type":"ListItem","position":1,"name":"Kezd\u0151lap","item":"https:\/\/photonet.hu\/online\/"},{"@type":"ListItem","position":2,"name":"Budapest100 fot\u00f3ki\u00e1ll\u00edt\u00e1s &#8211; Az elm\u00falt \u00e9vek k\u00e9pekben"}]},{"@type":"WebSite","@id":"\/#website","url":"\/","name":"Photonet","description":"Photonet - online fot\u00f3s magazin","publisher":{"@id":"\/#organization"},"potentialAction":[{"@type":"SearchAction","target":{"@type":"EntryPoint","urlTemplate":"\/?s={search_term_string}"},"query-input":{"@type":"PropertyValueSpecification","valueRequired":true,"valueName":"search_term_string"}}],"inLanguage":"hu"},{"@type":"Organization","@id":"\/#organization","name":"Photonet","url":"\/","logo":{"@type":"ImageObject","inLanguage":"hu","@id":"\/#\/schema\/logo\/image\/","url":"https:\/\/photonet.hu\/online\/wp-content\/uploads\/2026\/02\/photonet_lens_shutter_512.png","contentUrl":"https:\/\/photonet.hu\/online\/wp-content\/uploads\/2026\/02\/photonet_lens_shutter_512.png","width":512,"height":512,"caption":"Photonet"},"image":{"@id":"\/#\/schema\/logo\/image\/"},"sameAs":["https:\/\/www.facebook.com\/photonet.hu","https:\/\/x.com\/photonethu","https:\/\/www.pinterest.com\/acsienator\/photography\/"]},{"@type":"Person","@id":"\/#\/schema\/person\/b8065e4118b8cea4068716ccbdd92f94","name":"photonet","image":{"@type":"ImageObject","inLanguage":"hu","@id":"https:\/\/secure.gravatar.com\/avatar\/7c91ab952e1e196e2bf6641a013b7b971ffa12946ddbf0f05fb85f62d3433ce2?s=96&d=mm&r=g","url":"https:\/\/secure.gravatar.com\/avatar\/7c91ab952e1e196e2bf6641a013b7b971ffa12946ddbf0f05fb85f62d3433ce2?s=96&d=mm&r=g","contentUrl":"https:\/\/secure.gravatar.com\/avatar\/7c91ab952e1e196e2bf6641a013b7b971ffa12946ddbf0f05fb85f62d3433ce2?s=96&d=mm&r=g","caption":"photonet"},"description":"szerkeszt\u0151 - photonet, online fot\u00f3s magazin","sameAs":["http:\/\/photonet.hu","https:\/\/www.facebook.com\/photonet.hu","https:\/\/x.com\/https:\/\/x.com\/photonethu"],"url":"https:\/\/photonet.hu\/online\/author\/photonet\/"}]}},"_links":{"self":[{"href":"https:\/\/photonet.hu\/online\/wp-json\/wp\/v2\/posts\/981","targetHints":{"allow":["GET"]}}],"collection":[{"href":"https:\/\/photonet.hu\/online\/wp-json\/wp\/v2\/posts"}],"about":[{"href":"https:\/\/photonet.hu\/online\/wp-json\/wp\/v2\/types\/post"}],"author":[{"embeddable":true,"href":"https:\/\/photonet.hu\/online\/wp-json\/wp\/v2\/users\/1"}],"replies":[{"embeddable":true,"href":"https:\/\/photonet.hu\/online\/wp-json\/wp\/v2\/comments?post=981"}],"version-history":[{"count":0,"href":"https:\/\/photonet.hu\/online\/wp-json\/wp\/v2\/posts\/981\/revisions"}],"wp:featuredmedia":[{"embeddable":true,"href":"https:\/\/photonet.hu\/online\/wp-json\/wp\/v2\/media\/982"}],"wp:attachment":[{"href":"https:\/\/photonet.hu\/online\/wp-json\/wp\/v2\/media?parent=981"}],"wp:term":[{"taxonomy":"category","embeddable":true,"href":"https:\/\/photonet.hu\/online\/wp-json\/wp\/v2\/categories?post=981"},{"taxonomy":"post_tag","embeddable":true,"href":"https:\/\/photonet.hu\/online\/wp-json\/wp\/v2\/tags?post=981"}],"curies":[{"name":"wp","href":"https:\/\/api.w.org\/{rel}","templated":true}]}}