{"id":956,"date":"2015-02-24T12:30:35","date_gmt":"2015-02-24T10:30:35","guid":{"rendered":"https:\/\/photonet.hu\/online\/?p=956"},"modified":"2015-02-24T12:30:35","modified_gmt":"2015-02-24T10:30:35","slug":"uj-425-mm-portre-es-30-mm-makro-panasonic-lumix-g-objektiv","status":"publish","type":"post","link":"https:\/\/photonet.hu\/online\/magazin\/felszereles\/uj-425-mm-portre-es-30-mm-makro-panasonic-lumix-g-objektiv\/","title":{"rendered":"\u00daj 42,5 mm portr\u00e9 \u00e9s 30 mm makr\u00f3 Panasonic LUMIX G objekt\u00edv"},"content":{"rendered":"<p>A Panasonic k\u00e9t \u00faj csereobjekt\u00edvet mutatott be a Micro 4\/3 rendszer\u0171 LUMIX G f\u00e9nyk\u00e9pez\u0151g\u00e9pek sz\u00e1m\u00e1ra. Ezek a H-HS030 makroobjekt\u00edv 30 mm gy\u00fajt\u00f3t\u00e1vols\u00e1ggal, valamint a H-HS043 (42,5 mm) portr\u00e9k\u00e9sz\u00edt\u0151 objekt\u00edv.<!--more--><\/p>\n<p>A H-HS030 objekt\u00edv kiv\u00e1l\u00f3an alkalmas a makro-f\u00e9nyk\u00e9pez\u00e9s szerelmesei k\u00f6z\u00f6tt oly n\u00e9pszer\u0171 vir\u00e1gok, \u00e9telek, rovarok \u00e9s m\u00e1s mot\u00edvumok apr\u00f3 r\u00e9szleteinek f\u00e9nyk\u00e9pez\u00e9s\u00e9hez. Kiv\u00e1l\u00f3 munk\u00e1t v\u00e9gez azonban portr\u00e9k vagy t\u00e1j f\u00e9nyk\u00e9pez\u00e9se eset\u00e9n is. A m\u00e1sodik, 42,5 mm gy\u00fajt\u00f3t\u00e1vols\u00e1g\u00fa H-HS043 modell els\u0151sorban a portr\u00e9k\u00e9sz\u00edt\u00e9s eset\u00e9n fokozott szerepet bet\u00f6lt\u0151, a sz\u00e9lek menti finom def\u00f3kusz\u00e1lts\u00e1gnak, azaz h\u00e1tt\u00e9relmos\u00f3d\u00e1snak (bokeh) k\u00f6sz\u00f6nhet\u0151en ny\u00fajt kiemelked\u0151t. Kiv\u00e1l\u00f3an alkalmas gyeng\u00e9bb f\u00e9nyviszonyok melletti f\u00e9nyk\u00e9pez\u00e9sre is.<\/p>\n<h2>A 30 mm gy\u00fajt\u00f3t\u00e1vols\u00e1g\u00fa \u00e9s f2,8 f\u00e9nyerej\u0171 H-HS030 makroobjekt\u00edv sz\u00e1mos helyzetben j\u00f6n j\u00f3l<\/h2>\n<p>Az \u00faj makroobjekt\u00edvet eleg\u00e1ns formaterv \u00e9s st\u00edlusos, fekete f\u00e9mfel\u00fclet jellemzi. 30 mm gy\u00fajt\u00f3t\u00e1vols\u00e1g\u00e1val m\u00e1r els\u0151 r\u00e1n\u00e9z\u00e9sre is a Panasonic LUMIX G csereobjekt\u00edves kompakt f\u00e9nyk\u00e9pez\u0151g\u00e9pek kiv\u00e1l\u00f3 k\u00eds\u00e9r\u0151t\u00e1rsa. A 30 mm gy\u00fajt\u00f3t\u00e1vols\u00e1g a 60 mm-nek felel meg teljes vagy filmes form\u00e1tum\u00fa f\u00e9nyk\u00e9pez\u0151g\u00e9pek eset\u00e9n, az objekt\u00edv f\u00e9nyereje f2,8, \u00e9s a min\u0151s\u00e9gi optikai alapanyagoknak k\u00f6sz\u00f6nhet\u0151en a felhaszn\u00e1l\u00f3k joggal v\u00e1rj\u00e1k el az \u00e9les rajzolatot \u00e9s kit\u0171n\u0151 kontrasztot. A minim\u00e1lis \u00e9les\u00edt\u00e9si t\u00e1vols\u00e1g csup\u00e1n 10,5 cm, a megjelen\u00edt\u00e9si ar\u00e1ny 1:1, azaz az \u00e9rz\u00e9kel\u0151n az apr\u00f3 objektumokat is a maxim\u00e1lis k\u00e9pmin\u0151s\u00e9g meg\u0151rz\u00e9se mellett \u00e9letnagys\u00e1gban r\u00f6gz\u00edteni k\u00e9pes val\u00f3di makroobjekt\u00edvr\u0151l van sz\u00f3.<\/p>\n<p>A megb\u00edzhat\u00f3 \u00e9s fokozottan ellen\u00e1ll\u00f3 f\u00e9m bajonettnek k\u00f6sz\u00f6nhet\u0151en az objekt\u00edv kiv\u00e1l\u00f3an alkalmas a terepen v\u00e9gzett mindennapos munk\u00e1hoz. A speci\u00e1lis optikai r\u00e9tegek megakad\u00e1lyozz\u00e1k a kett\u0151s rajzolatot \u00e9s a t\u00falvil\u00e1g\u00edt\u00e1st, tov\u00e1bb n\u00f6velve ezzel a f\u00e9nyk\u00e9pek min\u0151s\u00e9g\u00e9t. Mozg\u00f3 objektumok f\u00e9nyk\u00e9pez\u00e9se eset\u00e9n j\u00f3l j\u00f6n a gyors automatikus \u00e9les\u00edt\u00e9s, gyenge f\u00e9nyviszonyok mellett a felhaszn\u00e1l\u00f3 d\u00edjazza a MEGA O.I.S. optikai stabiliz\u00e1tort.<\/p>\n<p><a href=\"https:\/\/photonet.hu\/online\/wp-content\/uploads\/2015\/02\/panasonic_lumix_g_43_portrait.jpg\"><img decoding=\"async\" class=\"alignnone size-full wp-image-957\" src=\"https:\/\/photonet.hu\/online\/wp-content\/uploads\/2015\/02\/panasonic_lumix_g_43_portrait.jpg\" alt=\"42,5 mm gy\u00fajt\u00f3t\u00e1vols\u00e1g\u00fa \u00e9s f1,7 f\u00e9nyerej\u0171 Panasonic objekt\u00edv\" width=\"800\" height=\"623\" srcset=\"https:\/\/photonet.hu\/online\/wp-content\/uploads\/2015\/02\/panasonic_lumix_g_43_portrait.jpg 800w, https:\/\/photonet.hu\/online\/wp-content\/uploads\/2015\/02\/panasonic_lumix_g_43_portrait-768x598.jpg 768w, https:\/\/photonet.hu\/online\/wp-content\/uploads\/2015\/02\/panasonic_lumix_g_43_portrait-539x420.jpg 539w, https:\/\/photonet.hu\/online\/wp-content\/uploads\/2015\/02\/panasonic_lumix_g_43_portrait-150x117.jpg 150w, https:\/\/photonet.hu\/online\/wp-content\/uploads\/2015\/02\/panasonic_lumix_g_43_portrait-300x234.jpg 300w, https:\/\/photonet.hu\/online\/wp-content\/uploads\/2015\/02\/panasonic_lumix_g_43_portrait-696x542.jpg 696w\" sizes=\"(max-width: 800px) 100vw, 800px\" \/><\/a><\/p>\n<h2>42,5 mm gy\u00fajt\u00f3t\u00e1vols\u00e1g\u00fa \u00e9s f1,7 f\u00e9nyerej\u0171 H-HS043 \u00faj portr\u00e9k\u00e9sz\u00edt\u0151 objekt\u00edv<\/h2>\n<p>A 42,5 mm gy\u00fajt\u00f3t\u00e1vols\u00e1g\u00fa portr\u00e9k\u00e9sz\u00edt\u0151 \u00fajdons\u00e1g k\u00e9t kivitelben \u00e1ll rendelkez\u00e9sre \u2013 eleg\u00e1ns fekete \u00e9s ez\u00fcst sz\u00ednben. Legnagyobb el\u0151nye az f1,7 nagy f\u00e9nyer\u0151, amelynek k\u00f6sz\u00f6nhet\u0151en a felhaszn\u00e1l\u00f3 rendk\u00edv\u00fcl kreat\u00edvan dolgozhat az \u00e9less\u00e9g m\u00e9lys\u00e9g\u00e9vel \u2013 portr\u00e9kn\u00e1l \u00e9s m\u00e1s egy\u00e9b felv\u00e9telekn\u00e9l k\u00f6nnyen el\u00e9rhet\u0151 a teljesen elmos\u00f3dott h\u00e1tt\u00e9r (bokeh), mi t\u00f6bb, nagyon j\u00f3l siker\u00fclt rajzolattal. A 42,5 mm gy\u00fajt\u00f3t\u00e1vols\u00e1g a 85 mm-nek felel meg teljes form\u00e1tum\u00fa f\u00e9nyk\u00e9pez\u0151g\u00e9pek eset\u00e9n, \u00edgy egy r\u00f6videbb teleobjekt\u00edvr\u0151l besz\u00e9lhet\u00fcnk. A portr\u00e9k mellett az objekt\u00edv kiv\u00e1l\u00f3an alkalmas r\u00e9szletek f\u00e9nyk\u00e9pez\u00e9s\u00e9re is, mivel m\u00e1r 31 cm-r\u0151l is k\u00e9pes be\u00e9les\u00edteni.<\/p>\n<p>A POWER O.I.S. optikai stabiliz\u00e1tor rendk\u00edv\u00fcl hat\u00e9konyan akad\u00e1lyozza meg a f\u00e9nyk\u00e9pez\u0151g\u00e9p expon\u00e1l\u00e1s k\u00f6zbeni rezg\u00e9se okozta elmos\u00f3d\u00e1st, ugyanakkor azonban k\u00e9pes elimin\u00e1lni a hosszabb \u00e9s lassabb mozg\u00e1st is, \u00edgy alkalmas k\u00f6zleked\u00e9si eszk\u00f6zb\u0151l v\u00e9gzett, esetleg gyenge f\u00e9nyviszonyok melletti f\u00e9nyk\u00e9pez\u00e9sre is. A min\u0151s\u00e9gi \u00e9s \u00e9les k\u00e9pekr\u0151l minden esetben gondoskodik a moderniz\u00e1lt 240fps Drive AF automatikus k\u00e9p\u00e9les\u00edt\u0151 rendszer.<\/p>\n<h2>A folyamatosan b\u0151v\u00fcl\u0151 Panasonic LUMIX G rendszer<\/h2>\n<p>A H-HS030 \u00e9s H-HS043 objekt\u00edvek a mind egyre jobban kiterjed\u0151, \u00e9s a piac legnagyobb Micro 3\/4 rendszer\u00e9t k\u00e9pez\u0151 LUMIX G term\u00e9kcsal\u00e1d leg\u00fajabb tagjai. E rendszer felhaszn\u00e1l\u00f3i teh\u00e1t minden helyzetben cs\u00facssz\u00ednvonal\u00fa f\u00e9nyk\u00e9pez\u0151g\u00e9peket vehetnek ig\u00e9nybe.<\/p>\n<p>Az \u00faj objekt\u00edvjeink kiv\u00e1l\u00f3an kieg\u00e9sz\u00edtik egym\u00e1st a LUMIX G term\u00e9kcsal\u00e1d leg\u00fajabb f\u00e9nyk\u00e9pez\u0151g\u00e9peivel, p\u00e9ld\u00e1ul a miniat\u0171r, \u00e1m nagy teljes\u00edtm\u00e9ny\u0171 LUMIX GM5 modellel, esetleg a felhaszn\u00e1l\u00f3knak cs\u00facssz\u00ednvonal\u00fa funkci\u00f3kat \u00e9s nagy sz\u00e1m\u00fa kreat\u00edv lehet\u0151s\u00e9get k\u00edn\u00e1l\u00f3 eleg\u00e1ns, st\u00edlusos, k\u00f6nny\u0171 \u00e9s kompakt LUMIX GF7 f\u00e9nyk\u00e9pez\u0151g\u00e9ppel.<\/p>\n","protected":false},"excerpt":{"rendered":"<p>A Panasonic k\u00e9t \u00faj csereobjekt\u00edvet mutatott be a Micro 4\/3 rendszer\u0171 LUMIX G f\u00e9nyk\u00e9pez\u0151g\u00e9pek sz\u00e1m\u00e1ra. Ezek a H-HS030 makroobjekt\u00edv 30 mm gy\u00fajt\u00f3t\u00e1vols\u00e1ggal, valamint a H-HS043 (42,5 mm) portr\u00e9k\u00e9sz\u00edt\u0151 objekt\u00edv.<\/p>\n","protected":false},"author":1,"featured_media":958,"comment_status":"open","ping_status":"open","sticky":false,"template":"","format":"standard","meta":{"footnotes":""},"categories":[101],"tags":[198,118,140],"class_list":{"0":"post-956","1":"post","2":"type-post","3":"status-publish","4":"format-standard","5":"has-post-thumbnail","7":"category-felszereles","8":"tag-objektiv","9":"tag-panasonic","10":"tag-tech-2"},"yoast_head":"<!-- This site is optimized with the Yoast SEO plugin v27.4 - https:\/\/yoast.com\/product\/yoast-seo-wordpress\/ -->\n<title>\u00daj 42,5 mm portr\u00e9 \u00e9s 30 mm makr\u00f3 Panasonic LUMIX G objekt\u00edv - Photonet<\/title>\n<meta name=\"description\" content=\"A Panasonic k\u00e9t \u00faj csereobjekt\u00edvet mutatott be a Micro 4\/3 rendszer\u0171 LUMIX G f\u00e9nyk\u00e9pez\u0151g\u00e9pek sz\u00e1m\u00e1ra. Ezek a H-HS030 makroobjekt\u00edv 30 mm gy\u00fajt\u00f3t\u00e1vols\u00e1ggal, valamint a H-HS043 (42,5 mm) portr\u00e9k\u00e9sz\u00edt\u0151 objekt\u00edv\" \/>\n<meta name=\"robots\" content=\"index, follow, max-snippet:-1, max-image-preview:large, max-video-preview:-1\" \/>\n<link rel=\"canonical\" href=\"https:\/\/photonet.hu\/online\/magazin\/felszereles\/uj-425-mm-portre-es-30-mm-makro-panasonic-lumix-g-objektiv\/\" \/>\n<meta property=\"og:locale\" content=\"hu_HU\" \/>\n<meta property=\"og:type\" content=\"article\" \/>\n<meta property=\"og:title\" content=\"\u00daj 42,5 mm portr\u00e9 \u00e9s 30 mm makr\u00f3 Panasonic LUMIX G objekt\u00edv - Photonet\" \/>\n<meta property=\"og:description\" content=\"A Panasonic k\u00e9t \u00faj csereobjekt\u00edvet mutatott be a Micro 4\/3 rendszer\u0171 LUMIX G f\u00e9nyk\u00e9pez\u0151g\u00e9pek sz\u00e1m\u00e1ra. Ezek a H-HS030 makroobjekt\u00edv 30 mm gy\u00fajt\u00f3t\u00e1vols\u00e1ggal, valamint a H-HS043 (42,5 mm) portr\u00e9k\u00e9sz\u00edt\u0151 objekt\u00edv\" \/>\n<meta property=\"og:url\" content=\"https:\/\/photonet.hu\/online\/magazin\/felszereles\/uj-425-mm-portre-es-30-mm-makro-panasonic-lumix-g-objektiv\/\" \/>\n<meta property=\"og:site_name\" content=\"Photonet\" \/>\n<meta property=\"article:publisher\" content=\"https:\/\/www.facebook.com\/photonet.hu\" \/>\n<meta property=\"article:author\" content=\"https:\/\/www.facebook.com\/photonet.hu\" \/>\n<meta property=\"article:published_time\" content=\"2015-02-24T10:30:35+00:00\" \/>\n<meta property=\"og:image\" content=\"https:\/\/photonet.hu\/online\/wp-content\/uploads\/2015\/02\/panasonic_lumix_g_30_macro.jpg\" \/>\n\t<meta property=\"og:image:width\" content=\"800\" \/>\n\t<meta property=\"og:image:height\" content=\"588\" \/>\n\t<meta property=\"og:image:type\" content=\"image\/jpeg\" \/>\n<meta name=\"author\" content=\"photonet\" \/>\n<meta name=\"twitter:card\" content=\"summary_large_image\" \/>\n<meta name=\"twitter:creator\" content=\"@https:\/\/x.com\/photonethu\" \/>\n<meta name=\"twitter:site\" content=\"@photonethu\" \/>\n<meta name=\"twitter:label1\" content=\"Szerz\u0151:\" \/>\n\t<meta name=\"twitter:data1\" content=\"photonet\" \/>\n\t<meta name=\"twitter:label2\" content=\"Becs\u00fclt olvas\u00e1si id\u0151\" \/>\n\t<meta name=\"twitter:data2\" content=\"4 perc\" \/>\n<script type=\"application\/ld+json\" class=\"yoast-schema-graph\">{\"@context\":\"https:\\\/\\\/schema.org\",\"@graph\":[{\"@type\":\"Article\",\"@id\":\"https:\\\/\\\/photonet.hu\\\/online\\\/magazin\\\/felszereles\\\/uj-425-mm-portre-es-30-mm-makro-panasonic-lumix-g-objektiv\\\/#article\",\"isPartOf\":{\"@id\":\"https:\\\/\\\/photonet.hu\\\/online\\\/magazin\\\/felszereles\\\/uj-425-mm-portre-es-30-mm-makro-panasonic-lumix-g-objektiv\\\/\"},\"author\":{\"name\":\"photonet\",\"@id\":\"\\\/#\\\/schema\\\/person\\\/b8065e4118b8cea4068716ccbdd92f94\"},\"headline\":\"\u00daj 42,5 mm portr\u00e9 \u00e9s 30 mm makr\u00f3 Panasonic LUMIX G objekt\u00edv\",\"datePublished\":\"2015-02-24T10:30:35+00:00\",\"mainEntityOfPage\":{\"@id\":\"https:\\\/\\\/photonet.hu\\\/online\\\/magazin\\\/felszereles\\\/uj-425-mm-portre-es-30-mm-makro-panasonic-lumix-g-objektiv\\\/\"},\"wordCount\":837,\"commentCount\":0,\"publisher\":{\"@id\":\"\\\/#organization\"},\"image\":{\"@id\":\"https:\\\/\\\/photonet.hu\\\/online\\\/magazin\\\/felszereles\\\/uj-425-mm-portre-es-30-mm-makro-panasonic-lumix-g-objektiv\\\/#primaryimage\"},\"thumbnailUrl\":\"https:\\\/\\\/photonet.hu\\\/online\\\/wp-content\\\/uploads\\\/2015\\\/02\\\/panasonic_lumix_g_30_macro.jpg\",\"keywords\":[\"objekt\u00edv\",\"panasonic\",\"tech\"],\"articleSection\":[\"Felszerel\u00e9s\"],\"inLanguage\":\"hu\",\"potentialAction\":[{\"@type\":\"CommentAction\",\"name\":\"Comment\",\"target\":[\"https:\\\/\\\/photonet.hu\\\/online\\\/magazin\\\/felszereles\\\/uj-425-mm-portre-es-30-mm-makro-panasonic-lumix-g-objektiv\\\/#respond\"]}]},{\"@type\":\"WebPage\",\"@id\":\"https:\\\/\\\/photonet.hu\\\/online\\\/magazin\\\/felszereles\\\/uj-425-mm-portre-es-30-mm-makro-panasonic-lumix-g-objektiv\\\/\",\"url\":\"https:\\\/\\\/photonet.hu\\\/online\\\/magazin\\\/felszereles\\\/uj-425-mm-portre-es-30-mm-makro-panasonic-lumix-g-objektiv\\\/\",\"name\":\"\u00daj 42,5 mm portr\u00e9 \u00e9s 30 mm makr\u00f3 Panasonic LUMIX G objekt\u00edv - Photonet\",\"isPartOf\":{\"@id\":\"\\\/#website\"},\"primaryImageOfPage\":{\"@id\":\"https:\\\/\\\/photonet.hu\\\/online\\\/magazin\\\/felszereles\\\/uj-425-mm-portre-es-30-mm-makro-panasonic-lumix-g-objektiv\\\/#primaryimage\"},\"image\":{\"@id\":\"https:\\\/\\\/photonet.hu\\\/online\\\/magazin\\\/felszereles\\\/uj-425-mm-portre-es-30-mm-makro-panasonic-lumix-g-objektiv\\\/#primaryimage\"},\"thumbnailUrl\":\"https:\\\/\\\/photonet.hu\\\/online\\\/wp-content\\\/uploads\\\/2015\\\/02\\\/panasonic_lumix_g_30_macro.jpg\",\"datePublished\":\"2015-02-24T10:30:35+00:00\",\"description\":\"A Panasonic k\u00e9t \u00faj csereobjekt\u00edvet mutatott be a Micro 4\\\/3 rendszer\u0171 LUMIX G f\u00e9nyk\u00e9pez\u0151g\u00e9pek sz\u00e1m\u00e1ra. Ezek a H-HS030 makroobjekt\u00edv 30 mm gy\u00fajt\u00f3t\u00e1vols\u00e1ggal, valamint a H-HS043 (42,5 mm) portr\u00e9k\u00e9sz\u00edt\u0151 objekt\u00edv\",\"breadcrumb\":{\"@id\":\"https:\\\/\\\/photonet.hu\\\/online\\\/magazin\\\/felszereles\\\/uj-425-mm-portre-es-30-mm-makro-panasonic-lumix-g-objektiv\\\/#breadcrumb\"},\"inLanguage\":\"hu\",\"potentialAction\":[{\"@type\":\"ReadAction\",\"target\":[\"https:\\\/\\\/photonet.hu\\\/online\\\/magazin\\\/felszereles\\\/uj-425-mm-portre-es-30-mm-makro-panasonic-lumix-g-objektiv\\\/\"]}]},{\"@type\":\"ImageObject\",\"inLanguage\":\"hu\",\"@id\":\"https:\\\/\\\/photonet.hu\\\/online\\\/magazin\\\/felszereles\\\/uj-425-mm-portre-es-30-mm-makro-panasonic-lumix-g-objektiv\\\/#primaryimage\",\"url\":\"https:\\\/\\\/photonet.hu\\\/online\\\/wp-content\\\/uploads\\\/2015\\\/02\\\/panasonic_lumix_g_30_macro.jpg\",\"contentUrl\":\"https:\\\/\\\/photonet.hu\\\/online\\\/wp-content\\\/uploads\\\/2015\\\/02\\\/panasonic_lumix_g_30_macro.jpg\",\"width\":800,\"height\":588,\"caption\":\"30 mm gy\u00fajt\u00f3t\u00e1vols\u00e1g\u00fa \u00e9s f2,8 f\u00e9nyerej\u0171 H-HS030 makroobjekt\u00edv\"},{\"@type\":\"BreadcrumbList\",\"@id\":\"https:\\\/\\\/photonet.hu\\\/online\\\/magazin\\\/felszereles\\\/uj-425-mm-portre-es-30-mm-makro-panasonic-lumix-g-objektiv\\\/#breadcrumb\",\"itemListElement\":[{\"@type\":\"ListItem\",\"position\":1,\"name\":\"Kezd\u0151lap\",\"item\":\"https:\\\/\\\/photonet.hu\\\/online\\\/\"},{\"@type\":\"ListItem\",\"position\":2,\"name\":\"\u00daj 42,5 mm portr\u00e9 \u00e9s 30 mm makr\u00f3 Panasonic LUMIX G objekt\u00edv\"}]},{\"@type\":\"WebSite\",\"@id\":\"\\\/#website\",\"url\":\"\\\/\",\"name\":\"Photonet\",\"description\":\"Photonet - online fot\u00f3s magazin\",\"publisher\":{\"@id\":\"\\\/#organization\"},\"potentialAction\":[{\"@type\":\"SearchAction\",\"target\":{\"@type\":\"EntryPoint\",\"urlTemplate\":\"\\\/?s={search_term_string}\"},\"query-input\":{\"@type\":\"PropertyValueSpecification\",\"valueRequired\":true,\"valueName\":\"search_term_string\"}}],\"inLanguage\":\"hu\"},{\"@type\":\"Organization\",\"@id\":\"\\\/#organization\",\"name\":\"Photonet\",\"url\":\"\\\/\",\"logo\":{\"@type\":\"ImageObject\",\"inLanguage\":\"hu\",\"@id\":\"\\\/#\\\/schema\\\/logo\\\/image\\\/\",\"url\":\"https:\\\/\\\/photonet.hu\\\/online\\\/wp-content\\\/uploads\\\/2026\\\/02\\\/photonet_lens_shutter_512.png\",\"contentUrl\":\"https:\\\/\\\/photonet.hu\\\/online\\\/wp-content\\\/uploads\\\/2026\\\/02\\\/photonet_lens_shutter_512.png\",\"width\":512,\"height\":512,\"caption\":\"Photonet\"},\"image\":{\"@id\":\"\\\/#\\\/schema\\\/logo\\\/image\\\/\"},\"sameAs\":[\"https:\\\/\\\/www.facebook.com\\\/photonet.hu\",\"https:\\\/\\\/x.com\\\/photonethu\",\"https:\\\/\\\/www.pinterest.com\\\/acsienator\\\/photography\\\/\"]},{\"@type\":\"Person\",\"@id\":\"\\\/#\\\/schema\\\/person\\\/b8065e4118b8cea4068716ccbdd92f94\",\"name\":\"photonet\",\"image\":{\"@type\":\"ImageObject\",\"inLanguage\":\"hu\",\"@id\":\"https:\\\/\\\/secure.gravatar.com\\\/avatar\\\/7c91ab952e1e196e2bf6641a013b7b971ffa12946ddbf0f05fb85f62d3433ce2?s=96&d=mm&r=g\",\"url\":\"https:\\\/\\\/secure.gravatar.com\\\/avatar\\\/7c91ab952e1e196e2bf6641a013b7b971ffa12946ddbf0f05fb85f62d3433ce2?s=96&d=mm&r=g\",\"contentUrl\":\"https:\\\/\\\/secure.gravatar.com\\\/avatar\\\/7c91ab952e1e196e2bf6641a013b7b971ffa12946ddbf0f05fb85f62d3433ce2?s=96&d=mm&r=g\",\"caption\":\"photonet\"},\"description\":\"szerkeszt\u0151 - photonet, online fot\u00f3s magazin\",\"sameAs\":[\"http:\\\/\\\/photonet.hu\",\"https:\\\/\\\/www.facebook.com\\\/photonet.hu\",\"https:\\\/\\\/x.com\\\/https:\\\/\\\/x.com\\\/photonethu\"],\"url\":\"https:\\\/\\\/photonet.hu\\\/online\\\/author\\\/photonet\\\/\"}]}<\/script>\n<!-- \/ Yoast SEO plugin. -->","yoast_head_json":{"title":"\u00daj 42,5 mm portr\u00e9 \u00e9s 30 mm makr\u00f3 Panasonic LUMIX G objekt\u00edv - Photonet","description":"A Panasonic k\u00e9t \u00faj csereobjekt\u00edvet mutatott be a Micro 4\/3 rendszer\u0171 LUMIX G f\u00e9nyk\u00e9pez\u0151g\u00e9pek sz\u00e1m\u00e1ra. Ezek a H-HS030 makroobjekt\u00edv 30 mm gy\u00fajt\u00f3t\u00e1vols\u00e1ggal, valamint a H-HS043 (42,5 mm) portr\u00e9k\u00e9sz\u00edt\u0151 objekt\u00edv","robots":{"index":"index","follow":"follow","max-snippet":"max-snippet:-1","max-image-preview":"max-image-preview:large","max-video-preview":"max-video-preview:-1"},"canonical":"https:\/\/photonet.hu\/online\/magazin\/felszereles\/uj-425-mm-portre-es-30-mm-makro-panasonic-lumix-g-objektiv\/","og_locale":"hu_HU","og_type":"article","og_title":"\u00daj 42,5 mm portr\u00e9 \u00e9s 30 mm makr\u00f3 Panasonic LUMIX G objekt\u00edv - Photonet","og_description":"A Panasonic k\u00e9t \u00faj csereobjekt\u00edvet mutatott be a Micro 4\/3 rendszer\u0171 LUMIX G f\u00e9nyk\u00e9pez\u0151g\u00e9pek sz\u00e1m\u00e1ra. Ezek a H-HS030 makroobjekt\u00edv 30 mm gy\u00fajt\u00f3t\u00e1vols\u00e1ggal, valamint a H-HS043 (42,5 mm) portr\u00e9k\u00e9sz\u00edt\u0151 objekt\u00edv","og_url":"https:\/\/photonet.hu\/online\/magazin\/felszereles\/uj-425-mm-portre-es-30-mm-makro-panasonic-lumix-g-objektiv\/","og_site_name":"Photonet","article_publisher":"https:\/\/www.facebook.com\/photonet.hu","article_author":"https:\/\/www.facebook.com\/photonet.hu","article_published_time":"2015-02-24T10:30:35+00:00","og_image":[{"width":800,"height":588,"url":"https:\/\/photonet.hu\/online\/wp-content\/uploads\/2015\/02\/panasonic_lumix_g_30_macro.jpg","type":"image\/jpeg"}],"author":"photonet","twitter_card":"summary_large_image","twitter_creator":"@https:\/\/x.com\/photonethu","twitter_site":"@photonethu","twitter_misc":{"Szerz\u0151:":"photonet","Becs\u00fclt olvas\u00e1si id\u0151":"4 perc"},"schema":{"@context":"https:\/\/schema.org","@graph":[{"@type":"Article","@id":"https:\/\/photonet.hu\/online\/magazin\/felszereles\/uj-425-mm-portre-es-30-mm-makro-panasonic-lumix-g-objektiv\/#article","isPartOf":{"@id":"https:\/\/photonet.hu\/online\/magazin\/felszereles\/uj-425-mm-portre-es-30-mm-makro-panasonic-lumix-g-objektiv\/"},"author":{"name":"photonet","@id":"\/#\/schema\/person\/b8065e4118b8cea4068716ccbdd92f94"},"headline":"\u00daj 42,5 mm portr\u00e9 \u00e9s 30 mm makr\u00f3 Panasonic LUMIX G objekt\u00edv","datePublished":"2015-02-24T10:30:35+00:00","mainEntityOfPage":{"@id":"https:\/\/photonet.hu\/online\/magazin\/felszereles\/uj-425-mm-portre-es-30-mm-makro-panasonic-lumix-g-objektiv\/"},"wordCount":837,"commentCount":0,"publisher":{"@id":"\/#organization"},"image":{"@id":"https:\/\/photonet.hu\/online\/magazin\/felszereles\/uj-425-mm-portre-es-30-mm-makro-panasonic-lumix-g-objektiv\/#primaryimage"},"thumbnailUrl":"https:\/\/photonet.hu\/online\/wp-content\/uploads\/2015\/02\/panasonic_lumix_g_30_macro.jpg","keywords":["objekt\u00edv","panasonic","tech"],"articleSection":["Felszerel\u00e9s"],"inLanguage":"hu","potentialAction":[{"@type":"CommentAction","name":"Comment","target":["https:\/\/photonet.hu\/online\/magazin\/felszereles\/uj-425-mm-portre-es-30-mm-makro-panasonic-lumix-g-objektiv\/#respond"]}]},{"@type":"WebPage","@id":"https:\/\/photonet.hu\/online\/magazin\/felszereles\/uj-425-mm-portre-es-30-mm-makro-panasonic-lumix-g-objektiv\/","url":"https:\/\/photonet.hu\/online\/magazin\/felszereles\/uj-425-mm-portre-es-30-mm-makro-panasonic-lumix-g-objektiv\/","name":"\u00daj 42,5 mm portr\u00e9 \u00e9s 30 mm makr\u00f3 Panasonic LUMIX G objekt\u00edv - Photonet","isPartOf":{"@id":"\/#website"},"primaryImageOfPage":{"@id":"https:\/\/photonet.hu\/online\/magazin\/felszereles\/uj-425-mm-portre-es-30-mm-makro-panasonic-lumix-g-objektiv\/#primaryimage"},"image":{"@id":"https:\/\/photonet.hu\/online\/magazin\/felszereles\/uj-425-mm-portre-es-30-mm-makro-panasonic-lumix-g-objektiv\/#primaryimage"},"thumbnailUrl":"https:\/\/photonet.hu\/online\/wp-content\/uploads\/2015\/02\/panasonic_lumix_g_30_macro.jpg","datePublished":"2015-02-24T10:30:35+00:00","description":"A Panasonic k\u00e9t \u00faj csereobjekt\u00edvet mutatott be a Micro 4\/3 rendszer\u0171 LUMIX G f\u00e9nyk\u00e9pez\u0151g\u00e9pek sz\u00e1m\u00e1ra. Ezek a H-HS030 makroobjekt\u00edv 30 mm gy\u00fajt\u00f3t\u00e1vols\u00e1ggal, valamint a H-HS043 (42,5 mm) portr\u00e9k\u00e9sz\u00edt\u0151 objekt\u00edv","breadcrumb":{"@id":"https:\/\/photonet.hu\/online\/magazin\/felszereles\/uj-425-mm-portre-es-30-mm-makro-panasonic-lumix-g-objektiv\/#breadcrumb"},"inLanguage":"hu","potentialAction":[{"@type":"ReadAction","target":["https:\/\/photonet.hu\/online\/magazin\/felszereles\/uj-425-mm-portre-es-30-mm-makro-panasonic-lumix-g-objektiv\/"]}]},{"@type":"ImageObject","inLanguage":"hu","@id":"https:\/\/photonet.hu\/online\/magazin\/felszereles\/uj-425-mm-portre-es-30-mm-makro-panasonic-lumix-g-objektiv\/#primaryimage","url":"https:\/\/photonet.hu\/online\/wp-content\/uploads\/2015\/02\/panasonic_lumix_g_30_macro.jpg","contentUrl":"https:\/\/photonet.hu\/online\/wp-content\/uploads\/2015\/02\/panasonic_lumix_g_30_macro.jpg","width":800,"height":588,"caption":"30 mm gy\u00fajt\u00f3t\u00e1vols\u00e1g\u00fa \u00e9s f2,8 f\u00e9nyerej\u0171 H-HS030 makroobjekt\u00edv"},{"@type":"BreadcrumbList","@id":"https:\/\/photonet.hu\/online\/magazin\/felszereles\/uj-425-mm-portre-es-30-mm-makro-panasonic-lumix-g-objektiv\/#breadcrumb","itemListElement":[{"@type":"ListItem","position":1,"name":"Kezd\u0151lap","item":"https:\/\/photonet.hu\/online\/"},{"@type":"ListItem","position":2,"name":"\u00daj 42,5 mm portr\u00e9 \u00e9s 30 mm makr\u00f3 Panasonic LUMIX G objekt\u00edv"}]},{"@type":"WebSite","@id":"\/#website","url":"\/","name":"Photonet","description":"Photonet - online fot\u00f3s magazin","publisher":{"@id":"\/#organization"},"potentialAction":[{"@type":"SearchAction","target":{"@type":"EntryPoint","urlTemplate":"\/?s={search_term_string}"},"query-input":{"@type":"PropertyValueSpecification","valueRequired":true,"valueName":"search_term_string"}}],"inLanguage":"hu"},{"@type":"Organization","@id":"\/#organization","name":"Photonet","url":"\/","logo":{"@type":"ImageObject","inLanguage":"hu","@id":"\/#\/schema\/logo\/image\/","url":"https:\/\/photonet.hu\/online\/wp-content\/uploads\/2026\/02\/photonet_lens_shutter_512.png","contentUrl":"https:\/\/photonet.hu\/online\/wp-content\/uploads\/2026\/02\/photonet_lens_shutter_512.png","width":512,"height":512,"caption":"Photonet"},"image":{"@id":"\/#\/schema\/logo\/image\/"},"sameAs":["https:\/\/www.facebook.com\/photonet.hu","https:\/\/x.com\/photonethu","https:\/\/www.pinterest.com\/acsienator\/photography\/"]},{"@type":"Person","@id":"\/#\/schema\/person\/b8065e4118b8cea4068716ccbdd92f94","name":"photonet","image":{"@type":"ImageObject","inLanguage":"hu","@id":"https:\/\/secure.gravatar.com\/avatar\/7c91ab952e1e196e2bf6641a013b7b971ffa12946ddbf0f05fb85f62d3433ce2?s=96&d=mm&r=g","url":"https:\/\/secure.gravatar.com\/avatar\/7c91ab952e1e196e2bf6641a013b7b971ffa12946ddbf0f05fb85f62d3433ce2?s=96&d=mm&r=g","contentUrl":"https:\/\/secure.gravatar.com\/avatar\/7c91ab952e1e196e2bf6641a013b7b971ffa12946ddbf0f05fb85f62d3433ce2?s=96&d=mm&r=g","caption":"photonet"},"description":"szerkeszt\u0151 - photonet, online fot\u00f3s magazin","sameAs":["http:\/\/photonet.hu","https:\/\/www.facebook.com\/photonet.hu","https:\/\/x.com\/https:\/\/x.com\/photonethu"],"url":"https:\/\/photonet.hu\/online\/author\/photonet\/"}]}},"_links":{"self":[{"href":"https:\/\/photonet.hu\/online\/wp-json\/wp\/v2\/posts\/956","targetHints":{"allow":["GET"]}}],"collection":[{"href":"https:\/\/photonet.hu\/online\/wp-json\/wp\/v2\/posts"}],"about":[{"href":"https:\/\/photonet.hu\/online\/wp-json\/wp\/v2\/types\/post"}],"author":[{"embeddable":true,"href":"https:\/\/photonet.hu\/online\/wp-json\/wp\/v2\/users\/1"}],"replies":[{"embeddable":true,"href":"https:\/\/photonet.hu\/online\/wp-json\/wp\/v2\/comments?post=956"}],"version-history":[{"count":0,"href":"https:\/\/photonet.hu\/online\/wp-json\/wp\/v2\/posts\/956\/revisions"}],"wp:featuredmedia":[{"embeddable":true,"href":"https:\/\/photonet.hu\/online\/wp-json\/wp\/v2\/media\/958"}],"wp:attachment":[{"href":"https:\/\/photonet.hu\/online\/wp-json\/wp\/v2\/media?parent=956"}],"wp:term":[{"taxonomy":"category","embeddable":true,"href":"https:\/\/photonet.hu\/online\/wp-json\/wp\/v2\/categories?post=956"},{"taxonomy":"post_tag","embeddable":true,"href":"https:\/\/photonet.hu\/online\/wp-json\/wp\/v2\/tags?post=956"}],"curies":[{"name":"wp","href":"https:\/\/api.w.org\/{rel}","templated":true}]}}