{"id":801,"date":"2014-12-09T15:16:29","date_gmt":"2014-12-09T13:16:29","guid":{"rendered":"https:\/\/photonet.hu\/online\/?p=801"},"modified":"2014-12-09T15:20:09","modified_gmt":"2014-12-09T13:20:09","slug":"az-lg-g3-okostelefon-fotos-tesztje","status":"publish","type":"post","link":"https:\/\/photonet.hu\/online\/hirek\/az-lg-g3-okostelefon-fotos-tesztje\/","title":{"rendered":"Az LG G3 okostelefon fot\u00f3s tesztje"},"content":{"rendered":"<p>Az okostelefonok tud\u00e1sban, funkcionalit\u00e1sban m\u00e1ra messze meghaladj\u00e1k amit egy mobiltelefont\u00f3l elv\u00e1r az ember. Az LG leg\u00fajabb G3-as modellj\u00e9n\u00e9l alapvet\u0151en arra voltunk k\u00edv\u00e1ncsiak, hogy mit tud, mint f\u00e9nyk\u00e9pez\u0151g\u00e9p.<\/p>\n<p>Term\u00e9szetesen az nem v\u00e1rhat\u00f3 el egy telfont\u00f3l, hogy professzion\u00e1lis lehet\u0151s\u00e9geket biztos\u00edtson a fot\u00f3z\u00e1shoz, \u00e9s a vide\u00f3 alkalmaz\u00e1sokban.<\/p>\n<p>Az LG k\u00e9sz\u00fcl\u00e9k\u00e9nek els\u0151 szembet\u0171n\u0151 funkci\u00f3ja a Quad HD kijelz\u0151, ami 3,6 milli\u00f3 pixelt s\u0171r\u00edt be a 5,5&#8243;-os kijelz\u0151j\u00e9be. Az biztos, hogy nagyon j\u00f3 a kijelz\u0151re r\u00e1n\u00e9zni, a fot\u00f3kat, vide\u00f3t visszan\u00e9zni rajta, vagy ak\u00e1r csak az internetet b\u00f6ng\u00e9szni.<\/p>\n<p>A G3-ba egy 13 MegaPixeles kamer\u00e1t \u00e9p\u00edtettek be, ami felbont\u00e1sban b\u0151ven sok is egy telefonhoz, f\u0151leg szem el\u0151tt tartva, hogy m\u00e1r HDR felbont\u00e1sban is 5 MB-os fot\u00f3kat k\u00e9sz\u00edthet\u00fcnk. Ezeket a fot\u00f3kat \u00e1ltal\u00e1ban a telefonon, laptopon, vagy sz\u00e1m\u00edt\u00f3g\u00e9pen n\u00e9zz\u00fck vissza, ahol ez a felbont\u00e1s b\u0151ven elegend\u0151. Ha \u00f3ri\u00e1splak\u00e1tot akarunk nyomtatni \u00fagyis profi f\u00e9nyk\u00e9pez\u0151g\u00e9ppel fogunk fot\u00f3zni, illetve megb\u00edzunk egy profi fot\u00f3st, hogy k\u00e9sz\u00edtse el a k\u00e9peket.<\/p>\n<p>A leg\u00e9rdekesebb funkci\u00f3 a l\u00e9zeres aut\u00f3f\u00f3kusz, amire k\u00edv\u00e1ncsiak voltunk. Ezzel a funkci\u00f3val gyorsabb a f\u00f3kusz\u00e1l\u00e1si id\u0151, mivel a t\u00e1rgy t\u00e1vols\u00e1g\u00e1t a rendszer l\u00e9zerrel m\u00e9ri be. Ez k\u00fcl\u00f6n\u00f6sen akkor \u00e9rdekes, ha fot\u00f3 m\u00f3dban t\u00f6bb k\u00e9pet is k\u00e9sz\u00edt\u00fcnk egym\u00e1s ut\u00e1n (sorozatfelv\u00e9tel), r\u00e1ad\u00e1sul ezt mozg\u00e1sban tessz\u00fck, mert ez lehet\u0151v\u00e9 teszi, hogy a t\u00e1rgy mind\u00edg f\u00f3kuszban maradjon. Vide\u00f3 m\u00f3dban szint\u00e9n \u00e9rdekes, hogy milyen gyorsan tud a felv\u00e9tel k\u00f6zben reag\u00e1lni a rendszer az elmozdul\u00e1sokra, milyen hamar f\u00f3kusz\u00e1l a kamera.<\/p>\n<p>A k\u00e9pet t\u00f6bbf\u00e9lek\u00e9ppen is expon\u00e1lhatjuk. A &#8222;hagyom\u00e1nyos&#8221; m\u00f3don (m\u00e1r ami hagyom\u00e1nyosnak mondhat\u00f3 egy mobiltelefonn\u00e1l), meg\u00e9rintve az expon\u00e1l\u00e1s gombot, vagy meg\u00e9rinthetj\u00fck a kiv\u00e1lasztott t\u00e1rgyat is a kijelz\u0151n, ez\u00e1ltal a rendszer erre a pontra \u00e1ll\u00edt f\u00f3kuszt \u00e9s expoz\u00edci\u00f3t. Emellett azt is mondhatjuk a telefonnak, hogy &#8222;cs\u00ed\u00ed\u00ed\u00edz&#8221; \u00e9s erre a telefon expon\u00e1lni fog (amennyiben a funkci\u00f3 enged\u00e9lyezve van a be\u00e1ll\u00edt\u00e1sokn\u00e1l). Kipr\u00f3b\u00e1ltuk. M\u0171k\u00f6dik. Ez amolyan 21. sz\u00e1zadi t\u00e1vkiold\u00f3.<\/p>\n<p>Az el\u0151lapi kamera 2,1 MegaPixeles \u00e9s nagyobb l\u00e1t\u00f3sz\u00f6ggel rendelkezik, ez\u00e1ltal t\u00f6bben is belef\u00e9rnek egy &#8222;Selfie&#8221; fot\u00f3ba, illetve egy vide\u00f3telefon alkalmaz\u00e1sn\u00e1l nem kell jobban eltartani, hogy belef\u00e9rj\u00fcnk a vide\u00f3 ablakba.<\/p>\n<p>Az LG itt is el\u0151rukkolt egy hasznos funkci\u00f3val; ha \u00f6k\u00f6lbe szor\u00edtjuk a kez\u00fcnket elind\u00edtjuk az id\u0151z\u00edt\u0151t, ami hasznos lehet, ha nem akarjuk, hogy az egyik kez\u00fcnk \u00e1lland\u00f3an benne legyen a &#8222;Selfie&#8221;-ben, vagy t\u00f6bbedmagunkkal akarunk a k\u00e9pen lenni \u00e9s nem tudjuk a kijelz\u0151t meg\u00e9rinteni.<\/p>\n<p>[notice]Tipp: Az el\u0151lapi kamer\u00e1t haszn\u00e1lva a kijelz\u0151t haszn\u00e1lhatjuk der\u00edt\u00e9snek, hogy egy kicsit jobban mergvil\u00e1g\u00edtsuk magunkat. A G3 kijelz\u0151je ilyenkor feh\u00e9rbe megy \u00e1t \u00e9s vakuk\u00e9nt funkcion\u00e1l.[\/notice]<\/p>\n<p>\u00d6sszess\u00e9g\u00e9ben a LG G3-assal eg\u00e9sz j\u00f3 fot\u00f3kat lehet k\u00e9sz\u00edteni. De ett\u0151l m\u00e9g tov\u00e1bbra is tartjuk azt az \u00e1ll\u00e1spontunkat, hogy egy telefon m\u00e9g mind\u00edg nem helyettes\u00edt egy digit\u00e1lis f\u00e9nyk\u00e9pez\u0151g\u00e9t. Nem is ez a feladata. De ha munk\u00e1ba menet, mindennapi tev\u00e9kenys\u00e9g\u00fcnk k\u00f6zben nincs \u00e9ppen n\u00e1lunk a f\u00e9nyk\u00e9pez\u0151g\u00e9p, de zseb\u00fcnkben van a telefon, akkor ezzel minden gond n\u00e9lk\u00fcl megoldhatjuk fot\u00f3z\u00e1si helyzet\u00fcnket. Ann\u00e1l egy kicsit t\u00f6bbet is.<\/p>\n<h2>LG G3 okostelefon fot\u00f3 funkci\u00f3k<\/h2>\n<ul>\n<li>Panor\u00e1ma m\u00f3d &#8211; 180 fokos panor\u00e1ma fot\u00f3 k\u00e9sz\u00edthet\u0151<\/li>\n<li>Kett\u0151s kamera &#8211; egyszerre fot\u00f3z a 2 kamera, a k\u00e9pek egym\u00e1sba \u00e1gyazva menti el<\/li>\n<li>M\u00e1gikus f\u00f3kusz &#8211; a f\u00f3kuszt\u00e1vols\u00e1g ut\u00f3lag be\u00e1ll\u00edthat\u00f3 a fot\u00f3n<\/li>\n<li>HDR &#8211; dinamikus t\u00f3nus \u00fczemm\u00f3dban a kamera t\u00f6bb felv\u00e9telt k\u00e9sz\u00edt \u00e9s ezekb\u0151l szoftveresen \u00e1ll\u00edtja el\u0151 a szerinte legmegfelel\u0151bb fot\u00f3t<\/li>\n<li>Az el\u0151lapi kamera nagyobb k\u00e9p\u00e9rz\u00e9kel\u0151vel \u00e9s f\u00e9nyrekesszel ell\u00e1tva<\/li>\n<li>Optikai k\u00e9pstabiliz\u00e1tor (OIS)<\/li>\n<li>Dupla LED vaku<\/li>\n<li>L\u00e9zeres f\u00f3kusz \u00e1ll\u00edt\u00e1s &#8211; kev\u00e9s f\u00e9nyn\u00e9l is pontosabb, gyorsabb f\u00f3kusz\u00e1l\u00e1s<\/li>\n<li>Kijelz\u0151 felbont\u00e1s: 2560 x 1440 (QHD)<\/li>\n<li>Kijelz\u0151 m\u00e9ret: 5.5&#8243;<\/li>\n<li>H\u00e1tlapi kamera: 13MP<\/li>\n<li>K\u00e9pfelbont\u00e1s (MP): 13MP(4160&#215;3120), W10M(4160X2340), 9M(3120X3120), 3M(2048X1536)<\/li>\n<li>El\u0151lapi kamera (VT): 2.1MP<\/li>\n<li>Digit\u00e1lis zoom: 8x<\/li>\n<li>Maximum videofelbont\u00e1s &#8211; k\u00e9pkocka\/m\u00e1sodperc: UHD(3840&#215;2160), FHD(1920&#215;1080), HD(1280&#215;720), 120HD(SLOW MOTION 1280&#215;720)<\/li>\n<\/ul>\n<h2>Fot\u00f3 gal\u00e9ria<\/h2>\n<div id='gallery-1' class='gallery galleryid-801 gallery-columns-3 gallery-size-wcsmall'><figure class='gallery-item'>\n\t\t\t<div class='gallery-icon portrait'>\n\t\t\t\t<a href='https:\/\/photonet.hu\/online\/wp-content\/uploads\/2014\/12\/g3_taban_lepcso.jpg'><img decoding=\"async\" width=\"450\" height=\"800\" src=\"https:\/\/photonet.hu\/online\/wp-content\/uploads\/2014\/12\/g3_taban_lepcso.jpg\" class=\"attachment-wcsmall size-wcsmall\" alt=\"\" srcset=\"https:\/\/photonet.hu\/online\/wp-content\/uploads\/2014\/12\/g3_taban_lepcso.jpg 450w, https:\/\/photonet.hu\/online\/wp-content\/uploads\/2014\/12\/g3_taban_lepcso-169x300.jpg 169w, https:\/\/photonet.hu\/online\/wp-content\/uploads\/2014\/12\/g3_taban_lepcso-236x420.jpg 236w, https:\/\/photonet.hu\/online\/wp-content\/uploads\/2014\/12\/g3_taban_lepcso-150x267.jpg 150w, https:\/\/photonet.hu\/online\/wp-content\/uploads\/2014\/12\/g3_taban_lepcso-300x533.jpg 300w\" sizes=\"(max-width: 450px) 100vw, 450px\" \/><\/a>\n\t\t\t<\/div><\/figure><figure class='gallery-item'>\n\t\t\t<div class='gallery-icon landscape'>\n\t\t\t\t<a href='https:\/\/photonet.hu\/online\/wp-content\/uploads\/2014\/12\/g3_budai_var_taban.jpg'><img decoding=\"async\" width=\"800\" height=\"450\" src=\"https:\/\/photonet.hu\/online\/wp-content\/uploads\/2014\/12\/g3_budai_var_taban.jpg\" class=\"attachment-wcsmall size-wcsmall\" alt=\"\" srcset=\"https:\/\/photonet.hu\/online\/wp-content\/uploads\/2014\/12\/g3_budai_var_taban.jpg 800w, https:\/\/photonet.hu\/online\/wp-content\/uploads\/2014\/12\/g3_budai_var_taban-300x169.jpg 300w, https:\/\/photonet.hu\/online\/wp-content\/uploads\/2014\/12\/g3_budai_var_taban-768x432.jpg 768w, https:\/\/photonet.hu\/online\/wp-content\/uploads\/2014\/12\/g3_budai_var_taban-747x420.jpg 747w, https:\/\/photonet.hu\/online\/wp-content\/uploads\/2014\/12\/g3_budai_var_taban-150x84.jpg 150w, https:\/\/photonet.hu\/online\/wp-content\/uploads\/2014\/12\/g3_budai_var_taban-696x392.jpg 696w\" sizes=\"(max-width: 800px) 100vw, 800px\" \/><\/a>\n\t\t\t<\/div><\/figure><figure class='gallery-item'>\n\t\t\t<div class='gallery-icon portrait'>\n\t\t\t\t<a href='https:\/\/photonet.hu\/online\/wp-content\/uploads\/2014\/12\/g3_taban_fa_pad.jpg'><img decoding=\"async\" width=\"600\" height=\"800\" src=\"https:\/\/photonet.hu\/online\/wp-content\/uploads\/2014\/12\/g3_taban_fa_pad.jpg\" class=\"attachment-wcsmall size-wcsmall\" alt=\"\" srcset=\"https:\/\/photonet.hu\/online\/wp-content\/uploads\/2014\/12\/g3_taban_fa_pad.jpg 600w, https:\/\/photonet.hu\/online\/wp-content\/uploads\/2014\/12\/g3_taban_fa_pad-315x420.jpg 315w, https:\/\/photonet.hu\/online\/wp-content\/uploads\/2014\/12\/g3_taban_fa_pad-150x200.jpg 150w, https:\/\/photonet.hu\/online\/wp-content\/uploads\/2014\/12\/g3_taban_fa_pad-300x400.jpg 300w, https:\/\/photonet.hu\/online\/wp-content\/uploads\/2014\/12\/g3_taban_fa_pad-225x300.jpg 225w\" sizes=\"(max-width: 600px) 100vw, 600px\" \/><\/a>\n\t\t\t<\/div><\/figure><figure class='gallery-item'>\n\t\t\t<div class='gallery-icon landscape'>\n\t\t\t\t<a href='https:\/\/photonet.hu\/online\/wp-content\/uploads\/2014\/12\/g3_kutya_jatszik.jpg'><img decoding=\"async\" width=\"800\" height=\"450\" src=\"https:\/\/photonet.hu\/online\/wp-content\/uploads\/2014\/12\/g3_kutya_jatszik.jpg\" class=\"attachment-wcsmall size-wcsmall\" alt=\"\" srcset=\"https:\/\/photonet.hu\/online\/wp-content\/uploads\/2014\/12\/g3_kutya_jatszik.jpg 800w, https:\/\/photonet.hu\/online\/wp-content\/uploads\/2014\/12\/g3_kutya_jatszik-300x169.jpg 300w, https:\/\/photonet.hu\/online\/wp-content\/uploads\/2014\/12\/g3_kutya_jatszik-768x432.jpg 768w, https:\/\/photonet.hu\/online\/wp-content\/uploads\/2014\/12\/g3_kutya_jatszik-747x420.jpg 747w, https:\/\/photonet.hu\/online\/wp-content\/uploads\/2014\/12\/g3_kutya_jatszik-150x84.jpg 150w, https:\/\/photonet.hu\/online\/wp-content\/uploads\/2014\/12\/g3_kutya_jatszik-696x392.jpg 696w\" sizes=\"(max-width: 800px) 100vw, 800px\" \/><\/a>\n\t\t\t<\/div><\/figure><figure class='gallery-item'>\n\t\t\t<div class='gallery-icon landscape'>\n\t\t\t\t<a href='https:\/\/photonet.hu\/online\/wp-content\/uploads\/2014\/12\/g3_parlament_esti_kivilagitas.jpg'><img decoding=\"async\" width=\"800\" height=\"600\" src=\"https:\/\/photonet.hu\/online\/wp-content\/uploads\/2014\/12\/g3_parlament_esti_kivilagitas.jpg\" class=\"attachment-wcsmall size-wcsmall\" alt=\"\" srcset=\"https:\/\/photonet.hu\/online\/wp-content\/uploads\/2014\/12\/g3_parlament_esti_kivilagitas.jpg 800w, https:\/\/photonet.hu\/online\/wp-content\/uploads\/2014\/12\/g3_parlament_esti_kivilagitas-768x576.jpg 768w, https:\/\/photonet.hu\/online\/wp-content\/uploads\/2014\/12\/g3_parlament_esti_kivilagitas-560x420.jpg 560w, https:\/\/photonet.hu\/online\/wp-content\/uploads\/2014\/12\/g3_parlament_esti_kivilagitas-80x60.jpg 80w, https:\/\/photonet.hu\/online\/wp-content\/uploads\/2014\/12\/g3_parlament_esti_kivilagitas-150x113.jpg 150w, https:\/\/photonet.hu\/online\/wp-content\/uploads\/2014\/12\/g3_parlament_esti_kivilagitas-300x225.jpg 300w, https:\/\/photonet.hu\/online\/wp-content\/uploads\/2014\/12\/g3_parlament_esti_kivilagitas-696x522.jpg 696w, https:\/\/photonet.hu\/online\/wp-content\/uploads\/2014\/12\/g3_parlament_esti_kivilagitas-265x198.jpg 265w\" sizes=\"(max-width: 800px) 100vw, 800px\" \/><\/a>\n\t\t\t<\/div><\/figure><figure class='gallery-item'>\n\t\t\t<div class='gallery-icon landscape'>\n\t\t\t\t<a href='https:\/\/photonet.hu\/online\/wp-content\/uploads\/2014\/12\/g3_szabadsag_hid.jpg'><img decoding=\"async\" width=\"800\" height=\"600\" src=\"https:\/\/photonet.hu\/online\/wp-content\/uploads\/2014\/12\/g3_szabadsag_hid.jpg\" class=\"attachment-wcsmall size-wcsmall\" alt=\"\" srcset=\"https:\/\/photonet.hu\/online\/wp-content\/uploads\/2014\/12\/g3_szabadsag_hid.jpg 800w, https:\/\/photonet.hu\/online\/wp-content\/uploads\/2014\/12\/g3_szabadsag_hid-768x576.jpg 768w, https:\/\/photonet.hu\/online\/wp-content\/uploads\/2014\/12\/g3_szabadsag_hid-560x420.jpg 560w, https:\/\/photonet.hu\/online\/wp-content\/uploads\/2014\/12\/g3_szabadsag_hid-80x60.jpg 80w, https:\/\/photonet.hu\/online\/wp-content\/uploads\/2014\/12\/g3_szabadsag_hid-150x113.jpg 150w, https:\/\/photonet.hu\/online\/wp-content\/uploads\/2014\/12\/g3_szabadsag_hid-300x225.jpg 300w, https:\/\/photonet.hu\/online\/wp-content\/uploads\/2014\/12\/g3_szabadsag_hid-696x522.jpg 696w, https:\/\/photonet.hu\/online\/wp-content\/uploads\/2014\/12\/g3_szabadsag_hid-265x198.jpg 265w\" sizes=\"(max-width: 800px) 100vw, 800px\" \/><\/a>\n\t\t\t<\/div><\/figure><figure class='gallery-item'>\n\t\t\t<div class='gallery-icon landscape'>\n\t\t\t\t<a href='https:\/\/photonet.hu\/online\/wp-content\/uploads\/2014\/12\/g3_laptop_klaviatura.jpg'><img decoding=\"async\" width=\"800\" height=\"600\" src=\"https:\/\/photonet.hu\/online\/wp-content\/uploads\/2014\/12\/g3_laptop_klaviatura.jpg\" class=\"attachment-wcsmall size-wcsmall\" alt=\"\" srcset=\"https:\/\/photonet.hu\/online\/wp-content\/uploads\/2014\/12\/g3_laptop_klaviatura.jpg 800w, https:\/\/photonet.hu\/online\/wp-content\/uploads\/2014\/12\/g3_laptop_klaviatura-768x576.jpg 768w, https:\/\/photonet.hu\/online\/wp-content\/uploads\/2014\/12\/g3_laptop_klaviatura-560x420.jpg 560w, https:\/\/photonet.hu\/online\/wp-content\/uploads\/2014\/12\/g3_laptop_klaviatura-80x60.jpg 80w, https:\/\/photonet.hu\/online\/wp-content\/uploads\/2014\/12\/g3_laptop_klaviatura-150x113.jpg 150w, https:\/\/photonet.hu\/online\/wp-content\/uploads\/2014\/12\/g3_laptop_klaviatura-300x225.jpg 300w, https:\/\/photonet.hu\/online\/wp-content\/uploads\/2014\/12\/g3_laptop_klaviatura-696x522.jpg 696w, https:\/\/photonet.hu\/online\/wp-content\/uploads\/2014\/12\/g3_laptop_klaviatura-265x198.jpg 265w\" sizes=\"(max-width: 800px) 100vw, 800px\" \/><\/a>\n\t\t\t<\/div><\/figure>\n\t\t<\/div>\n\n<h2>LG G3 vide\u00f3k<\/h2>\n<h3>Tab\u00e1n &#8211; Budai v\u00e1r<\/h3>\n<p><iframe loading=\"lazy\" title=\"Tab\u00e1n - Budai v\u00e1r\" width=\"696\" height=\"392\" src=\"https:\/\/www.youtube.com\/embed\/qT1xGh7glbU?feature=oembed\" frameborder=\"0\" allow=\"accelerometer; autoplay; clipboard-write; encrypted-media; gyroscope; picture-in-picture; web-share\" referrerpolicy=\"strict-origin-when-cross-origin\" allowfullscreen><\/iframe><\/p>\n<h3>Alag\u00fat &#8211; Clark \u00c1d\u00e1m t\u00e9r &#8211; L\u00e1nch\u00edd &#8211; Roosevelt t\u00e9r<\/h3>\n<div class=\"youtube-embed\" data-video_id=\"a_6hfECeaQc\"><iframe loading=\"lazy\" title=\"Alag\u00fat - Clark \u00c1d\u00e1m t\u00e9r - L\u00e1nch\u00edd - Roosevelt t\u00e9r\" width=\"696\" height=\"392\" src=\"https:\/\/www.youtube.com\/embed\/a_6hfECeaQc?feature=oembed&#038;enablejsapi=1\" frameborder=\"0\" allow=\"accelerometer; autoplay; clipboard-write; encrypted-media; gyroscope; picture-in-picture; web-share\" referrerpolicy=\"strict-origin-when-cross-origin\" allowfullscreen><\/iframe><\/div>\n","protected":false},"excerpt":{"rendered":"<p>Az okostelefonok tud\u00e1sban, funkcionalit\u00e1sban m\u00e1ra messze meghaladj\u00e1k amit egy mobiltelefont\u00f3l elv\u00e1r az ember. Az LG leg\u00fajabb G3-as modellj\u00e9n\u00e9l alapvet\u0151en arra voltunk k\u00edv\u00e1ncsiak, hogy mit tud, mint f\u00e9nyk\u00e9pez\u0151g\u00e9p. Term\u00e9szetesen az nem v\u00e1rhat\u00f3 el egy telfont\u00f3l, hogy professzion\u00e1lis lehet\u0151s\u00e9geket biztos\u00edtson a fot\u00f3z\u00e1shoz, \u00e9s a vide\u00f3 alkalmaz\u00e1sokban. Az LG k\u00e9sz\u00fcl\u00e9k\u00e9nek els\u0151 szembet\u0171n\u0151 funkci\u00f3ja a Quad HD kijelz\u0151, ami [&hellip;]<\/p>\n","protected":false},"author":1,"featured_media":802,"comment_status":"open","ping_status":"open","sticky":false,"template":"","format":"standard","meta":{"footnotes":""},"categories":[103],"tags":[112,145,146,136],"class_list":{"0":"post-801","1":"post","2":"type-post","3":"status-publish","4":"format-standard","5":"has-post-thumbnail","7":"category-hirek","8":"tag-fotozas","9":"tag-lg","10":"tag-mobiltelefon","11":"tag-video"},"yoast_head":"<!-- This site is optimized with the Yoast SEO plugin v27.4 - https:\/\/yoast.com\/product\/yoast-seo-wordpress\/ -->\n<title>Az LG G3 okostelefon fot\u00f3s tesztje - Photonet<\/title>\n<meta name=\"robots\" content=\"index, follow, max-snippet:-1, max-image-preview:large, max-video-preview:-1\" \/>\n<link rel=\"canonical\" href=\"https:\/\/photonet.hu\/online\/hirek\/az-lg-g3-okostelefon-fotos-tesztje\/\" \/>\n<meta property=\"og:locale\" content=\"hu_HU\" \/>\n<meta property=\"og:type\" content=\"article\" \/>\n<meta property=\"og:title\" content=\"Az LG G3 okostelefon fot\u00f3s tesztje - Photonet\" \/>\n<meta property=\"og:description\" content=\"Az okostelefonok tud\u00e1sban, funkcionalit\u00e1sban m\u00e1ra messze meghaladj\u00e1k amit egy mobiltelefont\u00f3l elv\u00e1r az ember. Az LG leg\u00fajabb G3-as modellj\u00e9n\u00e9l alapvet\u0151en arra voltunk k\u00edv\u00e1ncsiak, hogy mit tud, mint f\u00e9nyk\u00e9pez\u0151g\u00e9p. Term\u00e9szetesen az nem v\u00e1rhat\u00f3 el egy telfont\u00f3l, hogy professzion\u00e1lis lehet\u0151s\u00e9geket biztos\u00edtson a fot\u00f3z\u00e1shoz, \u00e9s a vide\u00f3 alkalmaz\u00e1sokban. Az LG k\u00e9sz\u00fcl\u00e9k\u00e9nek els\u0151 szembet\u0171n\u0151 funkci\u00f3ja a Quad HD kijelz\u0151, ami [&hellip;]\" \/>\n<meta property=\"og:url\" content=\"https:\/\/photonet.hu\/online\/hirek\/az-lg-g3-okostelefon-fotos-tesztje\/\" \/>\n<meta property=\"og:site_name\" content=\"Photonet\" \/>\n<meta property=\"article:publisher\" content=\"https:\/\/www.facebook.com\/photonet.hu\" \/>\n<meta property=\"article:author\" content=\"https:\/\/www.facebook.com\/photonet.hu\" \/>\n<meta property=\"article:published_time\" content=\"2014-12-09T13:16:29+00:00\" \/>\n<meta property=\"article:modified_time\" content=\"2014-12-09T13:20:09+00:00\" \/>\n<meta property=\"og:image\" content=\"https:\/\/photonet.hu\/online\/wp-content\/uploads\/2014\/12\/lg_g3_okostelefon_foto_teszt.jpg\" \/>\n\t<meta property=\"og:image:width\" content=\"800\" \/>\n\t<meta property=\"og:image:height\" content=\"533\" \/>\n\t<meta property=\"og:image:type\" content=\"image\/jpeg\" \/>\n<meta name=\"author\" content=\"photonet\" \/>\n<meta name=\"twitter:card\" content=\"summary_large_image\" \/>\n<meta name=\"twitter:creator\" content=\"@https:\/\/x.com\/photonethu\" \/>\n<meta name=\"twitter:site\" content=\"@photonethu\" \/>\n<meta name=\"twitter:label1\" content=\"Szerz\u0151:\" \/>\n\t<meta name=\"twitter:data1\" content=\"photonet\" \/>\n\t<meta name=\"twitter:label2\" content=\"Becs\u00fclt olvas\u00e1si id\u0151\" \/>\n\t<meta name=\"twitter:data2\" content=\"5 perc\" \/>\n<script type=\"application\/ld+json\" class=\"yoast-schema-graph\">{\"@context\":\"https:\\\/\\\/schema.org\",\"@graph\":[{\"@type\":\"Article\",\"@id\":\"https:\\\/\\\/photonet.hu\\\/online\\\/hirek\\\/az-lg-g3-okostelefon-fotos-tesztje\\\/#article\",\"isPartOf\":{\"@id\":\"https:\\\/\\\/photonet.hu\\\/online\\\/hirek\\\/az-lg-g3-okostelefon-fotos-tesztje\\\/\"},\"author\":{\"name\":\"photonet\",\"@id\":\"\\\/#\\\/schema\\\/person\\\/b8065e4118b8cea4068716ccbdd92f94\"},\"headline\":\"Az LG G3 okostelefon fot\u00f3s tesztje\",\"datePublished\":\"2014-12-09T13:16:29+00:00\",\"dateModified\":\"2014-12-09T13:20:09+00:00\",\"mainEntityOfPage\":{\"@id\":\"https:\\\/\\\/photonet.hu\\\/online\\\/hirek\\\/az-lg-g3-okostelefon-fotos-tesztje\\\/\"},\"wordCount\":914,\"commentCount\":0,\"publisher\":{\"@id\":\"\\\/#organization\"},\"image\":{\"@id\":\"https:\\\/\\\/photonet.hu\\\/online\\\/hirek\\\/az-lg-g3-okostelefon-fotos-tesztje\\\/#primaryimage\"},\"thumbnailUrl\":\"https:\\\/\\\/photonet.hu\\\/online\\\/wp-content\\\/uploads\\\/2014\\\/12\\\/lg_g3_okostelefon_foto_teszt.jpg\",\"keywords\":[\"fot\u00f3z\u00e1s\",\"lg\",\"mobiltelefon\",\"video\"],\"articleSection\":[\"H\u00edrek\"],\"inLanguage\":\"hu\",\"potentialAction\":[{\"@type\":\"CommentAction\",\"name\":\"Comment\",\"target\":[\"https:\\\/\\\/photonet.hu\\\/online\\\/hirek\\\/az-lg-g3-okostelefon-fotos-tesztje\\\/#respond\"]}]},{\"@type\":\"WebPage\",\"@id\":\"https:\\\/\\\/photonet.hu\\\/online\\\/hirek\\\/az-lg-g3-okostelefon-fotos-tesztje\\\/\",\"url\":\"https:\\\/\\\/photonet.hu\\\/online\\\/hirek\\\/az-lg-g3-okostelefon-fotos-tesztje\\\/\",\"name\":\"Az LG G3 okostelefon fot\u00f3s tesztje - Photonet\",\"isPartOf\":{\"@id\":\"\\\/#website\"},\"primaryImageOfPage\":{\"@id\":\"https:\\\/\\\/photonet.hu\\\/online\\\/hirek\\\/az-lg-g3-okostelefon-fotos-tesztje\\\/#primaryimage\"},\"image\":{\"@id\":\"https:\\\/\\\/photonet.hu\\\/online\\\/hirek\\\/az-lg-g3-okostelefon-fotos-tesztje\\\/#primaryimage\"},\"thumbnailUrl\":\"https:\\\/\\\/photonet.hu\\\/online\\\/wp-content\\\/uploads\\\/2014\\\/12\\\/lg_g3_okostelefon_foto_teszt.jpg\",\"datePublished\":\"2014-12-09T13:16:29+00:00\",\"dateModified\":\"2014-12-09T13:20:09+00:00\",\"breadcrumb\":{\"@id\":\"https:\\\/\\\/photonet.hu\\\/online\\\/hirek\\\/az-lg-g3-okostelefon-fotos-tesztje\\\/#breadcrumb\"},\"inLanguage\":\"hu\",\"potentialAction\":[{\"@type\":\"ReadAction\",\"target\":[\"https:\\\/\\\/photonet.hu\\\/online\\\/hirek\\\/az-lg-g3-okostelefon-fotos-tesztje\\\/\"]}]},{\"@type\":\"ImageObject\",\"inLanguage\":\"hu\",\"@id\":\"https:\\\/\\\/photonet.hu\\\/online\\\/hirek\\\/az-lg-g3-okostelefon-fotos-tesztje\\\/#primaryimage\",\"url\":\"https:\\\/\\\/photonet.hu\\\/online\\\/wp-content\\\/uploads\\\/2014\\\/12\\\/lg_g3_okostelefon_foto_teszt.jpg\",\"contentUrl\":\"https:\\\/\\\/photonet.hu\\\/online\\\/wp-content\\\/uploads\\\/2014\\\/12\\\/lg_g3_okostelefon_foto_teszt.jpg\",\"width\":800,\"height\":533,\"caption\":\"Az LG G3 okostelefon fot\u00f3s tesztje\"},{\"@type\":\"BreadcrumbList\",\"@id\":\"https:\\\/\\\/photonet.hu\\\/online\\\/hirek\\\/az-lg-g3-okostelefon-fotos-tesztje\\\/#breadcrumb\",\"itemListElement\":[{\"@type\":\"ListItem\",\"position\":1,\"name\":\"Kezd\u0151lap\",\"item\":\"https:\\\/\\\/photonet.hu\\\/online\\\/\"},{\"@type\":\"ListItem\",\"position\":2,\"name\":\"Az LG G3 okostelefon fot\u00f3s tesztje\"}]},{\"@type\":\"WebSite\",\"@id\":\"\\\/#website\",\"url\":\"\\\/\",\"name\":\"Photonet\",\"description\":\"Photonet - online fot\u00f3s magazin\",\"publisher\":{\"@id\":\"\\\/#organization\"},\"potentialAction\":[{\"@type\":\"SearchAction\",\"target\":{\"@type\":\"EntryPoint\",\"urlTemplate\":\"\\\/?s={search_term_string}\"},\"query-input\":{\"@type\":\"PropertyValueSpecification\",\"valueRequired\":true,\"valueName\":\"search_term_string\"}}],\"inLanguage\":\"hu\"},{\"@type\":\"Organization\",\"@id\":\"\\\/#organization\",\"name\":\"Photonet\",\"url\":\"\\\/\",\"logo\":{\"@type\":\"ImageObject\",\"inLanguage\":\"hu\",\"@id\":\"\\\/#\\\/schema\\\/logo\\\/image\\\/\",\"url\":\"https:\\\/\\\/photonet.hu\\\/online\\\/wp-content\\\/uploads\\\/2026\\\/02\\\/photonet_lens_shutter_512.png\",\"contentUrl\":\"https:\\\/\\\/photonet.hu\\\/online\\\/wp-content\\\/uploads\\\/2026\\\/02\\\/photonet_lens_shutter_512.png\",\"width\":512,\"height\":512,\"caption\":\"Photonet\"},\"image\":{\"@id\":\"\\\/#\\\/schema\\\/logo\\\/image\\\/\"},\"sameAs\":[\"https:\\\/\\\/www.facebook.com\\\/photonet.hu\",\"https:\\\/\\\/x.com\\\/photonethu\",\"https:\\\/\\\/www.pinterest.com\\\/acsienator\\\/photography\\\/\"]},{\"@type\":\"Person\",\"@id\":\"\\\/#\\\/schema\\\/person\\\/b8065e4118b8cea4068716ccbdd92f94\",\"name\":\"photonet\",\"image\":{\"@type\":\"ImageObject\",\"inLanguage\":\"hu\",\"@id\":\"https:\\\/\\\/secure.gravatar.com\\\/avatar\\\/7c91ab952e1e196e2bf6641a013b7b971ffa12946ddbf0f05fb85f62d3433ce2?s=96&d=mm&r=g\",\"url\":\"https:\\\/\\\/secure.gravatar.com\\\/avatar\\\/7c91ab952e1e196e2bf6641a013b7b971ffa12946ddbf0f05fb85f62d3433ce2?s=96&d=mm&r=g\",\"contentUrl\":\"https:\\\/\\\/secure.gravatar.com\\\/avatar\\\/7c91ab952e1e196e2bf6641a013b7b971ffa12946ddbf0f05fb85f62d3433ce2?s=96&d=mm&r=g\",\"caption\":\"photonet\"},\"description\":\"szerkeszt\u0151 - photonet, online fot\u00f3s magazin\",\"sameAs\":[\"http:\\\/\\\/photonet.hu\",\"https:\\\/\\\/www.facebook.com\\\/photonet.hu\",\"https:\\\/\\\/x.com\\\/https:\\\/\\\/x.com\\\/photonethu\"],\"url\":\"https:\\\/\\\/photonet.hu\\\/online\\\/author\\\/photonet\\\/\"}]}<\/script>\n<!-- \/ Yoast SEO plugin. -->","yoast_head_json":{"title":"Az LG G3 okostelefon fot\u00f3s tesztje - Photonet","robots":{"index":"index","follow":"follow","max-snippet":"max-snippet:-1","max-image-preview":"max-image-preview:large","max-video-preview":"max-video-preview:-1"},"canonical":"https:\/\/photonet.hu\/online\/hirek\/az-lg-g3-okostelefon-fotos-tesztje\/","og_locale":"hu_HU","og_type":"article","og_title":"Az LG G3 okostelefon fot\u00f3s tesztje - Photonet","og_description":"Az okostelefonok tud\u00e1sban, funkcionalit\u00e1sban m\u00e1ra messze meghaladj\u00e1k amit egy mobiltelefont\u00f3l elv\u00e1r az ember. Az LG leg\u00fajabb G3-as modellj\u00e9n\u00e9l alapvet\u0151en arra voltunk k\u00edv\u00e1ncsiak, hogy mit tud, mint f\u00e9nyk\u00e9pez\u0151g\u00e9p. Term\u00e9szetesen az nem v\u00e1rhat\u00f3 el egy telfont\u00f3l, hogy professzion\u00e1lis lehet\u0151s\u00e9geket biztos\u00edtson a fot\u00f3z\u00e1shoz, \u00e9s a vide\u00f3 alkalmaz\u00e1sokban. Az LG k\u00e9sz\u00fcl\u00e9k\u00e9nek els\u0151 szembet\u0171n\u0151 funkci\u00f3ja a Quad HD kijelz\u0151, ami [&hellip;]","og_url":"https:\/\/photonet.hu\/online\/hirek\/az-lg-g3-okostelefon-fotos-tesztje\/","og_site_name":"Photonet","article_publisher":"https:\/\/www.facebook.com\/photonet.hu","article_author":"https:\/\/www.facebook.com\/photonet.hu","article_published_time":"2014-12-09T13:16:29+00:00","article_modified_time":"2014-12-09T13:20:09+00:00","og_image":[{"width":800,"height":533,"url":"https:\/\/photonet.hu\/online\/wp-content\/uploads\/2014\/12\/lg_g3_okostelefon_foto_teszt.jpg","type":"image\/jpeg"}],"author":"photonet","twitter_card":"summary_large_image","twitter_creator":"@https:\/\/x.com\/photonethu","twitter_site":"@photonethu","twitter_misc":{"Szerz\u0151:":"photonet","Becs\u00fclt olvas\u00e1si id\u0151":"5 perc"},"schema":{"@context":"https:\/\/schema.org","@graph":[{"@type":"Article","@id":"https:\/\/photonet.hu\/online\/hirek\/az-lg-g3-okostelefon-fotos-tesztje\/#article","isPartOf":{"@id":"https:\/\/photonet.hu\/online\/hirek\/az-lg-g3-okostelefon-fotos-tesztje\/"},"author":{"name":"photonet","@id":"\/#\/schema\/person\/b8065e4118b8cea4068716ccbdd92f94"},"headline":"Az LG G3 okostelefon fot\u00f3s tesztje","datePublished":"2014-12-09T13:16:29+00:00","dateModified":"2014-12-09T13:20:09+00:00","mainEntityOfPage":{"@id":"https:\/\/photonet.hu\/online\/hirek\/az-lg-g3-okostelefon-fotos-tesztje\/"},"wordCount":914,"commentCount":0,"publisher":{"@id":"\/#organization"},"image":{"@id":"https:\/\/photonet.hu\/online\/hirek\/az-lg-g3-okostelefon-fotos-tesztje\/#primaryimage"},"thumbnailUrl":"https:\/\/photonet.hu\/online\/wp-content\/uploads\/2014\/12\/lg_g3_okostelefon_foto_teszt.jpg","keywords":["fot\u00f3z\u00e1s","lg","mobiltelefon","video"],"articleSection":["H\u00edrek"],"inLanguage":"hu","potentialAction":[{"@type":"CommentAction","name":"Comment","target":["https:\/\/photonet.hu\/online\/hirek\/az-lg-g3-okostelefon-fotos-tesztje\/#respond"]}]},{"@type":"WebPage","@id":"https:\/\/photonet.hu\/online\/hirek\/az-lg-g3-okostelefon-fotos-tesztje\/","url":"https:\/\/photonet.hu\/online\/hirek\/az-lg-g3-okostelefon-fotos-tesztje\/","name":"Az LG G3 okostelefon fot\u00f3s tesztje - Photonet","isPartOf":{"@id":"\/#website"},"primaryImageOfPage":{"@id":"https:\/\/photonet.hu\/online\/hirek\/az-lg-g3-okostelefon-fotos-tesztje\/#primaryimage"},"image":{"@id":"https:\/\/photonet.hu\/online\/hirek\/az-lg-g3-okostelefon-fotos-tesztje\/#primaryimage"},"thumbnailUrl":"https:\/\/photonet.hu\/online\/wp-content\/uploads\/2014\/12\/lg_g3_okostelefon_foto_teszt.jpg","datePublished":"2014-12-09T13:16:29+00:00","dateModified":"2014-12-09T13:20:09+00:00","breadcrumb":{"@id":"https:\/\/photonet.hu\/online\/hirek\/az-lg-g3-okostelefon-fotos-tesztje\/#breadcrumb"},"inLanguage":"hu","potentialAction":[{"@type":"ReadAction","target":["https:\/\/photonet.hu\/online\/hirek\/az-lg-g3-okostelefon-fotos-tesztje\/"]}]},{"@type":"ImageObject","inLanguage":"hu","@id":"https:\/\/photonet.hu\/online\/hirek\/az-lg-g3-okostelefon-fotos-tesztje\/#primaryimage","url":"https:\/\/photonet.hu\/online\/wp-content\/uploads\/2014\/12\/lg_g3_okostelefon_foto_teszt.jpg","contentUrl":"https:\/\/photonet.hu\/online\/wp-content\/uploads\/2014\/12\/lg_g3_okostelefon_foto_teszt.jpg","width":800,"height":533,"caption":"Az LG G3 okostelefon fot\u00f3s tesztje"},{"@type":"BreadcrumbList","@id":"https:\/\/photonet.hu\/online\/hirek\/az-lg-g3-okostelefon-fotos-tesztje\/#breadcrumb","itemListElement":[{"@type":"ListItem","position":1,"name":"Kezd\u0151lap","item":"https:\/\/photonet.hu\/online\/"},{"@type":"ListItem","position":2,"name":"Az LG G3 okostelefon fot\u00f3s tesztje"}]},{"@type":"WebSite","@id":"\/#website","url":"\/","name":"Photonet","description":"Photonet - online fot\u00f3s magazin","publisher":{"@id":"\/#organization"},"potentialAction":[{"@type":"SearchAction","target":{"@type":"EntryPoint","urlTemplate":"\/?s={search_term_string}"},"query-input":{"@type":"PropertyValueSpecification","valueRequired":true,"valueName":"search_term_string"}}],"inLanguage":"hu"},{"@type":"Organization","@id":"\/#organization","name":"Photonet","url":"\/","logo":{"@type":"ImageObject","inLanguage":"hu","@id":"\/#\/schema\/logo\/image\/","url":"https:\/\/photonet.hu\/online\/wp-content\/uploads\/2026\/02\/photonet_lens_shutter_512.png","contentUrl":"https:\/\/photonet.hu\/online\/wp-content\/uploads\/2026\/02\/photonet_lens_shutter_512.png","width":512,"height":512,"caption":"Photonet"},"image":{"@id":"\/#\/schema\/logo\/image\/"},"sameAs":["https:\/\/www.facebook.com\/photonet.hu","https:\/\/x.com\/photonethu","https:\/\/www.pinterest.com\/acsienator\/photography\/"]},{"@type":"Person","@id":"\/#\/schema\/person\/b8065e4118b8cea4068716ccbdd92f94","name":"photonet","image":{"@type":"ImageObject","inLanguage":"hu","@id":"https:\/\/secure.gravatar.com\/avatar\/7c91ab952e1e196e2bf6641a013b7b971ffa12946ddbf0f05fb85f62d3433ce2?s=96&d=mm&r=g","url":"https:\/\/secure.gravatar.com\/avatar\/7c91ab952e1e196e2bf6641a013b7b971ffa12946ddbf0f05fb85f62d3433ce2?s=96&d=mm&r=g","contentUrl":"https:\/\/secure.gravatar.com\/avatar\/7c91ab952e1e196e2bf6641a013b7b971ffa12946ddbf0f05fb85f62d3433ce2?s=96&d=mm&r=g","caption":"photonet"},"description":"szerkeszt\u0151 - photonet, online fot\u00f3s magazin","sameAs":["http:\/\/photonet.hu","https:\/\/www.facebook.com\/photonet.hu","https:\/\/x.com\/https:\/\/x.com\/photonethu"],"url":"https:\/\/photonet.hu\/online\/author\/photonet\/"}]}},"_links":{"self":[{"href":"https:\/\/photonet.hu\/online\/wp-json\/wp\/v2\/posts\/801","targetHints":{"allow":["GET"]}}],"collection":[{"href":"https:\/\/photonet.hu\/online\/wp-json\/wp\/v2\/posts"}],"about":[{"href":"https:\/\/photonet.hu\/online\/wp-json\/wp\/v2\/types\/post"}],"author":[{"embeddable":true,"href":"https:\/\/photonet.hu\/online\/wp-json\/wp\/v2\/users\/1"}],"replies":[{"embeddable":true,"href":"https:\/\/photonet.hu\/online\/wp-json\/wp\/v2\/comments?post=801"}],"version-history":[{"count":0,"href":"https:\/\/photonet.hu\/online\/wp-json\/wp\/v2\/posts\/801\/revisions"}],"wp:featuredmedia":[{"embeddable":true,"href":"https:\/\/photonet.hu\/online\/wp-json\/wp\/v2\/media\/802"}],"wp:attachment":[{"href":"https:\/\/photonet.hu\/online\/wp-json\/wp\/v2\/media?parent=801"}],"wp:term":[{"taxonomy":"category","embeddable":true,"href":"https:\/\/photonet.hu\/online\/wp-json\/wp\/v2\/categories?post=801"},{"taxonomy":"post_tag","embeddable":true,"href":"https:\/\/photonet.hu\/online\/wp-json\/wp\/v2\/tags?post=801"}],"curies":[{"name":"wp","href":"https:\/\/api.w.org\/{rel}","templated":true}]}}