{"id":799,"date":"2014-12-08T13:04:18","date_gmt":"2014-12-08T11:04:18","guid":{"rendered":"https:\/\/photonet.hu\/online\/?p=799"},"modified":"2014-12-09T13:10:25","modified_gmt":"2014-12-09T11:10:25","slug":"iden-mas-lesz-a-karacsony-fotopalyazat","status":"publish","type":"post","link":"https:\/\/photonet.hu\/online\/magazin\/fotopalyazatok\/iden-mas-lesz-a-karacsony-fotopalyazat\/","title":{"rendered":"Id\u00e9n m\u00e1s lesz a kar\u00e1csony fot\u00f3p\u00e1ly\u00e1zat"},"content":{"rendered":"<p>A Street Kitchen Facebook oldala fot\u00f3p\u00e1ly\u00e1zatot hirdet &#8222;Id\u00e9n m\u00e1s lesz a kar\u00e1csony&#8221; c\u00edmmel.<\/p>\n<p><!--more-->Mutasd meg, hogy neked id\u00e9n mi\u00e9rt lesz m\u00e1s a kar\u00e1csony! A szervez\u0151k a kar\u00e1csonyi k\u00e9sz\u00fcl\u0151d\u00e9ssel kapcsolatos fot\u00f3kat v\u00e1rj\u00e1k, mellyel egy csodasz\u00e9p piros Electrolux Assistent konyhai robotg\u00e9pet lehet nyerni. Klasszikus kar\u00e1csonyi fog\u00e1sok, \u00f6tletes \u00fcnnepi men\u00fc, esetleg egy Street Kitchen vide\u00f3 inspir\u00e1lta vacsora.<\/p>\n<p>A k\u00e9peket az idenmasleszakaracsony@gmail.com c\u00edmre v\u00e1rj\u00e1k, melyeket felt\u00f6ltenek a fot\u00f3p\u00e1ly\u00e1zat album\u00e1ba. A legt\u00f6bb l\u00e1jkot kapott fot\u00f3k k\u00f6z\u00f6tt sorsolj\u00e1k ki a nyerem\u00e9nyt.<\/p>\n<p>A k\u00e9pek bek\u00fcld\u00e9si hat\u00e1rideje 2014. december 30. \u00e9jf\u00e9l. A d\u00edjat december 30-\u00e1n \u00e9jf\u00e9lkor, a h\u00e1rom legt\u00f6bb l\u00e1jkot kapott bek\u00fcld\u0151 k\u00f6z\u00f6tt sorsolj\u00e1k ki.<\/p>\n<p>Eredm\u00e9nyhirdet\u00e9s: december 31. 12:00.<\/p>\n<p>Egy bek\u00fcld\u0151 maximum h\u00e1rom fot\u00f3val indulhat a p\u00e1ly\u00e1zaton \u00e9s mindenkinek csak a legt\u00f6bb l\u00e1jkott kapott k\u00e9p\u00e9t vessz\u00fck figyelembe a top 3 bek\u00fcld\u0151 kiv\u00e1laszt\u00e1s\u00e1n\u00e1l.<\/p>\n<p><a title=\"Street Kitchen fot\u00f3p\u00e1ly\u00e1zat\" href=\"https:\/\/www.facebook.com\/streetkitchenhu\/photos\/a.716246541760270.1073741828.712454102139514\/880270892024500\/?type=1\" target=\"_blank\">B\u0151vebb inform\u00e1ci\u00f3<\/a><\/p>\n","protected":false},"excerpt":{"rendered":"<p>A Street Kitchen Facebook oldala fot\u00f3p\u00e1ly\u00e1zatot hirdet &#8222;Id\u00e9n m\u00e1s lesz a kar\u00e1csony&#8221; c\u00edmmel.<\/p>\n","protected":false},"author":1,"featured_media":800,"comment_status":"open","ping_status":"open","sticky":false,"template":"","format":"standard","meta":{"footnotes":""},"categories":[102],"tags":[112,117],"class_list":{"0":"post-799","1":"post","2":"type-post","3":"status-publish","4":"format-standard","5":"has-post-thumbnail","7":"category-fotopalyazatok","8":"tag-fotozas","9":"tag-palyazat"},"yoast_head":"<!-- This site is optimized with the Yoast SEO plugin v27.4 - https:\/\/yoast.com\/product\/yoast-seo-wordpress\/ -->\n<title>Id\u00e9n m\u00e1s lesz a kar\u00e1csony fot\u00f3p\u00e1ly\u00e1zat - Photonet<\/title>\n<meta name=\"robots\" content=\"index, follow, max-snippet:-1, max-image-preview:large, max-video-preview:-1\" \/>\n<link rel=\"canonical\" href=\"https:\/\/photonet.hu\/online\/magazin\/fotopalyazatok\/iden-mas-lesz-a-karacsony-fotopalyazat\/\" \/>\n<meta property=\"og:locale\" content=\"hu_HU\" \/>\n<meta property=\"og:type\" content=\"article\" \/>\n<meta property=\"og:title\" content=\"Id\u00e9n m\u00e1s lesz a kar\u00e1csony fot\u00f3p\u00e1ly\u00e1zat - Photonet\" \/>\n<meta property=\"og:description\" content=\"A Street Kitchen Facebook oldala fot\u00f3p\u00e1ly\u00e1zatot hirdet &#8222;Id\u00e9n m\u00e1s lesz a kar\u00e1csony&#8221; c\u00edmmel.\" \/>\n<meta property=\"og:url\" content=\"https:\/\/photonet.hu\/online\/magazin\/fotopalyazatok\/iden-mas-lesz-a-karacsony-fotopalyazat\/\" \/>\n<meta property=\"og:site_name\" content=\"Photonet\" \/>\n<meta property=\"article:publisher\" content=\"https:\/\/www.facebook.com\/photonet.hu\" \/>\n<meta property=\"article:author\" content=\"https:\/\/www.facebook.com\/photonet.hu\" \/>\n<meta property=\"article:published_time\" content=\"2014-12-08T11:04:18+00:00\" \/>\n<meta property=\"article:modified_time\" content=\"2014-12-09T11:10:25+00:00\" \/>\n<meta property=\"og:image\" content=\"https:\/\/photonet.hu\/online\/wp-content\/uploads\/2014\/12\/iden_mas_lesz-a-karacsony_streetkitchen.jpg\" \/>\n\t<meta property=\"og:image:width\" content=\"800\" \/>\n\t<meta property=\"og:image:height\" content=\"497\" \/>\n\t<meta property=\"og:image:type\" content=\"image\/jpeg\" \/>\n<meta name=\"author\" content=\"photonet\" \/>\n<meta name=\"twitter:card\" content=\"summary_large_image\" \/>\n<meta name=\"twitter:creator\" content=\"@https:\/\/x.com\/photonethu\" \/>\n<meta name=\"twitter:site\" content=\"@photonethu\" \/>\n<meta name=\"twitter:label1\" content=\"Szerz\u0151:\" \/>\n\t<meta name=\"twitter:data1\" content=\"photonet\" \/>\n\t<meta name=\"twitter:label2\" content=\"Becs\u00fclt olvas\u00e1si id\u0151\" \/>\n\t<meta name=\"twitter:data2\" content=\"1 perc\" \/>\n<script type=\"application\/ld+json\" class=\"yoast-schema-graph\">{\"@context\":\"https:\\\/\\\/schema.org\",\"@graph\":[{\"@type\":\"Article\",\"@id\":\"https:\\\/\\\/photonet.hu\\\/online\\\/magazin\\\/fotopalyazatok\\\/iden-mas-lesz-a-karacsony-fotopalyazat\\\/#article\",\"isPartOf\":{\"@id\":\"https:\\\/\\\/photonet.hu\\\/online\\\/magazin\\\/fotopalyazatok\\\/iden-mas-lesz-a-karacsony-fotopalyazat\\\/\"},\"author\":{\"name\":\"photonet\",\"@id\":\"\\\/#\\\/schema\\\/person\\\/b8065e4118b8cea4068716ccbdd92f94\"},\"headline\":\"Id\u00e9n m\u00e1s lesz a kar\u00e1csony fot\u00f3p\u00e1ly\u00e1zat\",\"datePublished\":\"2014-12-08T11:04:18+00:00\",\"dateModified\":\"2014-12-09T11:10:25+00:00\",\"mainEntityOfPage\":{\"@id\":\"https:\\\/\\\/photonet.hu\\\/online\\\/magazin\\\/fotopalyazatok\\\/iden-mas-lesz-a-karacsony-fotopalyazat\\\/\"},\"wordCount\":210,\"commentCount\":0,\"publisher\":{\"@id\":\"\\\/#organization\"},\"image\":{\"@id\":\"https:\\\/\\\/photonet.hu\\\/online\\\/magazin\\\/fotopalyazatok\\\/iden-mas-lesz-a-karacsony-fotopalyazat\\\/#primaryimage\"},\"thumbnailUrl\":\"https:\\\/\\\/photonet.hu\\\/online\\\/wp-content\\\/uploads\\\/2014\\\/12\\\/iden_mas_lesz-a-karacsony_streetkitchen.jpg\",\"keywords\":[\"fot\u00f3z\u00e1s\",\"p\u00e1ly\u00e1zat\"],\"articleSection\":[\"Fot\u00f3p\u00e1ly\u00e1zatok\"],\"inLanguage\":\"hu\",\"potentialAction\":[{\"@type\":\"CommentAction\",\"name\":\"Comment\",\"target\":[\"https:\\\/\\\/photonet.hu\\\/online\\\/magazin\\\/fotopalyazatok\\\/iden-mas-lesz-a-karacsony-fotopalyazat\\\/#respond\"]}]},{\"@type\":\"WebPage\",\"@id\":\"https:\\\/\\\/photonet.hu\\\/online\\\/magazin\\\/fotopalyazatok\\\/iden-mas-lesz-a-karacsony-fotopalyazat\\\/\",\"url\":\"https:\\\/\\\/photonet.hu\\\/online\\\/magazin\\\/fotopalyazatok\\\/iden-mas-lesz-a-karacsony-fotopalyazat\\\/\",\"name\":\"Id\u00e9n m\u00e1s lesz a kar\u00e1csony fot\u00f3p\u00e1ly\u00e1zat - Photonet\",\"isPartOf\":{\"@id\":\"\\\/#website\"},\"primaryImageOfPage\":{\"@id\":\"https:\\\/\\\/photonet.hu\\\/online\\\/magazin\\\/fotopalyazatok\\\/iden-mas-lesz-a-karacsony-fotopalyazat\\\/#primaryimage\"},\"image\":{\"@id\":\"https:\\\/\\\/photonet.hu\\\/online\\\/magazin\\\/fotopalyazatok\\\/iden-mas-lesz-a-karacsony-fotopalyazat\\\/#primaryimage\"},\"thumbnailUrl\":\"https:\\\/\\\/photonet.hu\\\/online\\\/wp-content\\\/uploads\\\/2014\\\/12\\\/iden_mas_lesz-a-karacsony_streetkitchen.jpg\",\"datePublished\":\"2014-12-08T11:04:18+00:00\",\"dateModified\":\"2014-12-09T11:10:25+00:00\",\"breadcrumb\":{\"@id\":\"https:\\\/\\\/photonet.hu\\\/online\\\/magazin\\\/fotopalyazatok\\\/iden-mas-lesz-a-karacsony-fotopalyazat\\\/#breadcrumb\"},\"inLanguage\":\"hu\",\"potentialAction\":[{\"@type\":\"ReadAction\",\"target\":[\"https:\\\/\\\/photonet.hu\\\/online\\\/magazin\\\/fotopalyazatok\\\/iden-mas-lesz-a-karacsony-fotopalyazat\\\/\"]}]},{\"@type\":\"ImageObject\",\"inLanguage\":\"hu\",\"@id\":\"https:\\\/\\\/photonet.hu\\\/online\\\/magazin\\\/fotopalyazatok\\\/iden-mas-lesz-a-karacsony-fotopalyazat\\\/#primaryimage\",\"url\":\"https:\\\/\\\/photonet.hu\\\/online\\\/wp-content\\\/uploads\\\/2014\\\/12\\\/iden_mas_lesz-a-karacsony_streetkitchen.jpg\",\"contentUrl\":\"https:\\\/\\\/photonet.hu\\\/online\\\/wp-content\\\/uploads\\\/2014\\\/12\\\/iden_mas_lesz-a-karacsony_streetkitchen.jpg\",\"width\":800,\"height\":497,\"caption\":\"Street Kitchen Facebook fot\u00f3p\u00e1ly\u00e1zat\"},{\"@type\":\"BreadcrumbList\",\"@id\":\"https:\\\/\\\/photonet.hu\\\/online\\\/magazin\\\/fotopalyazatok\\\/iden-mas-lesz-a-karacsony-fotopalyazat\\\/#breadcrumb\",\"itemListElement\":[{\"@type\":\"ListItem\",\"position\":1,\"name\":\"Kezd\u0151lap\",\"item\":\"https:\\\/\\\/photonet.hu\\\/online\\\/\"},{\"@type\":\"ListItem\",\"position\":2,\"name\":\"Id\u00e9n m\u00e1s lesz a kar\u00e1csony fot\u00f3p\u00e1ly\u00e1zat\"}]},{\"@type\":\"WebSite\",\"@id\":\"\\\/#website\",\"url\":\"\\\/\",\"name\":\"Photonet\",\"description\":\"Photonet - online fot\u00f3s magazin\",\"publisher\":{\"@id\":\"\\\/#organization\"},\"potentialAction\":[{\"@type\":\"SearchAction\",\"target\":{\"@type\":\"EntryPoint\",\"urlTemplate\":\"\\\/?s={search_term_string}\"},\"query-input\":{\"@type\":\"PropertyValueSpecification\",\"valueRequired\":true,\"valueName\":\"search_term_string\"}}],\"inLanguage\":\"hu\"},{\"@type\":\"Organization\",\"@id\":\"\\\/#organization\",\"name\":\"Photonet\",\"url\":\"\\\/\",\"logo\":{\"@type\":\"ImageObject\",\"inLanguage\":\"hu\",\"@id\":\"\\\/#\\\/schema\\\/logo\\\/image\\\/\",\"url\":\"https:\\\/\\\/photonet.hu\\\/online\\\/wp-content\\\/uploads\\\/2026\\\/02\\\/photonet_lens_shutter_512.png\",\"contentUrl\":\"https:\\\/\\\/photonet.hu\\\/online\\\/wp-content\\\/uploads\\\/2026\\\/02\\\/photonet_lens_shutter_512.png\",\"width\":512,\"height\":512,\"caption\":\"Photonet\"},\"image\":{\"@id\":\"\\\/#\\\/schema\\\/logo\\\/image\\\/\"},\"sameAs\":[\"https:\\\/\\\/www.facebook.com\\\/photonet.hu\",\"https:\\\/\\\/x.com\\\/photonethu\",\"https:\\\/\\\/www.pinterest.com\\\/acsienator\\\/photography\\\/\"]},{\"@type\":\"Person\",\"@id\":\"\\\/#\\\/schema\\\/person\\\/b8065e4118b8cea4068716ccbdd92f94\",\"name\":\"photonet\",\"image\":{\"@type\":\"ImageObject\",\"inLanguage\":\"hu\",\"@id\":\"https:\\\/\\\/secure.gravatar.com\\\/avatar\\\/7c91ab952e1e196e2bf6641a013b7b971ffa12946ddbf0f05fb85f62d3433ce2?s=96&d=mm&r=g\",\"url\":\"https:\\\/\\\/secure.gravatar.com\\\/avatar\\\/7c91ab952e1e196e2bf6641a013b7b971ffa12946ddbf0f05fb85f62d3433ce2?s=96&d=mm&r=g\",\"contentUrl\":\"https:\\\/\\\/secure.gravatar.com\\\/avatar\\\/7c91ab952e1e196e2bf6641a013b7b971ffa12946ddbf0f05fb85f62d3433ce2?s=96&d=mm&r=g\",\"caption\":\"photonet\"},\"description\":\"szerkeszt\u0151 - photonet, online fot\u00f3s magazin\",\"sameAs\":[\"http:\\\/\\\/photonet.hu\",\"https:\\\/\\\/www.facebook.com\\\/photonet.hu\",\"https:\\\/\\\/x.com\\\/https:\\\/\\\/x.com\\\/photonethu\"],\"url\":\"https:\\\/\\\/photonet.hu\\\/online\\\/author\\\/photonet\\\/\"}]}<\/script>\n<!-- \/ Yoast SEO plugin. -->","yoast_head_json":{"title":"Id\u00e9n m\u00e1s lesz a kar\u00e1csony fot\u00f3p\u00e1ly\u00e1zat - Photonet","robots":{"index":"index","follow":"follow","max-snippet":"max-snippet:-1","max-image-preview":"max-image-preview:large","max-video-preview":"max-video-preview:-1"},"canonical":"https:\/\/photonet.hu\/online\/magazin\/fotopalyazatok\/iden-mas-lesz-a-karacsony-fotopalyazat\/","og_locale":"hu_HU","og_type":"article","og_title":"Id\u00e9n m\u00e1s lesz a kar\u00e1csony fot\u00f3p\u00e1ly\u00e1zat - Photonet","og_description":"A Street Kitchen Facebook oldala fot\u00f3p\u00e1ly\u00e1zatot hirdet &#8222;Id\u00e9n m\u00e1s lesz a kar\u00e1csony&#8221; c\u00edmmel.","og_url":"https:\/\/photonet.hu\/online\/magazin\/fotopalyazatok\/iden-mas-lesz-a-karacsony-fotopalyazat\/","og_site_name":"Photonet","article_publisher":"https:\/\/www.facebook.com\/photonet.hu","article_author":"https:\/\/www.facebook.com\/photonet.hu","article_published_time":"2014-12-08T11:04:18+00:00","article_modified_time":"2014-12-09T11:10:25+00:00","og_image":[{"width":800,"height":497,"url":"https:\/\/photonet.hu\/online\/wp-content\/uploads\/2014\/12\/iden_mas_lesz-a-karacsony_streetkitchen.jpg","type":"image\/jpeg"}],"author":"photonet","twitter_card":"summary_large_image","twitter_creator":"@https:\/\/x.com\/photonethu","twitter_site":"@photonethu","twitter_misc":{"Szerz\u0151:":"photonet","Becs\u00fclt olvas\u00e1si id\u0151":"1 perc"},"schema":{"@context":"https:\/\/schema.org","@graph":[{"@type":"Article","@id":"https:\/\/photonet.hu\/online\/magazin\/fotopalyazatok\/iden-mas-lesz-a-karacsony-fotopalyazat\/#article","isPartOf":{"@id":"https:\/\/photonet.hu\/online\/magazin\/fotopalyazatok\/iden-mas-lesz-a-karacsony-fotopalyazat\/"},"author":{"name":"photonet","@id":"\/#\/schema\/person\/b8065e4118b8cea4068716ccbdd92f94"},"headline":"Id\u00e9n m\u00e1s lesz a kar\u00e1csony fot\u00f3p\u00e1ly\u00e1zat","datePublished":"2014-12-08T11:04:18+00:00","dateModified":"2014-12-09T11:10:25+00:00","mainEntityOfPage":{"@id":"https:\/\/photonet.hu\/online\/magazin\/fotopalyazatok\/iden-mas-lesz-a-karacsony-fotopalyazat\/"},"wordCount":210,"commentCount":0,"publisher":{"@id":"\/#organization"},"image":{"@id":"https:\/\/photonet.hu\/online\/magazin\/fotopalyazatok\/iden-mas-lesz-a-karacsony-fotopalyazat\/#primaryimage"},"thumbnailUrl":"https:\/\/photonet.hu\/online\/wp-content\/uploads\/2014\/12\/iden_mas_lesz-a-karacsony_streetkitchen.jpg","keywords":["fot\u00f3z\u00e1s","p\u00e1ly\u00e1zat"],"articleSection":["Fot\u00f3p\u00e1ly\u00e1zatok"],"inLanguage":"hu","potentialAction":[{"@type":"CommentAction","name":"Comment","target":["https:\/\/photonet.hu\/online\/magazin\/fotopalyazatok\/iden-mas-lesz-a-karacsony-fotopalyazat\/#respond"]}]},{"@type":"WebPage","@id":"https:\/\/photonet.hu\/online\/magazin\/fotopalyazatok\/iden-mas-lesz-a-karacsony-fotopalyazat\/","url":"https:\/\/photonet.hu\/online\/magazin\/fotopalyazatok\/iden-mas-lesz-a-karacsony-fotopalyazat\/","name":"Id\u00e9n m\u00e1s lesz a kar\u00e1csony fot\u00f3p\u00e1ly\u00e1zat - Photonet","isPartOf":{"@id":"\/#website"},"primaryImageOfPage":{"@id":"https:\/\/photonet.hu\/online\/magazin\/fotopalyazatok\/iden-mas-lesz-a-karacsony-fotopalyazat\/#primaryimage"},"image":{"@id":"https:\/\/photonet.hu\/online\/magazin\/fotopalyazatok\/iden-mas-lesz-a-karacsony-fotopalyazat\/#primaryimage"},"thumbnailUrl":"https:\/\/photonet.hu\/online\/wp-content\/uploads\/2014\/12\/iden_mas_lesz-a-karacsony_streetkitchen.jpg","datePublished":"2014-12-08T11:04:18+00:00","dateModified":"2014-12-09T11:10:25+00:00","breadcrumb":{"@id":"https:\/\/photonet.hu\/online\/magazin\/fotopalyazatok\/iden-mas-lesz-a-karacsony-fotopalyazat\/#breadcrumb"},"inLanguage":"hu","potentialAction":[{"@type":"ReadAction","target":["https:\/\/photonet.hu\/online\/magazin\/fotopalyazatok\/iden-mas-lesz-a-karacsony-fotopalyazat\/"]}]},{"@type":"ImageObject","inLanguage":"hu","@id":"https:\/\/photonet.hu\/online\/magazin\/fotopalyazatok\/iden-mas-lesz-a-karacsony-fotopalyazat\/#primaryimage","url":"https:\/\/photonet.hu\/online\/wp-content\/uploads\/2014\/12\/iden_mas_lesz-a-karacsony_streetkitchen.jpg","contentUrl":"https:\/\/photonet.hu\/online\/wp-content\/uploads\/2014\/12\/iden_mas_lesz-a-karacsony_streetkitchen.jpg","width":800,"height":497,"caption":"Street Kitchen Facebook fot\u00f3p\u00e1ly\u00e1zat"},{"@type":"BreadcrumbList","@id":"https:\/\/photonet.hu\/online\/magazin\/fotopalyazatok\/iden-mas-lesz-a-karacsony-fotopalyazat\/#breadcrumb","itemListElement":[{"@type":"ListItem","position":1,"name":"Kezd\u0151lap","item":"https:\/\/photonet.hu\/online\/"},{"@type":"ListItem","position":2,"name":"Id\u00e9n m\u00e1s lesz a kar\u00e1csony fot\u00f3p\u00e1ly\u00e1zat"}]},{"@type":"WebSite","@id":"\/#website","url":"\/","name":"Photonet","description":"Photonet - online fot\u00f3s magazin","publisher":{"@id":"\/#organization"},"potentialAction":[{"@type":"SearchAction","target":{"@type":"EntryPoint","urlTemplate":"\/?s={search_term_string}"},"query-input":{"@type":"PropertyValueSpecification","valueRequired":true,"valueName":"search_term_string"}}],"inLanguage":"hu"},{"@type":"Organization","@id":"\/#organization","name":"Photonet","url":"\/","logo":{"@type":"ImageObject","inLanguage":"hu","@id":"\/#\/schema\/logo\/image\/","url":"https:\/\/photonet.hu\/online\/wp-content\/uploads\/2026\/02\/photonet_lens_shutter_512.png","contentUrl":"https:\/\/photonet.hu\/online\/wp-content\/uploads\/2026\/02\/photonet_lens_shutter_512.png","width":512,"height":512,"caption":"Photonet"},"image":{"@id":"\/#\/schema\/logo\/image\/"},"sameAs":["https:\/\/www.facebook.com\/photonet.hu","https:\/\/x.com\/photonethu","https:\/\/www.pinterest.com\/acsienator\/photography\/"]},{"@type":"Person","@id":"\/#\/schema\/person\/b8065e4118b8cea4068716ccbdd92f94","name":"photonet","image":{"@type":"ImageObject","inLanguage":"hu","@id":"https:\/\/secure.gravatar.com\/avatar\/7c91ab952e1e196e2bf6641a013b7b971ffa12946ddbf0f05fb85f62d3433ce2?s=96&d=mm&r=g","url":"https:\/\/secure.gravatar.com\/avatar\/7c91ab952e1e196e2bf6641a013b7b971ffa12946ddbf0f05fb85f62d3433ce2?s=96&d=mm&r=g","contentUrl":"https:\/\/secure.gravatar.com\/avatar\/7c91ab952e1e196e2bf6641a013b7b971ffa12946ddbf0f05fb85f62d3433ce2?s=96&d=mm&r=g","caption":"photonet"},"description":"szerkeszt\u0151 - photonet, online fot\u00f3s magazin","sameAs":["http:\/\/photonet.hu","https:\/\/www.facebook.com\/photonet.hu","https:\/\/x.com\/https:\/\/x.com\/photonethu"],"url":"https:\/\/photonet.hu\/online\/author\/photonet\/"}]}},"_links":{"self":[{"href":"https:\/\/photonet.hu\/online\/wp-json\/wp\/v2\/posts\/799","targetHints":{"allow":["GET"]}}],"collection":[{"href":"https:\/\/photonet.hu\/online\/wp-json\/wp\/v2\/posts"}],"about":[{"href":"https:\/\/photonet.hu\/online\/wp-json\/wp\/v2\/types\/post"}],"author":[{"embeddable":true,"href":"https:\/\/photonet.hu\/online\/wp-json\/wp\/v2\/users\/1"}],"replies":[{"embeddable":true,"href":"https:\/\/photonet.hu\/online\/wp-json\/wp\/v2\/comments?post=799"}],"version-history":[{"count":0,"href":"https:\/\/photonet.hu\/online\/wp-json\/wp\/v2\/posts\/799\/revisions"}],"wp:featuredmedia":[{"embeddable":true,"href":"https:\/\/photonet.hu\/online\/wp-json\/wp\/v2\/media\/800"}],"wp:attachment":[{"href":"https:\/\/photonet.hu\/online\/wp-json\/wp\/v2\/media?parent=799"}],"wp:term":[{"taxonomy":"category","embeddable":true,"href":"https:\/\/photonet.hu\/online\/wp-json\/wp\/v2\/categories?post=799"},{"taxonomy":"post_tag","embeddable":true,"href":"https:\/\/photonet.hu\/online\/wp-json\/wp\/v2\/tags?post=799"}],"curies":[{"name":"wp","href":"https:\/\/api.w.org\/{rel}","templated":true}]}}