{"id":698,"date":"2014-09-25T15:30:09","date_gmt":"2014-09-25T13:30:09","guid":{"rendered":"https:\/\/photonet.hu\/online\/?p=698"},"modified":"2014-09-25T15:30:09","modified_gmt":"2014-09-25T13:30:09","slug":"uj-olympus-fenykepezogep-objektiv-es-telekonverter","status":"publish","type":"post","link":"https:\/\/photonet.hu\/online\/magazin\/felszereles\/uj-olympus-fenykepezogep-objektiv-es-telekonverter\/","title":{"rendered":"\u00daj Olympus f\u00e9nyk\u00e9pez\u0151g\u00e9p, objekt\u00edv \u00e9s telekonverter"},"content":{"rendered":"<p>Az Olympus tov\u00e1bb b\u0151v\u00edti t\u00f6bbsz\u00f6r\u00f6s d\u00edjnyertes professzion\u00e1lis term\u00e9kk\u00edn\u00e1lat\u00e1t egy ez\u00fcst sz\u00edn\u0171 OM-D E-M1 g\u00e9ppel, firmware friss\u00edt\u00e9ssel, szupergyors 40-<br \/>\n150mm zoom teleobjekt\u00edvvel \u00e9s egy 1.4x telekonverterrel.<\/p>\n<p><!--more-->Az egyre n\u00f6vekv\u0151 sz\u00e1m\u00fa, profi ig\u00e9ny\u0171 fot\u00f3s sz\u00e1m\u00e1ra az Olympus egy olyan ir\u00e1nymutat\u00f3 m\u00e1rka, mely kiv\u00e1l\u00f3an hordozhat\u00f3, pro-standard, b\u00e1rmilyen id\u0151j\u00e1r\u00e1si k\u00f6r\u00fclm\u00e9ny eset\u00e9n is haszn\u00e1lhat\u00f3 rendszerf\u00e9nyk\u00e9pez\u0151g\u00e9peket \u00e9s objekt\u00edveket k\u00edn\u00e1l \u2013 \u00e9s ezt a trendet a leg\u00fajabb Olympus term\u00e9kek is k\u00f6vetik. Az imm\u00e1ron ikonikus OM-D E-M1 \u00faj verzi\u00f3ja friss\u00edtett firmware-rel ker\u00fcl a boltokba* \u00faj, Tethered Shooting, be\u00e9p\u00edtett Digital Shift \u00e9s Live Composite funkci\u00f3kkal.<\/p>\n<p>A profi fot\u00f3s amb\u00edci\u00f3kkal rendelkez\u0151k sz\u00e1m\u00e1ra az E-M1 gy\u00f6ny\u00f6r\u0171, \u00faj, ez\u00fcst kivitele, az \u00faj objekt\u00edv, illetve a kompatibilis telekonverter egyar\u00e1nt izgalmas lehet. Az elk\u00e9peszt\u0151en gyors M.Zuiko Digital ED 40-150mm 1:2.8 Pro (80-300mm**) objekt\u00edv a nagyon nagy zoom tartom\u00e1nyt kihaszn\u00e1l\u00f3 fot\u00f3z\u00e1shoz gy\u00e1ri tuning kittet is aj\u00e1nl: az M.Zuiko Digital 1.4x telekonvertert.<\/p>\n<p><a href=\"https:\/\/photonet.hu\/online\/wp-content\/uploads\/2014\/09\/olympus_om_d_e_m1_silver_fenykepezogep.jpg\"><img decoding=\"async\" class=\"alignnone size-full wp-image-701\" src=\"https:\/\/photonet.hu\/online\/wp-content\/uploads\/2014\/09\/olympus_om_d_e_m1_silver_fenykepezogep.jpg\" alt=\"Olympus OM-D E-M1 silver\" width=\"900\" height=\"675\" srcset=\"https:\/\/photonet.hu\/online\/wp-content\/uploads\/2014\/09\/olympus_om_d_e_m1_silver_fenykepezogep.jpg 900w, https:\/\/photonet.hu\/online\/wp-content\/uploads\/2014\/09\/olympus_om_d_e_m1_silver_fenykepezogep-768x576.jpg 768w, https:\/\/photonet.hu\/online\/wp-content\/uploads\/2014\/09\/olympus_om_d_e_m1_silver_fenykepezogep-560x420.jpg 560w, https:\/\/photonet.hu\/online\/wp-content\/uploads\/2014\/09\/olympus_om_d_e_m1_silver_fenykepezogep-80x60.jpg 80w, https:\/\/photonet.hu\/online\/wp-content\/uploads\/2014\/09\/olympus_om_d_e_m1_silver_fenykepezogep-150x113.jpg 150w, https:\/\/photonet.hu\/online\/wp-content\/uploads\/2014\/09\/olympus_om_d_e_m1_silver_fenykepezogep-300x225.jpg 300w, https:\/\/photonet.hu\/online\/wp-content\/uploads\/2014\/09\/olympus_om_d_e_m1_silver_fenykepezogep-696x522.jpg 696w, https:\/\/photonet.hu\/online\/wp-content\/uploads\/2014\/09\/olympus_om_d_e_m1_silver_fenykepezogep-265x198.jpg 265w\" sizes=\"(max-width: 900px) 100vw, 900px\" \/><\/a><\/p>\n<p>A \u201eSilver Upgrade\u201d E-M1 okt\u00f3ber elej\u00e9t\u0151l el\u00e9rhet\u0151. A v\u00e1z 449.990 forintos javasolt fogyaszt\u00f3i \u00e1ron, valamint az M.Zuiko Digital ED 12-40mm 1:2.8 Pro objekt\u00edvvel kittben 649.990 forintos \u00e1ron. Az \u00faj 40-150mm zoom objekt\u00edv \u00e9s az 1.4x telekonverter November elej\u00e9t\u0151l kaphat\u00f3. Az objekt\u00edv \u00e1ra 469.990 forint, a telekonverter\u00e9 pedig 119.990, illetve a kett\u0151 egy\u00fctt 519.990 forintos javasolt fogyaszt\u00f3i \u00e1ron \u00e9rhet\u0151 el.<\/p>\n<h2>Professzion\u00e1lis design<\/h2>\n<p>Az E-M1 kompakt \u00e9s k\u00f6nny\u0171 kivitele ellen\u00e9re \u2013 hiszen kb. 38{1e4ba48922546e8fb5295e22a286fb227a593bde17b79678109e95948b0eed58}-kal kisebb s\u00faly\u00fa, mint egy \u00e1tlagos DSLR f\u00e9nyk\u00e9pez\u0151g\u00e9p \u2013 ez az OM-D az Olympus t\u00f6rt\u00e9net\u00e9nek legjobb min\u0151s\u00e9g\u0171 felv\u00e9teleit biztos\u00edtja sz\u00e1munkra. Ez nem utols\u00f3sorban a vil\u00e1g els\u0151 5-tengelyes k\u00e9pstabiliz\u00e1tor\u00e1nak, valamint a TruePic VII k\u00e9pprocesszornak \u00e9s a Live MOS szenzornak is k\u00f6sz\u00f6nhet\u0151. Az els\u0151, fekete E-M1 m\u00e1r t\u00f6bb d\u00edjat is bezsebelt \u2013 az \u00faj, ez\u00fcst verzi\u00f3 pedig folytatja az OM-D trad\u00edci\u00f3t: a retr\u00f3 hangulat\u00fa, ikonikus-sz\u00f6gletes, f\u00e9mb\u0151l k\u00e9sz\u00fclt v\u00e1zzal ell\u00e1tott f\u00e9nyk\u00e9pez\u0151g\u00e9pek\u00e9t, melyek helyt \u00e1llnak a sokkal nehezebb \u00e9s nagyobb m\u00e9ret\u0171 Full-format \u00e9s APS-C DSLR g\u00e9pekkel szemben.<\/p>\n<h2>Professzion\u00e1lis munkafolyamatok<\/h2>\n<p>Az Olympus tervez\u0151i sz\u00e1m\u00e1ra egy\u00e9rtelm\u0171: a k\u00fcls\u0151 \u00e9rt\u00e9kekn\u00e9l a bels\u0151k m\u00e9g fontosabbak: az \u00faj E-M1 bemutatkoz\u00e1s\u00e1t k\u00eds\u00e9r\u0151 firmware friss\u00edt\u00e9s pedig a profi \u00e9s a hobbi fot\u00f3sok \u00e9rdekl\u0151d\u00e9s\u00e9re is sz\u00e1mot tarthat. Az Olympus a fot\u00f3z\u00e1st hivat\u00e1sk\u00e9nt \u0171z\u0151 fot\u00f3sok ig\u00e9nyeire v\u00e1laszolva fejlesztette ki a 2.0 firmware verzi\u00f3t, mely az USB Tethered Shooting funkci\u00f3t is mag\u00e1ban foglalja \u2013 a lehet\u0151s\u00e9get a st\u00fadi\u00f3fot\u00f3z\u00e1s munkafolyamataiba val\u00f3 teljes integr\u00e1ci\u00f3ra. Miut\u00e1n az E-M1-et USB k\u00e1bel seg\u00edts\u00e9g\u00e9vel sz\u00e1m\u00edt\u00f3g\u00e9phez csatlakoztatjuk, az ingyenes Olympus Capture szoftverrel*** a f\u00e9nyk\u00e9pez\u0151g\u00e9p Live View k\u00e9pe megjelen\u00edthet\u0151 a k\u00e9perny\u0151n \u2013 \u00edgy az egyes v\u00e1ltoztat\u00e1sok, illetve ig\u00e9nyek gond n\u00e9lk\u00fcl, azonnal megvitathat\u00f3k a modellekkel, \u00fcgyfelekkel \u00e9s a team t\u00f6bbi tagj\u00e1val. Term\u00e9szetesen a be\u00e1ll\u00edt\u00e1sok, illetve a kiold\u00f3 k\u00f6zvetlen\u00fcl a sz\u00e1m\u00edt\u00f3g\u00e9pr\u0151l is vez\u00e9relhet\u0151k.<\/p>\n<p>[info]Az \u00faj firmware friss\u00edt\u00e9s minden E-M1 tulajdonos sz\u00e1m\u00e1ra el\u00e9rhet\u0151 Szeptember 16-t\u00f3l.[\/info]<\/p>\n<h2>Professzion\u00e1lis korrekci\u00f3s lehet\u0151s\u00e9gek<\/h2>\n<p>A 2.0 firmware m\u00e1sik \u00fajdons\u00e1ga els\u0151sorban az \u00e9p\u00fcletfot\u00f3z\u00e1sban jut kiemelt szerephez: ez a be\u00e9p\u00edtett Digital Shift funkci\u00f3. A k\u00e9t vez\u00e9rl\u0151t\u00e1rcs\u00e1val a trapezoid torz\u00edt\u00e1s \u00e1ltal egym\u00e1s fel\u00e9 konverg\u00e1l\u00f3 vonalak korrekci\u00f3ja v\u00e9gezhet\u0151 el gond n\u00e9lk\u00fcl, a Live View k\u00e9p\u00e9n \u2013 az alkalmazott objekt\u00edvt\u0151l f\u00fcggetlen\u00fcl. Nincs sz\u00fcks\u00e9g ut\u00f3munk\u00e1ra, vagy az objekt\u00edv \u00e1ll\u00edtgat\u00e1s\u00e1ra. Az 5-tengelyes k\u00e9pstabiliz\u00e1tor, a Dual Fast AF \u00e9s az OM-D-t f\u00e9mjelz\u0151 id\u0151j\u00e1r\u00e1s\u00e1ll\u00f3 kivitel (az E-M1 por, csepp- \u00e9s fagy\u00e1ll\u00f3****), valamint az \u00faj Digital Shift funkci\u00f3 \u00e1ltal az E-M1-et ide\u00e1lis \u00e9p\u00fcletek \u201epro-standard\u201d fot\u00f3z\u00e1s\u00e1ra \u2013 a legk\u00fcl\u00f6nf\u00e9l\u00e9bb k\u00fcls\u0151 l\u00e1t\u00f3sz\u00f6gekb\u0151l \u00e9s szinte minden id\u0151j\u00e1r\u00e1si k\u00f6r\u00fclm\u00e9ny mellett.<\/p>\n<p>Az \u00faj firmware-ben tal\u00e1lunk Live Composite funkci\u00f3t, k\u00e9t \u00faj kreat\u00edv M\u0171v\u00e9szi sz\u0171r\u0151t \u00e9s tov\u00e1bb cs\u00f6kkentett elektronikus keres\u0151 k\u00e9s\u00e9st (29ms helyett mind\u00f6ssze 16ms). A Live Composite funkci\u00f3val a f\u00e9nyek s\u00e1vjai \u00f6r\u00f6k\u00edthet\u0151k meg \u2013 p\u00e9ld\u00e1ul a csillagok\u00e9, a t\u0171zij\u00e1t\u00e9k\u00e9, vagy az aut\u00f3k\u00e9 \u2013 olyan esetekben, amikor a f\u00e9nyviszonyok t\u00fal vil\u00e1gosak lenn\u00e9nek a Live Bulb funkci\u00f3 haszn\u00e1lat\u00e1hoz. A felv\u00e9tel folyamata r\u00e1ad\u00e1sul a Live View k\u00e9pen k\u00f6vethet\u0151.<\/p>\n<p>A Partial Colour \u00e9s Vintage M\u0171v\u00e9szi sz\u0171r\u0151k a be\u00e9p\u00edtett, kifinomult effektek leg\u00fajabb verzi\u00f3i: a Partial Colour a k\u00e9p egy r\u00e9szlet\u00e9t sz\u00ednnel emeli ki, m\u00edg a k\u00e9p t\u00f6bbi r\u00e9sz\u00e9t fekete-feh\u00e9r verzi\u00f3ban hagyja. A Partial Colour \u00e9s a Vintage sz\u0171r\u0151 is \u2013 mely kifejezetten nosztalgikus hangulat\u00fa felv\u00e9telek k\u00e9sz\u00edt\u00e9s\u00e9t teszi lehet\u0151v\u00e9 \u2013 h\u00e1romf\u00e9le hat\u00e1s-be\u00e1ll\u00edt\u00e1s lehet\u0151s\u00e9g\u00e9t k\u00edn\u00e1lja.<\/p>\n<p>Az E-M1 OI.Share szoftverre vonatkoz\u00f3 friss\u00edt\u00e9s\u00e9nek eredm\u00e9nyek\u00e9ppen a kompatibilis okostelefonnal, Wi-Fi-n kereszt\u00fcl t\u00e1vvez\u00e9relhet\u0151 funkci\u00f3k k\u00f6re is kib\u0151v\u00fclt. A kiold\u00f3, Live View k\u00e9pmegjelen\u00edt\u00e9s \u00e9s a P,A, S, M vez\u00e9rl\u00e9s mellett p\u00e9ld\u00e1ul m\u00e1r az id\u0151z\u00edt\u0151 is t\u00e1vir\u00e1ny\u00edthat\u00f3 a sorozatfelv\u00e9tel \u00e9s az id\u0151z\u00edtett sorozatfelv\u00e9tel funkci\u00f3k be\u00e1ll\u00edt\u00e1s\u00e1hoz \u00e9s aktiv\u00e1l\u00e1s\u00e1hoz \u2013 az okostelefon \u00e9rint\u0151kijelz\u0151j\u00e9r\u0151l.<\/p>\n<h2>Professzion\u00e1lis zoom objekt\u00edv min\u0151s\u00e9g<\/h2>\n<p>Mint ahogy az E-M1, az M.Zuiko Digital ED 40-150mm 1:2.8 Pro (80-300mm**) zoom objekt\u00edv is por-csepp-, illetve fagy\u00e1ll\u00f3 **** \u2013 \u00e9s kiemelked\u0151 a profi kateg\u00f3ri\u00e1ban. A DSLR-ek eset\u00e9ben a professzion\u00e1lis objekt\u00edveket a \u2018t\u00fal nagy, t\u00fal hossz\u00fa, t\u00fal neh\u00e9z\u2019 jelz\u0151k jellemzik \u2013 az Olympus pedig a tipikus Full-frame objekt\u00edvek azonos param\u00e9tereit \u00e9s tud\u00e1s\u00e1t egy j\u00f3val kisebb \u00e9s k\u00f6nnyebb kivitelben k\u00edn\u00e1lja.<\/p>\n<p><a href=\"https:\/\/photonet.hu\/online\/wp-content\/uploads\/2014\/09\/olympus_zuiko_digital_ed_40_150_objektiv.jpg\"><img decoding=\"async\" class=\"alignnone size-full wp-image-702\" src=\"https:\/\/photonet.hu\/online\/wp-content\/uploads\/2014\/09\/olympus_zuiko_digital_ed_40_150_objektiv.jpg\" alt=\"M.Zuiko Digital ED 40-150mm 1:2.8 Pro\" width=\"900\" height=\"675\" srcset=\"https:\/\/photonet.hu\/online\/wp-content\/uploads\/2014\/09\/olympus_zuiko_digital_ed_40_150_objektiv.jpg 900w, https:\/\/photonet.hu\/online\/wp-content\/uploads\/2014\/09\/olympus_zuiko_digital_ed_40_150_objektiv-768x576.jpg 768w, https:\/\/photonet.hu\/online\/wp-content\/uploads\/2014\/09\/olympus_zuiko_digital_ed_40_150_objektiv-560x420.jpg 560w, https:\/\/photonet.hu\/online\/wp-content\/uploads\/2014\/09\/olympus_zuiko_digital_ed_40_150_objektiv-80x60.jpg 80w, https:\/\/photonet.hu\/online\/wp-content\/uploads\/2014\/09\/olympus_zuiko_digital_ed_40_150_objektiv-150x113.jpg 150w, https:\/\/photonet.hu\/online\/wp-content\/uploads\/2014\/09\/olympus_zuiko_digital_ed_40_150_objektiv-300x225.jpg 300w, https:\/\/photonet.hu\/online\/wp-content\/uploads\/2014\/09\/olympus_zuiko_digital_ed_40_150_objektiv-696x522.jpg 696w, https:\/\/photonet.hu\/online\/wp-content\/uploads\/2014\/09\/olympus_zuiko_digital_ed_40_150_objektiv-265x198.jpg 265w\" sizes=\"(max-width: 900px) 100vw, 900px\" \/><\/a><\/p>\n<p>Az \u00faj objekt\u00edv egyben \u00faj rekorder is: olyan f\u00f3kusz rendszert alkalmaz, mely els\u0151k\u00e9nt k\u00e9t cs\u00facsmin\u0151s\u00e9g\u0171 lencsetagot kett\u0151s lin\u00e1ris motorral mozgat \u2013 ezzel pedig elk\u00e9peszt\u0151en gyors \u00e9less\u00e9g\u00e1ll\u00edt\u00e1st tesz lehet\u0151v\u00e9. S\u0151t! Az \u00faj rendszer kifejezetten halk, \u00edgy a k\u00f6nnyen megijeszthet\u0151 \u00e1llatok, p\u00e9ld\u00e1ul rep\u00fcl\u0151 rovarok fot\u00f3z\u00e1s\u00e1ra is ide\u00e1lis \u2013 persze ugyan\u00edgy t\u00f6k\u00e9letes sportesem\u00e9nyek, vagy esk\u00fcv\u0151k meg\u00f6r\u00f6k\u00edt\u00e9s\u00e9re is. A minden f\u00f3kusztartom\u00e1nyban rendelkez\u00e9sre \u00e1ll\u00f3 minimum 70cm t\u00e1rgyt\u00e1vols\u00e1g, az egyedi ig\u00e9nyeknek megfelel\u0151en konfigur\u00e1lhat\u00f3 Fn gomb, valamint a manu\u00e1lis f\u00f3kuszgy\u0171r\u0171 \u00e1tkapcsol\u00f3 mechanika \u00e9s az elcs\u00fasztathat\u00f3 objekt\u00edv v\u00e9d\u0151kupak \u00e1ltal az \u00faj M.Zuiko Digital ED 40-150mm 1:2.8 Pro (80-300mm**) mindig, minden k\u00f6r\u00fclm\u00e9nyek k\u00f6z\u00f6tt megb\u00edzhat\u00f3 teljes\u00edtm\u00e9nyt ny\u00fajt \u00e9s egyszer\u0171en haszn\u00e1lhat\u00f3. Az \u00f3ri\u00e1si zoomtartom\u00e1ny \u00e9s a minden gy\u00fajt\u00f3t\u00e1vols\u00e1gon rendelkez\u00e9sre \u00e1ll\u00f3 1:2.8 maxim\u00e1lis f\u00e9ny\u00e9rt\u00e9k mag\u00e1t\u00f3l \u00e9rtet\u0151d\u0151en kiemelked\u0151 optikai teljes\u00edtm\u00e9nyt ny\u00fajt.<\/p>\n<h2>Professzion\u00e1lis zoomtartom\u00e1ny<\/h2>\n<p>Ha m\u00e9g nagyobb zoomra lenne sz\u00fcks\u00e9g, az 1.4x telekonverter az M.Zuiko Digital ED 40-150mm 1:2.8 Pro (80-300mm**) objekt\u00edv zoomtartom\u00e1ny\u00e1t 420** mm-re n\u00f6veli. A mind\u00f6ssze 15mm v\u00e9kony, k\u00f6nny\u0171, egyszer\u0171en hordozhat\u00f3 kieg\u00e9sz\u00edt\u0151 a komoly fot\u00f3s felszerel\u00e9s r\u00e9sze lehet. Robusztus, f\u00e9m, por-, csepp- \u00e9s fagy\u00e1ll\u00f3**** kivitele, valamint \u00e9p\u00edt\u00e9si min\u0151s\u00e9ge pedig t\u00f6k\u00e9letesen illeszkedik a PRO objekt\u00edvek csal\u00e1dj\u00e1ba \u2013 hiszen a t\u00f6bbiekkel egy\u00fctt ak\u00e1r k\u00fcls\u0151 helysz\u00ednen, es\u0151ben is gond n\u00e9lk\u00fcl haszn\u00e1lhatjuk.<\/p>\n<h2>Professzion\u00e1lis v\u00e9delem<\/h2>\n<p>Az Olympus egy profi szint\u0171 sz\u0171r\u0151t is kifejlesztett az M.Zuiko Digital ED 40-150mm 1:2.8 Pro (80-300mm**) zoom objekt\u00edv sz\u00e1m\u00e1ra. A Zuiko objekt\u00edvek k\u00f6z\u00f6tt a maga nem\u00e9ben els\u0151nek sz\u00e1m\u00edt\u00f3 PRF-ZD72 Pro sz\u0171r\u0151 kifejezetten kompakt \u00e9s Zero bevonattal (a szellemk\u00e9p \u00e9s a becsillan\u00e1s ellen), valamint t\u00fckr\u00f6z\u0151d\u00e9smentes\u00edt\u0151 r\u00e9teggel is rendelkezik \u2013 a foglalat pedig matt alumit bevonatot kapott. Ugyanez a v\u00e9delem el\u00e9rhet\u0151 az M.Zuiko Digital ED 12-40mm 1:2.8 Pro objekt\u00edvhez is, a Zuiko PRF-ZD62 Pro form\u00e1j\u00e1ban.<\/p>\n<p>Tov\u00e1bbi inform\u00e1ci\u00f3k az <a title=\"Olympus weboldal\" href=\"http:\/\/www.olympus-europa.com\" target=\"_blank\">Olympus weboldal\u00e1n<\/a><\/p>\n<p><em>* Megfelel 24mm-nek egy hagyom\u00e1nyos, 35mm-es f\u00e9nyk\u00e9pez\u0151g\u00e9pen<\/em><\/p>\n","protected":false},"excerpt":{"rendered":"<p>Az Olympus tov\u00e1bb b\u0151v\u00edti t\u00f6bbsz\u00f6r\u00f6s d\u00edjnyertes professzion\u00e1lis term\u00e9kk\u00edn\u00e1lat\u00e1t egy ez\u00fcst sz\u00edn\u0171 OM-D E-M1 g\u00e9ppel, firmware friss\u00edt\u00e9ssel, szupergyors 40- 150mm zoom teleobjekt\u00edvvel \u00e9s egy 1.4x telekonverterrel.<\/p>\n","protected":false},"author":1,"featured_media":700,"comment_status":"open","ping_status":"open","sticky":false,"template":"","format":"standard","meta":{"footnotes":""},"categories":[101],"tags":[106,108,198,148],"class_list":{"0":"post-698","1":"post","2":"type-post","3":"status-publish","4":"format-standard","5":"has-post-thumbnail","7":"category-felszereles","8":"tag-digitalis","9":"tag-fenykepezogep","10":"tag-objektiv","11":"tag-olympus"},"yoast_head":"<!-- This site is optimized with the Yoast SEO plugin v27.4 - https:\/\/yoast.com\/product\/yoast-seo-wordpress\/ -->\n<title>\u00daj Olympus f\u00e9nyk\u00e9pez\u0151g\u00e9p, objekt\u00edv \u00e9s telekonverter - Photonet<\/title>\n<meta name=\"robots\" content=\"index, follow, max-snippet:-1, max-image-preview:large, max-video-preview:-1\" \/>\n<link rel=\"canonical\" href=\"https:\/\/photonet.hu\/online\/magazin\/felszereles\/uj-olympus-fenykepezogep-objektiv-es-telekonverter\/\" \/>\n<meta property=\"og:locale\" content=\"hu_HU\" \/>\n<meta property=\"og:type\" content=\"article\" \/>\n<meta property=\"og:title\" content=\"\u00daj Olympus f\u00e9nyk\u00e9pez\u0151g\u00e9p, objekt\u00edv \u00e9s telekonverter - Photonet\" \/>\n<meta property=\"og:description\" content=\"Az Olympus tov\u00e1bb b\u0151v\u00edti t\u00f6bbsz\u00f6r\u00f6s d\u00edjnyertes professzion\u00e1lis term\u00e9kk\u00edn\u00e1lat\u00e1t egy ez\u00fcst sz\u00edn\u0171 OM-D E-M1 g\u00e9ppel, firmware friss\u00edt\u00e9ssel, szupergyors 40- 150mm zoom teleobjekt\u00edvvel \u00e9s egy 1.4x telekonverterrel.\" \/>\n<meta property=\"og:url\" content=\"https:\/\/photonet.hu\/online\/magazin\/felszereles\/uj-olympus-fenykepezogep-objektiv-es-telekonverter\/\" \/>\n<meta property=\"og:site_name\" content=\"Photonet\" \/>\n<meta property=\"article:publisher\" content=\"https:\/\/www.facebook.com\/photonet.hu\" \/>\n<meta property=\"article:author\" content=\"https:\/\/www.facebook.com\/photonet.hu\" \/>\n<meta property=\"article:published_time\" content=\"2014-09-25T13:30:09+00:00\" \/>\n<meta property=\"og:image\" content=\"https:\/\/photonet.hu\/online\/wp-content\/uploads\/2014\/09\/olympus_om_d_m1_digitalis_fenykepezogep.jpg\" \/>\n\t<meta property=\"og:image:width\" content=\"900\" \/>\n\t<meta property=\"og:image:height\" content=\"675\" \/>\n\t<meta property=\"og:image:type\" content=\"image\/jpeg\" \/>\n<meta name=\"author\" content=\"photonet\" \/>\n<meta name=\"twitter:card\" content=\"summary_large_image\" \/>\n<meta name=\"twitter:creator\" content=\"@https:\/\/x.com\/photonethu\" \/>\n<meta name=\"twitter:site\" content=\"@photonethu\" \/>\n<meta name=\"twitter:label1\" content=\"Szerz\u0151:\" \/>\n\t<meta name=\"twitter:data1\" content=\"photonet\" \/>\n\t<meta name=\"twitter:label2\" content=\"Becs\u00fclt olvas\u00e1si id\u0151\" \/>\n\t<meta name=\"twitter:data2\" content=\"8 perc\" \/>\n<script type=\"application\/ld+json\" class=\"yoast-schema-graph\">{\"@context\":\"https:\\\/\\\/schema.org\",\"@graph\":[{\"@type\":\"Article\",\"@id\":\"https:\\\/\\\/photonet.hu\\\/online\\\/magazin\\\/felszereles\\\/uj-olympus-fenykepezogep-objektiv-es-telekonverter\\\/#article\",\"isPartOf\":{\"@id\":\"https:\\\/\\\/photonet.hu\\\/online\\\/magazin\\\/felszereles\\\/uj-olympus-fenykepezogep-objektiv-es-telekonverter\\\/\"},\"author\":{\"name\":\"photonet\",\"@id\":\"\\\/#\\\/schema\\\/person\\\/b8065e4118b8cea4068716ccbdd92f94\"},\"headline\":\"\u00daj Olympus f\u00e9nyk\u00e9pez\u0151g\u00e9p, objekt\u00edv \u00e9s telekonverter\",\"datePublished\":\"2014-09-25T13:30:09+00:00\",\"mainEntityOfPage\":{\"@id\":\"https:\\\/\\\/photonet.hu\\\/online\\\/magazin\\\/felszereles\\\/uj-olympus-fenykepezogep-objektiv-es-telekonverter\\\/\"},\"wordCount\":1603,\"commentCount\":0,\"publisher\":{\"@id\":\"\\\/#organization\"},\"image\":{\"@id\":\"https:\\\/\\\/photonet.hu\\\/online\\\/magazin\\\/felszereles\\\/uj-olympus-fenykepezogep-objektiv-es-telekonverter\\\/#primaryimage\"},\"thumbnailUrl\":\"https:\\\/\\\/photonet.hu\\\/online\\\/wp-content\\\/uploads\\\/2014\\\/09\\\/olympus_om_d_m1_digitalis_fenykepezogep.jpg\",\"keywords\":[\"digit\u00e1lis\",\"f\u00e9nyk\u00e9pez\u0151g\u00e9p\",\"objekt\u00edv\",\"olympus\"],\"articleSection\":[\"Felszerel\u00e9s\"],\"inLanguage\":\"hu\",\"potentialAction\":[{\"@type\":\"CommentAction\",\"name\":\"Comment\",\"target\":[\"https:\\\/\\\/photonet.hu\\\/online\\\/magazin\\\/felszereles\\\/uj-olympus-fenykepezogep-objektiv-es-telekonverter\\\/#respond\"]}]},{\"@type\":\"WebPage\",\"@id\":\"https:\\\/\\\/photonet.hu\\\/online\\\/magazin\\\/felszereles\\\/uj-olympus-fenykepezogep-objektiv-es-telekonverter\\\/\",\"url\":\"https:\\\/\\\/photonet.hu\\\/online\\\/magazin\\\/felszereles\\\/uj-olympus-fenykepezogep-objektiv-es-telekonverter\\\/\",\"name\":\"\u00daj Olympus f\u00e9nyk\u00e9pez\u0151g\u00e9p, objekt\u00edv \u00e9s telekonverter - Photonet\",\"isPartOf\":{\"@id\":\"\\\/#website\"},\"primaryImageOfPage\":{\"@id\":\"https:\\\/\\\/photonet.hu\\\/online\\\/magazin\\\/felszereles\\\/uj-olympus-fenykepezogep-objektiv-es-telekonverter\\\/#primaryimage\"},\"image\":{\"@id\":\"https:\\\/\\\/photonet.hu\\\/online\\\/magazin\\\/felszereles\\\/uj-olympus-fenykepezogep-objektiv-es-telekonverter\\\/#primaryimage\"},\"thumbnailUrl\":\"https:\\\/\\\/photonet.hu\\\/online\\\/wp-content\\\/uploads\\\/2014\\\/09\\\/olympus_om_d_m1_digitalis_fenykepezogep.jpg\",\"datePublished\":\"2014-09-25T13:30:09+00:00\",\"breadcrumb\":{\"@id\":\"https:\\\/\\\/photonet.hu\\\/online\\\/magazin\\\/felszereles\\\/uj-olympus-fenykepezogep-objektiv-es-telekonverter\\\/#breadcrumb\"},\"inLanguage\":\"hu\",\"potentialAction\":[{\"@type\":\"ReadAction\",\"target\":[\"https:\\\/\\\/photonet.hu\\\/online\\\/magazin\\\/felszereles\\\/uj-olympus-fenykepezogep-objektiv-es-telekonverter\\\/\"]}]},{\"@type\":\"ImageObject\",\"inLanguage\":\"hu\",\"@id\":\"https:\\\/\\\/photonet.hu\\\/online\\\/magazin\\\/felszereles\\\/uj-olympus-fenykepezogep-objektiv-es-telekonverter\\\/#primaryimage\",\"url\":\"https:\\\/\\\/photonet.hu\\\/online\\\/wp-content\\\/uploads\\\/2014\\\/09\\\/olympus_om_d_m1_digitalis_fenykepezogep.jpg\",\"contentUrl\":\"https:\\\/\\\/photonet.hu\\\/online\\\/wp-content\\\/uploads\\\/2014\\\/09\\\/olympus_om_d_m1_digitalis_fenykepezogep.jpg\",\"width\":900,\"height\":675,\"caption\":\"\u00daj Olympus f\u00e9nyk\u00e9pez\u0151g\u00e9p\"},{\"@type\":\"BreadcrumbList\",\"@id\":\"https:\\\/\\\/photonet.hu\\\/online\\\/magazin\\\/felszereles\\\/uj-olympus-fenykepezogep-objektiv-es-telekonverter\\\/#breadcrumb\",\"itemListElement\":[{\"@type\":\"ListItem\",\"position\":1,\"name\":\"Kezd\u0151lap\",\"item\":\"https:\\\/\\\/photonet.hu\\\/online\\\/\"},{\"@type\":\"ListItem\",\"position\":2,\"name\":\"\u00daj Olympus f\u00e9nyk\u00e9pez\u0151g\u00e9p, objekt\u00edv \u00e9s telekonverter\"}]},{\"@type\":\"WebSite\",\"@id\":\"\\\/#website\",\"url\":\"\\\/\",\"name\":\"Photonet\",\"description\":\"Photonet - online fot\u00f3s magazin\",\"publisher\":{\"@id\":\"\\\/#organization\"},\"potentialAction\":[{\"@type\":\"SearchAction\",\"target\":{\"@type\":\"EntryPoint\",\"urlTemplate\":\"\\\/?s={search_term_string}\"},\"query-input\":{\"@type\":\"PropertyValueSpecification\",\"valueRequired\":true,\"valueName\":\"search_term_string\"}}],\"inLanguage\":\"hu\"},{\"@type\":\"Organization\",\"@id\":\"\\\/#organization\",\"name\":\"Photonet\",\"url\":\"\\\/\",\"logo\":{\"@type\":\"ImageObject\",\"inLanguage\":\"hu\",\"@id\":\"\\\/#\\\/schema\\\/logo\\\/image\\\/\",\"url\":\"https:\\\/\\\/photonet.hu\\\/online\\\/wp-content\\\/uploads\\\/2026\\\/02\\\/photonet_lens_shutter_512.png\",\"contentUrl\":\"https:\\\/\\\/photonet.hu\\\/online\\\/wp-content\\\/uploads\\\/2026\\\/02\\\/photonet_lens_shutter_512.png\",\"width\":512,\"height\":512,\"caption\":\"Photonet\"},\"image\":{\"@id\":\"\\\/#\\\/schema\\\/logo\\\/image\\\/\"},\"sameAs\":[\"https:\\\/\\\/www.facebook.com\\\/photonet.hu\",\"https:\\\/\\\/x.com\\\/photonethu\",\"https:\\\/\\\/www.pinterest.com\\\/acsienator\\\/photography\\\/\"]},{\"@type\":\"Person\",\"@id\":\"\\\/#\\\/schema\\\/person\\\/b8065e4118b8cea4068716ccbdd92f94\",\"name\":\"photonet\",\"image\":{\"@type\":\"ImageObject\",\"inLanguage\":\"hu\",\"@id\":\"https:\\\/\\\/secure.gravatar.com\\\/avatar\\\/7c91ab952e1e196e2bf6641a013b7b971ffa12946ddbf0f05fb85f62d3433ce2?s=96&d=mm&r=g\",\"url\":\"https:\\\/\\\/secure.gravatar.com\\\/avatar\\\/7c91ab952e1e196e2bf6641a013b7b971ffa12946ddbf0f05fb85f62d3433ce2?s=96&d=mm&r=g\",\"contentUrl\":\"https:\\\/\\\/secure.gravatar.com\\\/avatar\\\/7c91ab952e1e196e2bf6641a013b7b971ffa12946ddbf0f05fb85f62d3433ce2?s=96&d=mm&r=g\",\"caption\":\"photonet\"},\"description\":\"szerkeszt\u0151 - photonet, online fot\u00f3s magazin\",\"sameAs\":[\"http:\\\/\\\/photonet.hu\",\"https:\\\/\\\/www.facebook.com\\\/photonet.hu\",\"https:\\\/\\\/x.com\\\/https:\\\/\\\/x.com\\\/photonethu\"],\"url\":\"https:\\\/\\\/photonet.hu\\\/online\\\/author\\\/photonet\\\/\"}]}<\/script>\n<!-- \/ Yoast SEO plugin. -->","yoast_head_json":{"title":"\u00daj Olympus f\u00e9nyk\u00e9pez\u0151g\u00e9p, objekt\u00edv \u00e9s telekonverter - Photonet","robots":{"index":"index","follow":"follow","max-snippet":"max-snippet:-1","max-image-preview":"max-image-preview:large","max-video-preview":"max-video-preview:-1"},"canonical":"https:\/\/photonet.hu\/online\/magazin\/felszereles\/uj-olympus-fenykepezogep-objektiv-es-telekonverter\/","og_locale":"hu_HU","og_type":"article","og_title":"\u00daj Olympus f\u00e9nyk\u00e9pez\u0151g\u00e9p, objekt\u00edv \u00e9s telekonverter - Photonet","og_description":"Az Olympus tov\u00e1bb b\u0151v\u00edti t\u00f6bbsz\u00f6r\u00f6s d\u00edjnyertes professzion\u00e1lis term\u00e9kk\u00edn\u00e1lat\u00e1t egy ez\u00fcst sz\u00edn\u0171 OM-D E-M1 g\u00e9ppel, firmware friss\u00edt\u00e9ssel, szupergyors 40- 150mm zoom teleobjekt\u00edvvel \u00e9s egy 1.4x telekonverterrel.","og_url":"https:\/\/photonet.hu\/online\/magazin\/felszereles\/uj-olympus-fenykepezogep-objektiv-es-telekonverter\/","og_site_name":"Photonet","article_publisher":"https:\/\/www.facebook.com\/photonet.hu","article_author":"https:\/\/www.facebook.com\/photonet.hu","article_published_time":"2014-09-25T13:30:09+00:00","og_image":[{"width":900,"height":675,"url":"https:\/\/photonet.hu\/online\/wp-content\/uploads\/2014\/09\/olympus_om_d_m1_digitalis_fenykepezogep.jpg","type":"image\/jpeg"}],"author":"photonet","twitter_card":"summary_large_image","twitter_creator":"@https:\/\/x.com\/photonethu","twitter_site":"@photonethu","twitter_misc":{"Szerz\u0151:":"photonet","Becs\u00fclt olvas\u00e1si id\u0151":"8 perc"},"schema":{"@context":"https:\/\/schema.org","@graph":[{"@type":"Article","@id":"https:\/\/photonet.hu\/online\/magazin\/felszereles\/uj-olympus-fenykepezogep-objektiv-es-telekonverter\/#article","isPartOf":{"@id":"https:\/\/photonet.hu\/online\/magazin\/felszereles\/uj-olympus-fenykepezogep-objektiv-es-telekonverter\/"},"author":{"name":"photonet","@id":"\/#\/schema\/person\/b8065e4118b8cea4068716ccbdd92f94"},"headline":"\u00daj Olympus f\u00e9nyk\u00e9pez\u0151g\u00e9p, objekt\u00edv \u00e9s telekonverter","datePublished":"2014-09-25T13:30:09+00:00","mainEntityOfPage":{"@id":"https:\/\/photonet.hu\/online\/magazin\/felszereles\/uj-olympus-fenykepezogep-objektiv-es-telekonverter\/"},"wordCount":1603,"commentCount":0,"publisher":{"@id":"\/#organization"},"image":{"@id":"https:\/\/photonet.hu\/online\/magazin\/felszereles\/uj-olympus-fenykepezogep-objektiv-es-telekonverter\/#primaryimage"},"thumbnailUrl":"https:\/\/photonet.hu\/online\/wp-content\/uploads\/2014\/09\/olympus_om_d_m1_digitalis_fenykepezogep.jpg","keywords":["digit\u00e1lis","f\u00e9nyk\u00e9pez\u0151g\u00e9p","objekt\u00edv","olympus"],"articleSection":["Felszerel\u00e9s"],"inLanguage":"hu","potentialAction":[{"@type":"CommentAction","name":"Comment","target":["https:\/\/photonet.hu\/online\/magazin\/felszereles\/uj-olympus-fenykepezogep-objektiv-es-telekonverter\/#respond"]}]},{"@type":"WebPage","@id":"https:\/\/photonet.hu\/online\/magazin\/felszereles\/uj-olympus-fenykepezogep-objektiv-es-telekonverter\/","url":"https:\/\/photonet.hu\/online\/magazin\/felszereles\/uj-olympus-fenykepezogep-objektiv-es-telekonverter\/","name":"\u00daj Olympus f\u00e9nyk\u00e9pez\u0151g\u00e9p, objekt\u00edv \u00e9s telekonverter - Photonet","isPartOf":{"@id":"\/#website"},"primaryImageOfPage":{"@id":"https:\/\/photonet.hu\/online\/magazin\/felszereles\/uj-olympus-fenykepezogep-objektiv-es-telekonverter\/#primaryimage"},"image":{"@id":"https:\/\/photonet.hu\/online\/magazin\/felszereles\/uj-olympus-fenykepezogep-objektiv-es-telekonverter\/#primaryimage"},"thumbnailUrl":"https:\/\/photonet.hu\/online\/wp-content\/uploads\/2014\/09\/olympus_om_d_m1_digitalis_fenykepezogep.jpg","datePublished":"2014-09-25T13:30:09+00:00","breadcrumb":{"@id":"https:\/\/photonet.hu\/online\/magazin\/felszereles\/uj-olympus-fenykepezogep-objektiv-es-telekonverter\/#breadcrumb"},"inLanguage":"hu","potentialAction":[{"@type":"ReadAction","target":["https:\/\/photonet.hu\/online\/magazin\/felszereles\/uj-olympus-fenykepezogep-objektiv-es-telekonverter\/"]}]},{"@type":"ImageObject","inLanguage":"hu","@id":"https:\/\/photonet.hu\/online\/magazin\/felszereles\/uj-olympus-fenykepezogep-objektiv-es-telekonverter\/#primaryimage","url":"https:\/\/photonet.hu\/online\/wp-content\/uploads\/2014\/09\/olympus_om_d_m1_digitalis_fenykepezogep.jpg","contentUrl":"https:\/\/photonet.hu\/online\/wp-content\/uploads\/2014\/09\/olympus_om_d_m1_digitalis_fenykepezogep.jpg","width":900,"height":675,"caption":"\u00daj Olympus f\u00e9nyk\u00e9pez\u0151g\u00e9p"},{"@type":"BreadcrumbList","@id":"https:\/\/photonet.hu\/online\/magazin\/felszereles\/uj-olympus-fenykepezogep-objektiv-es-telekonverter\/#breadcrumb","itemListElement":[{"@type":"ListItem","position":1,"name":"Kezd\u0151lap","item":"https:\/\/photonet.hu\/online\/"},{"@type":"ListItem","position":2,"name":"\u00daj Olympus f\u00e9nyk\u00e9pez\u0151g\u00e9p, objekt\u00edv \u00e9s telekonverter"}]},{"@type":"WebSite","@id":"\/#website","url":"\/","name":"Photonet","description":"Photonet - online fot\u00f3s magazin","publisher":{"@id":"\/#organization"},"potentialAction":[{"@type":"SearchAction","target":{"@type":"EntryPoint","urlTemplate":"\/?s={search_term_string}"},"query-input":{"@type":"PropertyValueSpecification","valueRequired":true,"valueName":"search_term_string"}}],"inLanguage":"hu"},{"@type":"Organization","@id":"\/#organization","name":"Photonet","url":"\/","logo":{"@type":"ImageObject","inLanguage":"hu","@id":"\/#\/schema\/logo\/image\/","url":"https:\/\/photonet.hu\/online\/wp-content\/uploads\/2026\/02\/photonet_lens_shutter_512.png","contentUrl":"https:\/\/photonet.hu\/online\/wp-content\/uploads\/2026\/02\/photonet_lens_shutter_512.png","width":512,"height":512,"caption":"Photonet"},"image":{"@id":"\/#\/schema\/logo\/image\/"},"sameAs":["https:\/\/www.facebook.com\/photonet.hu","https:\/\/x.com\/photonethu","https:\/\/www.pinterest.com\/acsienator\/photography\/"]},{"@type":"Person","@id":"\/#\/schema\/person\/b8065e4118b8cea4068716ccbdd92f94","name":"photonet","image":{"@type":"ImageObject","inLanguage":"hu","@id":"https:\/\/secure.gravatar.com\/avatar\/7c91ab952e1e196e2bf6641a013b7b971ffa12946ddbf0f05fb85f62d3433ce2?s=96&d=mm&r=g","url":"https:\/\/secure.gravatar.com\/avatar\/7c91ab952e1e196e2bf6641a013b7b971ffa12946ddbf0f05fb85f62d3433ce2?s=96&d=mm&r=g","contentUrl":"https:\/\/secure.gravatar.com\/avatar\/7c91ab952e1e196e2bf6641a013b7b971ffa12946ddbf0f05fb85f62d3433ce2?s=96&d=mm&r=g","caption":"photonet"},"description":"szerkeszt\u0151 - photonet, online fot\u00f3s magazin","sameAs":["http:\/\/photonet.hu","https:\/\/www.facebook.com\/photonet.hu","https:\/\/x.com\/https:\/\/x.com\/photonethu"],"url":"https:\/\/photonet.hu\/online\/author\/photonet\/"}]}},"_links":{"self":[{"href":"https:\/\/photonet.hu\/online\/wp-json\/wp\/v2\/posts\/698","targetHints":{"allow":["GET"]}}],"collection":[{"href":"https:\/\/photonet.hu\/online\/wp-json\/wp\/v2\/posts"}],"about":[{"href":"https:\/\/photonet.hu\/online\/wp-json\/wp\/v2\/types\/post"}],"author":[{"embeddable":true,"href":"https:\/\/photonet.hu\/online\/wp-json\/wp\/v2\/users\/1"}],"replies":[{"embeddable":true,"href":"https:\/\/photonet.hu\/online\/wp-json\/wp\/v2\/comments?post=698"}],"version-history":[{"count":0,"href":"https:\/\/photonet.hu\/online\/wp-json\/wp\/v2\/posts\/698\/revisions"}],"wp:featuredmedia":[{"embeddable":true,"href":"https:\/\/photonet.hu\/online\/wp-json\/wp\/v2\/media\/700"}],"wp:attachment":[{"href":"https:\/\/photonet.hu\/online\/wp-json\/wp\/v2\/media?parent=698"}],"wp:term":[{"taxonomy":"category","embeddable":true,"href":"https:\/\/photonet.hu\/online\/wp-json\/wp\/v2\/categories?post=698"},{"taxonomy":"post_tag","embeddable":true,"href":"https:\/\/photonet.hu\/online\/wp-json\/wp\/v2\/tags?post=698"}],"curies":[{"name":"wp","href":"https:\/\/api.w.org\/{rel}","templated":true}]}}