{"id":674,"date":"2014-09-23T15:31:05","date_gmt":"2014-09-23T13:31:05","guid":{"rendered":"https:\/\/photonet.hu\/online\/?p=674"},"modified":"2014-09-23T15:31:52","modified_gmt":"2014-09-23T13:31:52","slug":"minden-pillanat-szamit-nikon-d810-rovidfilm","status":"publish","type":"post","link":"https:\/\/photonet.hu\/online\/hirek\/minden-pillanat-szamit-nikon-d810-rovidfilm\/","title":{"rendered":"Minden pillanat sz\u00e1m\u00edt &#8211; Nikon D810 r\u00f6vidfilm"},"content":{"rendered":"<p>Az &#8216;Every Moments Counts&#8217; (Minden pillanat sz\u00e1m\u00edt) c\u00edm\u0171 r\u00f6vidfilmet teljes eg\u00e9sz\u00e9ben a Nikon D810-es digit\u00e1lis HD-SLR f\u00e9nyk\u00e9pez\u0151g\u00e9p\u00e9vel vette fel Preston Kanak operat\u0151r.<\/p>\n<p><!--more-->A film Manny Vaughan \u00e9let\u00e9t mutatja be, aki 70 \u00e9ve hal\u00e1szik Nova Scotiaban, Kanada d\u00e9l-keleti partjain\u00e1l.<\/p>\n<div class=\"youtube-embed\" data-video_id=\"Clx-2NamzHY\"><iframe loading=\"lazy\" title=\"Nikon D810 | Auto ISO sample video \u2018Every Moment Counts\u2019\" width=\"696\" height=\"392\" src=\"https:\/\/www.youtube.com\/embed\/Clx-2NamzHY?feature=oembed&#038;enablejsapi=1\" frameborder=\"0\" allow=\"accelerometer; autoplay; clipboard-write; encrypted-media; gyroscope; picture-in-picture; web-share\" referrerpolicy=\"strict-origin-when-cross-origin\" allowfullscreen><\/iframe><\/div>\n<p>A k\u00f6vetkez\u0151 &#8222;werk film&#8221; pedig bemutatja, hogy az operat\u0151r hogyan vette fel a r\u00f6vidfilmet.<\/p>\n<div class=\"youtube-embed\" data-video_id=\"Jt_Mrl81pSE\"><iframe loading=\"lazy\" title=\"Behind the scenes of &#039;Every Moment Counts&#039; | Featuring Nikon D810&#039;s Auto ISO\" width=\"696\" height=\"392\" src=\"https:\/\/www.youtube.com\/embed\/Jt_Mrl81pSE?feature=oembed&#038;enablejsapi=1\" frameborder=\"0\" allow=\"accelerometer; autoplay; clipboard-write; encrypted-media; gyroscope; picture-in-picture; web-share\" referrerpolicy=\"strict-origin-when-cross-origin\" allowfullscreen><\/iframe><\/div>\n<p>Forr\u00e1s: <a title=\"Youtube\" href=\"http:\/\/www.youtube.com\" target=\"_blank\">Youtube<\/a> \u00e9s <a title=\"Nikon Europe\" href=\"http:\/\/www.europe-nikon.com\/\" target=\"_blank\">Nikon Europe<\/a><\/p>\n","protected":false},"excerpt":{"rendered":"<p>Az &#8216;Every Moments Counts&#8217; (Minden pillanat sz\u00e1m\u00edt) c\u00edm\u0171 r\u00f6vidfilmet teljes eg\u00e9sz\u00e9ben a Nikon D810-es digit\u00e1lis HD-SLR f\u00e9nyk\u00e9pez\u0151g\u00e9p\u00e9vel vette fel Preston Kanak operat\u0151r.<\/p>\n","protected":false},"author":1,"featured_media":675,"comment_status":"open","ping_status":"open","sticky":false,"template":"","format":"standard","meta":{"footnotes":""},"categories":[103],"tags":[106,108,147,122,136],"class_list":{"0":"post-674","1":"post","2":"type-post","3":"status-publish","4":"format-standard","5":"has-post-thumbnail","7":"category-hirek","8":"tag-digitalis","9":"tag-fenykepezogep","10":"tag-nikon","11":"tag-slr","12":"tag-video"},"yoast_head":"<!-- This site is optimized with the Yoast SEO plugin v27.4 - https:\/\/yoast.com\/product\/yoast-seo-wordpress\/ -->\n<title>Minden pillanat sz\u00e1m\u00edt - Nikon D810 r\u00f6vidfilm - Photonet<\/title>\n<meta name=\"robots\" content=\"index, follow, max-snippet:-1, max-image-preview:large, max-video-preview:-1\" \/>\n<link rel=\"canonical\" href=\"https:\/\/photonet.hu\/online\/hirek\/minden-pillanat-szamit-nikon-d810-rovidfilm\/\" \/>\n<meta property=\"og:locale\" content=\"hu_HU\" \/>\n<meta property=\"og:type\" content=\"article\" \/>\n<meta property=\"og:title\" content=\"Minden pillanat sz\u00e1m\u00edt - Nikon D810 r\u00f6vidfilm - Photonet\" \/>\n<meta property=\"og:description\" content=\"Az &#8216;Every Moments Counts&#8217; (Minden pillanat sz\u00e1m\u00edt) c\u00edm\u0171 r\u00f6vidfilmet teljes eg\u00e9sz\u00e9ben a Nikon D810-es digit\u00e1lis HD-SLR f\u00e9nyk\u00e9pez\u0151g\u00e9p\u00e9vel vette fel Preston Kanak operat\u0151r.\" \/>\n<meta property=\"og:url\" content=\"https:\/\/photonet.hu\/online\/hirek\/minden-pillanat-szamit-nikon-d810-rovidfilm\/\" \/>\n<meta property=\"og:site_name\" content=\"Photonet\" \/>\n<meta property=\"article:publisher\" content=\"https:\/\/www.facebook.com\/photonet.hu\" \/>\n<meta property=\"article:author\" content=\"https:\/\/www.facebook.com\/photonet.hu\" \/>\n<meta property=\"article:published_time\" content=\"2014-09-23T13:31:05+00:00\" \/>\n<meta property=\"article:modified_time\" content=\"2014-09-23T13:31:52+00:00\" \/>\n<meta property=\"og:image\" content=\"https:\/\/photonet.hu\/online\/wp-content\/uploads\/2014\/09\/nikon_d810_every_moment_counts.jpg\" \/>\n\t<meta property=\"og:image:width\" content=\"900\" \/>\n\t<meta property=\"og:image:height\" content=\"535\" \/>\n\t<meta property=\"og:image:type\" content=\"image\/jpeg\" \/>\n<meta name=\"author\" content=\"photonet\" \/>\n<meta name=\"twitter:card\" content=\"summary_large_image\" \/>\n<meta name=\"twitter:creator\" content=\"@https:\/\/x.com\/photonethu\" \/>\n<meta name=\"twitter:site\" content=\"@photonethu\" \/>\n<meta name=\"twitter:label1\" content=\"Szerz\u0151:\" \/>\n\t<meta name=\"twitter:data1\" content=\"photonet\" \/>\n<script type=\"application\/ld+json\" class=\"yoast-schema-graph\">{\"@context\":\"https:\\\/\\\/schema.org\",\"@graph\":[{\"@type\":\"Article\",\"@id\":\"https:\\\/\\\/photonet.hu\\\/online\\\/hirek\\\/minden-pillanat-szamit-nikon-d810-rovidfilm\\\/#article\",\"isPartOf\":{\"@id\":\"https:\\\/\\\/photonet.hu\\\/online\\\/hirek\\\/minden-pillanat-szamit-nikon-d810-rovidfilm\\\/\"},\"author\":{\"name\":\"photonet\",\"@id\":\"\\\/#\\\/schema\\\/person\\\/b8065e4118b8cea4068716ccbdd92f94\"},\"headline\":\"Minden pillanat sz\u00e1m\u00edt &#8211; Nikon D810 r\u00f6vidfilm\",\"datePublished\":\"2014-09-23T13:31:05+00:00\",\"dateModified\":\"2014-09-23T13:31:52+00:00\",\"mainEntityOfPage\":{\"@id\":\"https:\\\/\\\/photonet.hu\\\/online\\\/hirek\\\/minden-pillanat-szamit-nikon-d810-rovidfilm\\\/\"},\"wordCount\":105,\"commentCount\":0,\"publisher\":{\"@id\":\"\\\/#organization\"},\"image\":{\"@id\":\"https:\\\/\\\/photonet.hu\\\/online\\\/hirek\\\/minden-pillanat-szamit-nikon-d810-rovidfilm\\\/#primaryimage\"},\"thumbnailUrl\":\"https:\\\/\\\/photonet.hu\\\/online\\\/wp-content\\\/uploads\\\/2014\\\/09\\\/nikon_d810_every_moment_counts.jpg\",\"keywords\":[\"digit\u00e1lis\",\"f\u00e9nyk\u00e9pez\u0151g\u00e9p\",\"nikon\",\"slr\",\"video\"],\"articleSection\":[\"H\u00edrek\"],\"inLanguage\":\"hu\",\"potentialAction\":[{\"@type\":\"CommentAction\",\"name\":\"Comment\",\"target\":[\"https:\\\/\\\/photonet.hu\\\/online\\\/hirek\\\/minden-pillanat-szamit-nikon-d810-rovidfilm\\\/#respond\"]}]},{\"@type\":\"WebPage\",\"@id\":\"https:\\\/\\\/photonet.hu\\\/online\\\/hirek\\\/minden-pillanat-szamit-nikon-d810-rovidfilm\\\/\",\"url\":\"https:\\\/\\\/photonet.hu\\\/online\\\/hirek\\\/minden-pillanat-szamit-nikon-d810-rovidfilm\\\/\",\"name\":\"Minden pillanat sz\u00e1m\u00edt - Nikon D810 r\u00f6vidfilm - Photonet\",\"isPartOf\":{\"@id\":\"\\\/#website\"},\"primaryImageOfPage\":{\"@id\":\"https:\\\/\\\/photonet.hu\\\/online\\\/hirek\\\/minden-pillanat-szamit-nikon-d810-rovidfilm\\\/#primaryimage\"},\"image\":{\"@id\":\"https:\\\/\\\/photonet.hu\\\/online\\\/hirek\\\/minden-pillanat-szamit-nikon-d810-rovidfilm\\\/#primaryimage\"},\"thumbnailUrl\":\"https:\\\/\\\/photonet.hu\\\/online\\\/wp-content\\\/uploads\\\/2014\\\/09\\\/nikon_d810_every_moment_counts.jpg\",\"datePublished\":\"2014-09-23T13:31:05+00:00\",\"dateModified\":\"2014-09-23T13:31:52+00:00\",\"breadcrumb\":{\"@id\":\"https:\\\/\\\/photonet.hu\\\/online\\\/hirek\\\/minden-pillanat-szamit-nikon-d810-rovidfilm\\\/#breadcrumb\"},\"inLanguage\":\"hu\",\"potentialAction\":[{\"@type\":\"ReadAction\",\"target\":[\"https:\\\/\\\/photonet.hu\\\/online\\\/hirek\\\/minden-pillanat-szamit-nikon-d810-rovidfilm\\\/\"]}]},{\"@type\":\"ImageObject\",\"inLanguage\":\"hu\",\"@id\":\"https:\\\/\\\/photonet.hu\\\/online\\\/hirek\\\/minden-pillanat-szamit-nikon-d810-rovidfilm\\\/#primaryimage\",\"url\":\"https:\\\/\\\/photonet.hu\\\/online\\\/wp-content\\\/uploads\\\/2014\\\/09\\\/nikon_d810_every_moment_counts.jpg\",\"contentUrl\":\"https:\\\/\\\/photonet.hu\\\/online\\\/wp-content\\\/uploads\\\/2014\\\/09\\\/nikon_d810_every_moment_counts.jpg\",\"width\":900,\"height\":535,\"caption\":\"Minden pillanat sz\u00e1m\u00edt\"},{\"@type\":\"BreadcrumbList\",\"@id\":\"https:\\\/\\\/photonet.hu\\\/online\\\/hirek\\\/minden-pillanat-szamit-nikon-d810-rovidfilm\\\/#breadcrumb\",\"itemListElement\":[{\"@type\":\"ListItem\",\"position\":1,\"name\":\"Kezd\u0151lap\",\"item\":\"https:\\\/\\\/photonet.hu\\\/online\\\/\"},{\"@type\":\"ListItem\",\"position\":2,\"name\":\"Minden pillanat sz\u00e1m\u00edt &#8211; Nikon D810 r\u00f6vidfilm\"}]},{\"@type\":\"WebSite\",\"@id\":\"\\\/#website\",\"url\":\"\\\/\",\"name\":\"Photonet\",\"description\":\"Photonet - online fot\u00f3s magazin\",\"publisher\":{\"@id\":\"\\\/#organization\"},\"potentialAction\":[{\"@type\":\"SearchAction\",\"target\":{\"@type\":\"EntryPoint\",\"urlTemplate\":\"\\\/?s={search_term_string}\"},\"query-input\":{\"@type\":\"PropertyValueSpecification\",\"valueRequired\":true,\"valueName\":\"search_term_string\"}}],\"inLanguage\":\"hu\"},{\"@type\":\"Organization\",\"@id\":\"\\\/#organization\",\"name\":\"Photonet\",\"url\":\"\\\/\",\"logo\":{\"@type\":\"ImageObject\",\"inLanguage\":\"hu\",\"@id\":\"\\\/#\\\/schema\\\/logo\\\/image\\\/\",\"url\":\"https:\\\/\\\/photonet.hu\\\/online\\\/wp-content\\\/uploads\\\/2026\\\/02\\\/photonet_lens_shutter_512.png\",\"contentUrl\":\"https:\\\/\\\/photonet.hu\\\/online\\\/wp-content\\\/uploads\\\/2026\\\/02\\\/photonet_lens_shutter_512.png\",\"width\":512,\"height\":512,\"caption\":\"Photonet\"},\"image\":{\"@id\":\"\\\/#\\\/schema\\\/logo\\\/image\\\/\"},\"sameAs\":[\"https:\\\/\\\/www.facebook.com\\\/photonet.hu\",\"https:\\\/\\\/x.com\\\/photonethu\",\"https:\\\/\\\/www.pinterest.com\\\/acsienator\\\/photography\\\/\"]},{\"@type\":\"Person\",\"@id\":\"\\\/#\\\/schema\\\/person\\\/b8065e4118b8cea4068716ccbdd92f94\",\"name\":\"photonet\",\"image\":{\"@type\":\"ImageObject\",\"inLanguage\":\"hu\",\"@id\":\"https:\\\/\\\/secure.gravatar.com\\\/avatar\\\/7c91ab952e1e196e2bf6641a013b7b971ffa12946ddbf0f05fb85f62d3433ce2?s=96&d=mm&r=g\",\"url\":\"https:\\\/\\\/secure.gravatar.com\\\/avatar\\\/7c91ab952e1e196e2bf6641a013b7b971ffa12946ddbf0f05fb85f62d3433ce2?s=96&d=mm&r=g\",\"contentUrl\":\"https:\\\/\\\/secure.gravatar.com\\\/avatar\\\/7c91ab952e1e196e2bf6641a013b7b971ffa12946ddbf0f05fb85f62d3433ce2?s=96&d=mm&r=g\",\"caption\":\"photonet\"},\"description\":\"szerkeszt\u0151 - photonet, online fot\u00f3s magazin\",\"sameAs\":[\"http:\\\/\\\/photonet.hu\",\"https:\\\/\\\/www.facebook.com\\\/photonet.hu\",\"https:\\\/\\\/x.com\\\/https:\\\/\\\/x.com\\\/photonethu\"],\"url\":\"https:\\\/\\\/photonet.hu\\\/online\\\/author\\\/photonet\\\/\"}]}<\/script>\n<!-- \/ Yoast SEO plugin. -->","yoast_head_json":{"title":"Minden pillanat sz\u00e1m\u00edt - Nikon D810 r\u00f6vidfilm - Photonet","robots":{"index":"index","follow":"follow","max-snippet":"max-snippet:-1","max-image-preview":"max-image-preview:large","max-video-preview":"max-video-preview:-1"},"canonical":"https:\/\/photonet.hu\/online\/hirek\/minden-pillanat-szamit-nikon-d810-rovidfilm\/","og_locale":"hu_HU","og_type":"article","og_title":"Minden pillanat sz\u00e1m\u00edt - Nikon D810 r\u00f6vidfilm - Photonet","og_description":"Az &#8216;Every Moments Counts&#8217; (Minden pillanat sz\u00e1m\u00edt) c\u00edm\u0171 r\u00f6vidfilmet teljes eg\u00e9sz\u00e9ben a Nikon D810-es digit\u00e1lis HD-SLR f\u00e9nyk\u00e9pez\u0151g\u00e9p\u00e9vel vette fel Preston Kanak operat\u0151r.","og_url":"https:\/\/photonet.hu\/online\/hirek\/minden-pillanat-szamit-nikon-d810-rovidfilm\/","og_site_name":"Photonet","article_publisher":"https:\/\/www.facebook.com\/photonet.hu","article_author":"https:\/\/www.facebook.com\/photonet.hu","article_published_time":"2014-09-23T13:31:05+00:00","article_modified_time":"2014-09-23T13:31:52+00:00","og_image":[{"width":900,"height":535,"url":"https:\/\/photonet.hu\/online\/wp-content\/uploads\/2014\/09\/nikon_d810_every_moment_counts.jpg","type":"image\/jpeg"}],"author":"photonet","twitter_card":"summary_large_image","twitter_creator":"@https:\/\/x.com\/photonethu","twitter_site":"@photonethu","twitter_misc":{"Szerz\u0151:":"photonet"},"schema":{"@context":"https:\/\/schema.org","@graph":[{"@type":"Article","@id":"https:\/\/photonet.hu\/online\/hirek\/minden-pillanat-szamit-nikon-d810-rovidfilm\/#article","isPartOf":{"@id":"https:\/\/photonet.hu\/online\/hirek\/minden-pillanat-szamit-nikon-d810-rovidfilm\/"},"author":{"name":"photonet","@id":"\/#\/schema\/person\/b8065e4118b8cea4068716ccbdd92f94"},"headline":"Minden pillanat sz\u00e1m\u00edt &#8211; Nikon D810 r\u00f6vidfilm","datePublished":"2014-09-23T13:31:05+00:00","dateModified":"2014-09-23T13:31:52+00:00","mainEntityOfPage":{"@id":"https:\/\/photonet.hu\/online\/hirek\/minden-pillanat-szamit-nikon-d810-rovidfilm\/"},"wordCount":105,"commentCount":0,"publisher":{"@id":"\/#organization"},"image":{"@id":"https:\/\/photonet.hu\/online\/hirek\/minden-pillanat-szamit-nikon-d810-rovidfilm\/#primaryimage"},"thumbnailUrl":"https:\/\/photonet.hu\/online\/wp-content\/uploads\/2014\/09\/nikon_d810_every_moment_counts.jpg","keywords":["digit\u00e1lis","f\u00e9nyk\u00e9pez\u0151g\u00e9p","nikon","slr","video"],"articleSection":["H\u00edrek"],"inLanguage":"hu","potentialAction":[{"@type":"CommentAction","name":"Comment","target":["https:\/\/photonet.hu\/online\/hirek\/minden-pillanat-szamit-nikon-d810-rovidfilm\/#respond"]}]},{"@type":"WebPage","@id":"https:\/\/photonet.hu\/online\/hirek\/minden-pillanat-szamit-nikon-d810-rovidfilm\/","url":"https:\/\/photonet.hu\/online\/hirek\/minden-pillanat-szamit-nikon-d810-rovidfilm\/","name":"Minden pillanat sz\u00e1m\u00edt - Nikon D810 r\u00f6vidfilm - Photonet","isPartOf":{"@id":"\/#website"},"primaryImageOfPage":{"@id":"https:\/\/photonet.hu\/online\/hirek\/minden-pillanat-szamit-nikon-d810-rovidfilm\/#primaryimage"},"image":{"@id":"https:\/\/photonet.hu\/online\/hirek\/minden-pillanat-szamit-nikon-d810-rovidfilm\/#primaryimage"},"thumbnailUrl":"https:\/\/photonet.hu\/online\/wp-content\/uploads\/2014\/09\/nikon_d810_every_moment_counts.jpg","datePublished":"2014-09-23T13:31:05+00:00","dateModified":"2014-09-23T13:31:52+00:00","breadcrumb":{"@id":"https:\/\/photonet.hu\/online\/hirek\/minden-pillanat-szamit-nikon-d810-rovidfilm\/#breadcrumb"},"inLanguage":"hu","potentialAction":[{"@type":"ReadAction","target":["https:\/\/photonet.hu\/online\/hirek\/minden-pillanat-szamit-nikon-d810-rovidfilm\/"]}]},{"@type":"ImageObject","inLanguage":"hu","@id":"https:\/\/photonet.hu\/online\/hirek\/minden-pillanat-szamit-nikon-d810-rovidfilm\/#primaryimage","url":"https:\/\/photonet.hu\/online\/wp-content\/uploads\/2014\/09\/nikon_d810_every_moment_counts.jpg","contentUrl":"https:\/\/photonet.hu\/online\/wp-content\/uploads\/2014\/09\/nikon_d810_every_moment_counts.jpg","width":900,"height":535,"caption":"Minden pillanat sz\u00e1m\u00edt"},{"@type":"BreadcrumbList","@id":"https:\/\/photonet.hu\/online\/hirek\/minden-pillanat-szamit-nikon-d810-rovidfilm\/#breadcrumb","itemListElement":[{"@type":"ListItem","position":1,"name":"Kezd\u0151lap","item":"https:\/\/photonet.hu\/online\/"},{"@type":"ListItem","position":2,"name":"Minden pillanat sz\u00e1m\u00edt &#8211; Nikon D810 r\u00f6vidfilm"}]},{"@type":"WebSite","@id":"\/#website","url":"\/","name":"Photonet","description":"Photonet - online fot\u00f3s magazin","publisher":{"@id":"\/#organization"},"potentialAction":[{"@type":"SearchAction","target":{"@type":"EntryPoint","urlTemplate":"\/?s={search_term_string}"},"query-input":{"@type":"PropertyValueSpecification","valueRequired":true,"valueName":"search_term_string"}}],"inLanguage":"hu"},{"@type":"Organization","@id":"\/#organization","name":"Photonet","url":"\/","logo":{"@type":"ImageObject","inLanguage":"hu","@id":"\/#\/schema\/logo\/image\/","url":"https:\/\/photonet.hu\/online\/wp-content\/uploads\/2026\/02\/photonet_lens_shutter_512.png","contentUrl":"https:\/\/photonet.hu\/online\/wp-content\/uploads\/2026\/02\/photonet_lens_shutter_512.png","width":512,"height":512,"caption":"Photonet"},"image":{"@id":"\/#\/schema\/logo\/image\/"},"sameAs":["https:\/\/www.facebook.com\/photonet.hu","https:\/\/x.com\/photonethu","https:\/\/www.pinterest.com\/acsienator\/photography\/"]},{"@type":"Person","@id":"\/#\/schema\/person\/b8065e4118b8cea4068716ccbdd92f94","name":"photonet","image":{"@type":"ImageObject","inLanguage":"hu","@id":"https:\/\/secure.gravatar.com\/avatar\/7c91ab952e1e196e2bf6641a013b7b971ffa12946ddbf0f05fb85f62d3433ce2?s=96&d=mm&r=g","url":"https:\/\/secure.gravatar.com\/avatar\/7c91ab952e1e196e2bf6641a013b7b971ffa12946ddbf0f05fb85f62d3433ce2?s=96&d=mm&r=g","contentUrl":"https:\/\/secure.gravatar.com\/avatar\/7c91ab952e1e196e2bf6641a013b7b971ffa12946ddbf0f05fb85f62d3433ce2?s=96&d=mm&r=g","caption":"photonet"},"description":"szerkeszt\u0151 - photonet, online fot\u00f3s magazin","sameAs":["http:\/\/photonet.hu","https:\/\/www.facebook.com\/photonet.hu","https:\/\/x.com\/https:\/\/x.com\/photonethu"],"url":"https:\/\/photonet.hu\/online\/author\/photonet\/"}]}},"_links":{"self":[{"href":"https:\/\/photonet.hu\/online\/wp-json\/wp\/v2\/posts\/674","targetHints":{"allow":["GET"]}}],"collection":[{"href":"https:\/\/photonet.hu\/online\/wp-json\/wp\/v2\/posts"}],"about":[{"href":"https:\/\/photonet.hu\/online\/wp-json\/wp\/v2\/types\/post"}],"author":[{"embeddable":true,"href":"https:\/\/photonet.hu\/online\/wp-json\/wp\/v2\/users\/1"}],"replies":[{"embeddable":true,"href":"https:\/\/photonet.hu\/online\/wp-json\/wp\/v2\/comments?post=674"}],"version-history":[{"count":0,"href":"https:\/\/photonet.hu\/online\/wp-json\/wp\/v2\/posts\/674\/revisions"}],"wp:featuredmedia":[{"embeddable":true,"href":"https:\/\/photonet.hu\/online\/wp-json\/wp\/v2\/media\/675"}],"wp:attachment":[{"href":"https:\/\/photonet.hu\/online\/wp-json\/wp\/v2\/media?parent=674"}],"wp:term":[{"taxonomy":"category","embeddable":true,"href":"https:\/\/photonet.hu\/online\/wp-json\/wp\/v2\/categories?post=674"},{"taxonomy":"post_tag","embeddable":true,"href":"https:\/\/photonet.hu\/online\/wp-json\/wp\/v2\/tags?post=674"}],"curies":[{"name":"wp","href":"https:\/\/api.w.org\/{rel}","templated":true}]}}