{"id":489,"date":"2014-08-05T19:36:41","date_gmt":"2014-08-05T17:36:41","guid":{"rendered":"https:\/\/photonet.hu\/online\/?p=489"},"modified":"2014-08-05T19:37:22","modified_gmt":"2014-08-05T17:37:22","slug":"szerencsefuggoseg-e-foto-palyazat-es-kiallitas","status":"publish","type":"post","link":"https:\/\/photonet.hu\/online\/magazin\/fotopalyazatok\/szerencsefuggoseg-e-foto-palyazat-es-kiallitas\/","title":{"rendered":"Szerencsef\u00fcgg\u0151s\u00e9g e-fot\u00f3 p\u00e1ly\u00e1zat \u00e9s ki\u00e1ll\u00edt\u00e1s"},"content":{"rendered":"<p>A Szerencsej\u00e1t\u00e9k Zrt. egy\u00fcttm\u0171k\u00f6d\u00e9sben a kArton gal\u00e9ri\u00e1val orsz\u00e1gos e-fot\u00f3 p\u00e1ly\u00e1zatot hirdet magyarorsz\u00e1gi \u00e9s hat\u00e1ron t\u00fali magyar fot\u00f3sok r\u00e9sz\u00e9re, t\u00f6bb t\u00e9mak\u00f6rben \u00e9s kateg\u00f3ri\u00e1ban, \u00f6sszesen 4,1 milli\u00f3 forint \u00f6sszd\u00edjaz\u00e1ssal.<\/p>\n<p><!--more-->Minimum az 50 legjobb, vagy maximum a 100 legjobb k\u00e9p d\u00edjaz\u00e1sban r\u00e9szes\u00fcl.<\/p>\n<p>A p\u00e1ly\u00e1zat ki\u00edr\u00f3ja a Szerencsej\u00e1t\u00e9k Zrt.<\/p>\n<p>A p\u00e1ly\u00e1zat t\u00e9mak\u00f6rei:<\/p>\n<h2>1. A szerencse pillanatai<\/h2>\n<p>A szerencse, szerencs\u00e9s pillanatok, szerencs\u00e9s esem\u00e9nyek t\u00e9m\u00e1val k\u00e9t kateg\u00f3ri\u00e1ban lehet p\u00e1ly\u00e1zni fejenk\u00e9nt maximum 5 db fot\u00f3val.<\/p>\n<h2>2. A f\u00fcgg\u0151s\u00e9g<\/h2>\n<p>A f\u00fcgg\u0151s\u00e9g t\u00e9mak\u00f6rben tematikus megk\u00f6t\u00e9s n\u00e9lk\u00fcl, k\u00e9t kateg\u00f3ri\u00e1ban lehet p\u00e1ly\u00e1zni, kateg\u00f3ri\u00e1nk\u00e9nt maximum 5 db m\u0171vel.<\/p>\n<p>P\u00e1ly\u00e1z\u00f3 a p\u00e1ly\u00e1zatra val\u00f3 nevez\u00e9ssel, a p\u00e1ly\u00e1zat d\u00edj\u00e1nak rem\u00e9ny\u00e9ben lemond a bek\u00fcld\u00f6tt m\u0171h\u00f6z kapcsol\u00f3d\u00f3 vagyoni jogair\u00f3l, melyek a nevez\u00e9ssel, k\u00fcl\u00f6n jog\u00fcgylet n\u00e9lk\u00fcl \u00e1tsz\u00e1llnak a p\u00e1ly\u00e1zat ki\u00edr\u00f3j\u00e1ra, a Szerencsej\u00e1t\u00e9k Zrt-re.<\/p>\n<h2>Egy\u00e9b d\u00edjak<\/h2>\n<p>A fenn kiemelt f\u0151d\u00edjakon fel\u00fcl a fot\u00f3k d\u00edjaz\u00e1s\u00e1ra tov\u00e1bbi, \u00f6sszesen 2,5 milli\u00f3 forint ker\u00fcl feloszt\u00e1sra a k\u00e9pek min\u0151s\u00e9g\u00e9t\u0151l \u00e9s sz\u00e1m\u00e1t\u00f3l f\u00fcgg\u0151en.<\/p>\n<p>A d\u00edjak kifizet\u00e9s\u00e9nek felt\u00e9tele, hogy a d\u00edjazott \u00edr\u00e1sban elfogadja a d\u00edj \u00e1tv\u00e9tel\u00e9t \u00e9s meger\u0151s\u00edtse a vagyoni jogainak \u00e1tad\u00e1s\u00e1t a p\u00e1ly\u00e1zat ki\u00edr\u00f3j\u00e1ra.<\/p>\n<h2>Technikai param\u00e9terek<\/h2>\n<p>Tekintve, hogy a zs\u0171ri \u00e1ltal legjobbnak \u00edt\u00e9lt m\u0171vek nagym\u00e9ret\u0171 printjei a kArton gal\u00e9ri\u00e1ban rendezett hagyom\u00e1-nyos ki\u00e1ll\u00edt\u00e1son is szerepelnek, illetve egy reprezentat\u00edv v\u00e1logat\u00e1sb\u00f3l nyomtatott kiadv\u00e1ny k\u00e9sz\u00fcl, \u00e9rdemes a weben szokv\u00e1nyos param\u00e9terekt\u0151l a k\u00f6vetkez\u0151k szerint elt\u00e9rni:<\/p>\n<p>A fot\u00f3 k\u00e9sz\u00edt\u00e9sekor az aj\u00e1nlott m\u00e9ret \u00e1ll\u00f3 form\u00e1tumn\u00e1l kb. 2500 px sz\u00e9les, fekv\u0151n\u00e9l kb. 3500 px sz\u00e9les, 300 dpi felbont\u00e1sban; az aj\u00e1nlott form\u00e1tum JPEG;<br \/>\nA p\u00e1ly\u00e1zatra 1 \u00e9vn\u00e9l nem r\u00e9gebbi, a nyomtatott sajt\u00f3ban vagy annak webmell\u00e9klet\u00e9ben \u00e9s \u00f6n\u00e1ll\u00f3 web\u00fajs\u00e1gban m\u00e9g nem publik\u00e1lt munk\u00e1kat lehet beadni a szerencse@karton.hu e-mailc\u00edmre.<\/p>\n<p>A k\u00e9p- \u00e9s vide\u00f3f\u00e1jloknak tartalmazniuk kell a p\u00e1ly\u00e1z\u00f3 nev\u00e9t. A munk\u00e1k mellett egy .doc vagy .docx f\u00e1jlban fel kell t\u00fcntetni a k\u00f6vetkez\u0151 adato-kat: t\u00e9mak\u00f6r, kateg\u00f3ria, a m\u0171 c\u00edme, n\u00e9v, lakc\u00edm, telefonsz\u00e1m, e-mail c\u00edm.<\/p>\n<p>A bek\u00fcld\u00f6tt m\u0171veket szakmai zs\u0171ri v\u00e1logatja a Szerencsef\u00fcgg\u0151s\u00e9g c\u00edm\u0171 ki\u00e1ll\u00edt\u00e1s oldal\u00e1ra, valamint d\u00edjazza. A zs\u0171ri a k\u00f6z\u00edzl\u00e9st vagy kisebbs\u00e9gek jogait stb. kifejezetten s\u00e9rt\u0151, tov\u00e1bb\u00e1 a szerz\u0151i-jogi szempontb\u00f3l agg\u00e1lyos vagy a p\u00e1ly\u00e1zati felt\u00e9teleknek nem megfelel\u0151 m\u0171veket indokl\u00e1s n\u00e9lk\u00fcl kiz\u00e1rja. A zs\u0171riz\u00e9s\u00e9r\u0151l e-jegyz\u0151k\u00f6nyv k\u00e9sz\u00fcl &#8211; a d\u00edjazott m\u0171vek eset\u00e9ben a szavazatok sz\u00e1mar\u00e1ny\u00e1nak felt\u00fcntet\u00e9s\u00e9vel, esetleg r\u00f6vid indokl\u00e1ssal. A jegyz\u0151k\u00f6nyvet a ki\u00e1ll\u00edt\u00e1s megnyit\u00f3-d\u00edj\u00e1tad\u00f3 rendezv\u00e9nye ut\u00e1n publik\u00e1ljuk a <a title=\"Szerencsej\u00e1t\u00e9k RZt. fot\u00f3p\u00e1ly\u00e1zat\" href=\"http:\/\/www.szerencsejatek.hu\/fotopalyazat\" target=\"_blank\">www.szerencsejatek.hu\/fotopalyazat<\/a> oldalon.<\/p>\n<p>Az e-ki\u00e1ll\u00edt\u00e1s hivatalos megnyit\u00f3-d\u00edj\u00e1tad\u00f3 rendezv\u00e9nye 2014. okt\u00f3ber 16-\u00e1n, 19 \u00f3rakor lesz a kArton gal\u00e9ri\u00e1ban (1054 Budapest, Alkotm\u00e1ny u.18.), ahol a legjobb 50 m\u0171 &#8211; k\u00f6zt\u00fck a d\u00edjazott alkot\u00e1sok &#8211; 2014. november 14-ig lesznek l\u00e1that\u00f3k.<\/p>\n<p>A p\u00e1ly\u00e1z\u00f3 tudom\u00e1sul veszi, hogy a p\u00e1ly\u00e1zatra val\u00f3 nevez\u00e9s\u00e9vel, a p\u00e1lyamunk\u00e1k bek\u00fcld\u00e9s\u00e9vel hozz\u00e1j\u00e1rul a fenn nevezett, nyomtatott kiadv\u00e1nyban, a hagyom\u00e1nyos ki\u00e1ll\u00edt\u00e1son valamint az online fel\u00fcleten val\u00f3 k\u00f6zz\u00e9t\u00e9telhez.<\/p>\n<p>A p\u00e1ly\u00e1zaton csak 18. \u00e9let\u00e9v\u00fcket bet\u00f6lt\u00f6tt szem\u00e9lyek vehetnek r\u00e9szt.<\/p>\n<p>A p\u00e1ly\u00e1zaton a Szerencsej\u00e1t\u00e9k Zrt. munkat\u00e1rsai \u00e9s azok hozz\u00e1tartoz\u00f3i nem vehetnek r\u00e9szt.<\/p>\n<p>A p\u00e1ly\u00e1zaton val\u00f3 r\u00e9szv\u00e9tellel a p\u00e1ly\u00e1z\u00f3k egyben kijelentik, hogy a beny\u00fajtott p\u00e1lyam\u0171vek tekintet\u00e9ben teljesk\u00f6r\u0171 jogosults\u00e1ggal rendelkeznek \u00e9s a p\u00e1lyam\u0171vek nem s\u00e9rtik senkinek a jog\u00e1t (pl.: szem\u00e9lyhez f\u0171z\u0151d\u0151 jogok, k\u00e9pm\u00e1s elk\u00e9sz\u00edt\u00e9s\u00e9hez \u00e9s felhaszn\u00e1l\u00e1s\u00e1ra vonatkoz\u00f3 jogosults\u00e1g, tulajdonjog, szerz\u0151i jog, stb.) \u00e9s elfogadj\u00e1k a r\u00e9szv\u00e9teli felt\u00e9teleket.<\/p>\n<p>R\u00e9szletes technikai param\u00e9terek \u00e9s inform\u00e1ci\u00f3k a <a title=\"Szenerencsej\u00e1t\u00e9k ZRt. fot\u00f3p\u00e1ly\u00e1zat\" href=\"http:\/\/www.szerencsejatek.hu\/fotopalyazat\" target=\"_blank\">www.szerencsejatek.hu\/fotopalyazat<\/a><\/p>\n<p>Bead\u00e1si hat\u00e1rid\u0151: 2014. augusztus 31-e, \u00e9jf\u00e9l.<\/p>\n<p>kArton gal\u00e9ria<br \/>\n1054 Budapest<br \/>\nAlkotm\u00e1ny u. 18.<br \/>\nTel.: +361 472 00 00.<\/p>\n<p>Szakmai tan\u00e1csad\u00e1s: <a href=\"mailto:zsuzsi.benko@karton.hu\">zsuzsi.benko@karton.hu<\/a><\/p>\n","protected":false},"excerpt":{"rendered":"<p>A Szerencsej\u00e1t\u00e9k Zrt. egy\u00fcttm\u0171k\u00f6d\u00e9sben a kArton gal\u00e9ri\u00e1val orsz\u00e1gos e-fot\u00f3 p\u00e1ly\u00e1zatot hirdet magyarorsz\u00e1gi \u00e9s hat\u00e1ron t\u00fali magyar fot\u00f3sok r\u00e9sz\u00e9re, t\u00f6bb t\u00e9mak\u00f6rben \u00e9s kateg\u00f3ri\u00e1ban, \u00f6sszesen 4,1 milli\u00f3 forint \u00f6sszd\u00edjaz\u00e1ssal.<\/p>\n","protected":false},"author":1,"featured_media":490,"comment_status":"open","ping_status":"open","sticky":false,"template":"","format":"standard","meta":{"footnotes":""},"categories":[102],"tags":[117],"class_list":{"0":"post-489","1":"post","2":"type-post","3":"status-publish","4":"format-standard","5":"has-post-thumbnail","7":"category-fotopalyazatok","8":"tag-palyazat"},"yoast_head":"<!-- This site is optimized with the Yoast SEO plugin v27.4 - https:\/\/yoast.com\/product\/yoast-seo-wordpress\/ -->\n<title>Szerencsef\u00fcgg\u0151s\u00e9g e-fot\u00f3 p\u00e1ly\u00e1zat \u00e9s ki\u00e1ll\u00edt\u00e1s - Photonet<\/title>\n<meta name=\"robots\" content=\"index, follow, max-snippet:-1, max-image-preview:large, max-video-preview:-1\" \/>\n<link rel=\"canonical\" href=\"https:\/\/photonet.hu\/online\/magazin\/fotopalyazatok\/szerencsefuggoseg-e-foto-palyazat-es-kiallitas\/\" \/>\n<meta property=\"og:locale\" content=\"hu_HU\" \/>\n<meta property=\"og:type\" content=\"article\" \/>\n<meta property=\"og:title\" content=\"Szerencsef\u00fcgg\u0151s\u00e9g e-fot\u00f3 p\u00e1ly\u00e1zat \u00e9s ki\u00e1ll\u00edt\u00e1s - Photonet\" \/>\n<meta property=\"og:description\" content=\"A Szerencsej\u00e1t\u00e9k Zrt. egy\u00fcttm\u0171k\u00f6d\u00e9sben a kArton gal\u00e9ri\u00e1val orsz\u00e1gos e-fot\u00f3 p\u00e1ly\u00e1zatot hirdet magyarorsz\u00e1gi \u00e9s hat\u00e1ron t\u00fali magyar fot\u00f3sok r\u00e9sz\u00e9re, t\u00f6bb t\u00e9mak\u00f6rben \u00e9s kateg\u00f3ri\u00e1ban, \u00f6sszesen 4,1 milli\u00f3 forint \u00f6sszd\u00edjaz\u00e1ssal.\" \/>\n<meta property=\"og:url\" content=\"https:\/\/photonet.hu\/online\/magazin\/fotopalyazatok\/szerencsefuggoseg-e-foto-palyazat-es-kiallitas\/\" \/>\n<meta property=\"og:site_name\" content=\"Photonet\" \/>\n<meta property=\"article:publisher\" content=\"https:\/\/www.facebook.com\/photonet.hu\" \/>\n<meta property=\"article:author\" content=\"https:\/\/www.facebook.com\/photonet.hu\" \/>\n<meta property=\"article:published_time\" content=\"2014-08-05T17:36:41+00:00\" \/>\n<meta property=\"article:modified_time\" content=\"2014-08-05T17:37:22+00:00\" \/>\n<meta property=\"og:image\" content=\"https:\/\/photonet.hu\/online\/wp-content\/uploads\/2014\/08\/fotopalyazat_fotos.jpg\" \/>\n\t<meta property=\"og:image:width\" content=\"800\" \/>\n\t<meta property=\"og:image:height\" content=\"533\" \/>\n\t<meta property=\"og:image:type\" content=\"image\/jpeg\" \/>\n<meta name=\"author\" content=\"photonet\" \/>\n<meta name=\"twitter:card\" content=\"summary_large_image\" \/>\n<meta name=\"twitter:creator\" content=\"@https:\/\/x.com\/photonethu\" \/>\n<meta name=\"twitter:site\" content=\"@photonethu\" \/>\n<meta name=\"twitter:label1\" content=\"Szerz\u0151:\" \/>\n\t<meta name=\"twitter:data1\" content=\"photonet\" \/>\n\t<meta name=\"twitter:label2\" content=\"Becs\u00fclt olvas\u00e1si id\u0151\" \/>\n\t<meta name=\"twitter:data2\" content=\"4 perc\" \/>\n<script type=\"application\/ld+json\" class=\"yoast-schema-graph\">{\"@context\":\"https:\\\/\\\/schema.org\",\"@graph\":[{\"@type\":\"Article\",\"@id\":\"https:\\\/\\\/photonet.hu\\\/online\\\/magazin\\\/fotopalyazatok\\\/szerencsefuggoseg-e-foto-palyazat-es-kiallitas\\\/#article\",\"isPartOf\":{\"@id\":\"https:\\\/\\\/photonet.hu\\\/online\\\/magazin\\\/fotopalyazatok\\\/szerencsefuggoseg-e-foto-palyazat-es-kiallitas\\\/\"},\"author\":{\"name\":\"photonet\",\"@id\":\"\\\/#\\\/schema\\\/person\\\/b8065e4118b8cea4068716ccbdd92f94\"},\"headline\":\"Szerencsef\u00fcgg\u0151s\u00e9g e-fot\u00f3 p\u00e1ly\u00e1zat \u00e9s ki\u00e1ll\u00edt\u00e1s\",\"datePublished\":\"2014-08-05T17:36:41+00:00\",\"dateModified\":\"2014-08-05T17:37:22+00:00\",\"mainEntityOfPage\":{\"@id\":\"https:\\\/\\\/photonet.hu\\\/online\\\/magazin\\\/fotopalyazatok\\\/szerencsefuggoseg-e-foto-palyazat-es-kiallitas\\\/\"},\"wordCount\":871,\"commentCount\":0,\"publisher\":{\"@id\":\"\\\/#organization\"},\"image\":{\"@id\":\"https:\\\/\\\/photonet.hu\\\/online\\\/magazin\\\/fotopalyazatok\\\/szerencsefuggoseg-e-foto-palyazat-es-kiallitas\\\/#primaryimage\"},\"thumbnailUrl\":\"https:\\\/\\\/photonet.hu\\\/online\\\/wp-content\\\/uploads\\\/2014\\\/08\\\/fotopalyazat_fotos.jpg\",\"keywords\":[\"p\u00e1ly\u00e1zat\"],\"articleSection\":[\"Fot\u00f3p\u00e1ly\u00e1zatok\"],\"inLanguage\":\"hu\",\"potentialAction\":[{\"@type\":\"CommentAction\",\"name\":\"Comment\",\"target\":[\"https:\\\/\\\/photonet.hu\\\/online\\\/magazin\\\/fotopalyazatok\\\/szerencsefuggoseg-e-foto-palyazat-es-kiallitas\\\/#respond\"]}]},{\"@type\":\"WebPage\",\"@id\":\"https:\\\/\\\/photonet.hu\\\/online\\\/magazin\\\/fotopalyazatok\\\/szerencsefuggoseg-e-foto-palyazat-es-kiallitas\\\/\",\"url\":\"https:\\\/\\\/photonet.hu\\\/online\\\/magazin\\\/fotopalyazatok\\\/szerencsefuggoseg-e-foto-palyazat-es-kiallitas\\\/\",\"name\":\"Szerencsef\u00fcgg\u0151s\u00e9g e-fot\u00f3 p\u00e1ly\u00e1zat \u00e9s ki\u00e1ll\u00edt\u00e1s - Photonet\",\"isPartOf\":{\"@id\":\"\\\/#website\"},\"primaryImageOfPage\":{\"@id\":\"https:\\\/\\\/photonet.hu\\\/online\\\/magazin\\\/fotopalyazatok\\\/szerencsefuggoseg-e-foto-palyazat-es-kiallitas\\\/#primaryimage\"},\"image\":{\"@id\":\"https:\\\/\\\/photonet.hu\\\/online\\\/magazin\\\/fotopalyazatok\\\/szerencsefuggoseg-e-foto-palyazat-es-kiallitas\\\/#primaryimage\"},\"thumbnailUrl\":\"https:\\\/\\\/photonet.hu\\\/online\\\/wp-content\\\/uploads\\\/2014\\\/08\\\/fotopalyazat_fotos.jpg\",\"datePublished\":\"2014-08-05T17:36:41+00:00\",\"dateModified\":\"2014-08-05T17:37:22+00:00\",\"breadcrumb\":{\"@id\":\"https:\\\/\\\/photonet.hu\\\/online\\\/magazin\\\/fotopalyazatok\\\/szerencsefuggoseg-e-foto-palyazat-es-kiallitas\\\/#breadcrumb\"},\"inLanguage\":\"hu\",\"potentialAction\":[{\"@type\":\"ReadAction\",\"target\":[\"https:\\\/\\\/photonet.hu\\\/online\\\/magazin\\\/fotopalyazatok\\\/szerencsefuggoseg-e-foto-palyazat-es-kiallitas\\\/\"]}]},{\"@type\":\"ImageObject\",\"inLanguage\":\"hu\",\"@id\":\"https:\\\/\\\/photonet.hu\\\/online\\\/magazin\\\/fotopalyazatok\\\/szerencsefuggoseg-e-foto-palyazat-es-kiallitas\\\/#primaryimage\",\"url\":\"https:\\\/\\\/photonet.hu\\\/online\\\/wp-content\\\/uploads\\\/2014\\\/08\\\/fotopalyazat_fotos.jpg\",\"contentUrl\":\"https:\\\/\\\/photonet.hu\\\/online\\\/wp-content\\\/uploads\\\/2014\\\/08\\\/fotopalyazat_fotos.jpg\",\"width\":800,\"height\":533,\"caption\":\"Fot\u00f3p\u00e1ly\u00e1zat\"},{\"@type\":\"BreadcrumbList\",\"@id\":\"https:\\\/\\\/photonet.hu\\\/online\\\/magazin\\\/fotopalyazatok\\\/szerencsefuggoseg-e-foto-palyazat-es-kiallitas\\\/#breadcrumb\",\"itemListElement\":[{\"@type\":\"ListItem\",\"position\":1,\"name\":\"Kezd\u0151lap\",\"item\":\"https:\\\/\\\/photonet.hu\\\/online\\\/\"},{\"@type\":\"ListItem\",\"position\":2,\"name\":\"Szerencsef\u00fcgg\u0151s\u00e9g e-fot\u00f3 p\u00e1ly\u00e1zat \u00e9s ki\u00e1ll\u00edt\u00e1s\"}]},{\"@type\":\"WebSite\",\"@id\":\"\\\/#website\",\"url\":\"\\\/\",\"name\":\"Photonet\",\"description\":\"Photonet - online fot\u00f3s magazin\",\"publisher\":{\"@id\":\"\\\/#organization\"},\"potentialAction\":[{\"@type\":\"SearchAction\",\"target\":{\"@type\":\"EntryPoint\",\"urlTemplate\":\"\\\/?s={search_term_string}\"},\"query-input\":{\"@type\":\"PropertyValueSpecification\",\"valueRequired\":true,\"valueName\":\"search_term_string\"}}],\"inLanguage\":\"hu\"},{\"@type\":\"Organization\",\"@id\":\"\\\/#organization\",\"name\":\"Photonet\",\"url\":\"\\\/\",\"logo\":{\"@type\":\"ImageObject\",\"inLanguage\":\"hu\",\"@id\":\"\\\/#\\\/schema\\\/logo\\\/image\\\/\",\"url\":\"https:\\\/\\\/photonet.hu\\\/online\\\/wp-content\\\/uploads\\\/2026\\\/02\\\/photonet_lens_shutter_512.png\",\"contentUrl\":\"https:\\\/\\\/photonet.hu\\\/online\\\/wp-content\\\/uploads\\\/2026\\\/02\\\/photonet_lens_shutter_512.png\",\"width\":512,\"height\":512,\"caption\":\"Photonet\"},\"image\":{\"@id\":\"\\\/#\\\/schema\\\/logo\\\/image\\\/\"},\"sameAs\":[\"https:\\\/\\\/www.facebook.com\\\/photonet.hu\",\"https:\\\/\\\/x.com\\\/photonethu\",\"https:\\\/\\\/www.pinterest.com\\\/acsienator\\\/photography\\\/\"]},{\"@type\":\"Person\",\"@id\":\"\\\/#\\\/schema\\\/person\\\/b8065e4118b8cea4068716ccbdd92f94\",\"name\":\"photonet\",\"image\":{\"@type\":\"ImageObject\",\"inLanguage\":\"hu\",\"@id\":\"https:\\\/\\\/secure.gravatar.com\\\/avatar\\\/7c91ab952e1e196e2bf6641a013b7b971ffa12946ddbf0f05fb85f62d3433ce2?s=96&d=mm&r=g\",\"url\":\"https:\\\/\\\/secure.gravatar.com\\\/avatar\\\/7c91ab952e1e196e2bf6641a013b7b971ffa12946ddbf0f05fb85f62d3433ce2?s=96&d=mm&r=g\",\"contentUrl\":\"https:\\\/\\\/secure.gravatar.com\\\/avatar\\\/7c91ab952e1e196e2bf6641a013b7b971ffa12946ddbf0f05fb85f62d3433ce2?s=96&d=mm&r=g\",\"caption\":\"photonet\"},\"description\":\"szerkeszt\u0151 - photonet, online fot\u00f3s magazin\",\"sameAs\":[\"http:\\\/\\\/photonet.hu\",\"https:\\\/\\\/www.facebook.com\\\/photonet.hu\",\"https:\\\/\\\/x.com\\\/https:\\\/\\\/x.com\\\/photonethu\"],\"url\":\"https:\\\/\\\/photonet.hu\\\/online\\\/author\\\/photonet\\\/\"}]}<\/script>\n<!-- \/ Yoast SEO plugin. -->","yoast_head_json":{"title":"Szerencsef\u00fcgg\u0151s\u00e9g e-fot\u00f3 p\u00e1ly\u00e1zat \u00e9s ki\u00e1ll\u00edt\u00e1s - Photonet","robots":{"index":"index","follow":"follow","max-snippet":"max-snippet:-1","max-image-preview":"max-image-preview:large","max-video-preview":"max-video-preview:-1"},"canonical":"https:\/\/photonet.hu\/online\/magazin\/fotopalyazatok\/szerencsefuggoseg-e-foto-palyazat-es-kiallitas\/","og_locale":"hu_HU","og_type":"article","og_title":"Szerencsef\u00fcgg\u0151s\u00e9g e-fot\u00f3 p\u00e1ly\u00e1zat \u00e9s ki\u00e1ll\u00edt\u00e1s - Photonet","og_description":"A Szerencsej\u00e1t\u00e9k Zrt. egy\u00fcttm\u0171k\u00f6d\u00e9sben a kArton gal\u00e9ri\u00e1val orsz\u00e1gos e-fot\u00f3 p\u00e1ly\u00e1zatot hirdet magyarorsz\u00e1gi \u00e9s hat\u00e1ron t\u00fali magyar fot\u00f3sok r\u00e9sz\u00e9re, t\u00f6bb t\u00e9mak\u00f6rben \u00e9s kateg\u00f3ri\u00e1ban, \u00f6sszesen 4,1 milli\u00f3 forint \u00f6sszd\u00edjaz\u00e1ssal.","og_url":"https:\/\/photonet.hu\/online\/magazin\/fotopalyazatok\/szerencsefuggoseg-e-foto-palyazat-es-kiallitas\/","og_site_name":"Photonet","article_publisher":"https:\/\/www.facebook.com\/photonet.hu","article_author":"https:\/\/www.facebook.com\/photonet.hu","article_published_time":"2014-08-05T17:36:41+00:00","article_modified_time":"2014-08-05T17:37:22+00:00","og_image":[{"width":800,"height":533,"url":"https:\/\/photonet.hu\/online\/wp-content\/uploads\/2014\/08\/fotopalyazat_fotos.jpg","type":"image\/jpeg"}],"author":"photonet","twitter_card":"summary_large_image","twitter_creator":"@https:\/\/x.com\/photonethu","twitter_site":"@photonethu","twitter_misc":{"Szerz\u0151:":"photonet","Becs\u00fclt olvas\u00e1si id\u0151":"4 perc"},"schema":{"@context":"https:\/\/schema.org","@graph":[{"@type":"Article","@id":"https:\/\/photonet.hu\/online\/magazin\/fotopalyazatok\/szerencsefuggoseg-e-foto-palyazat-es-kiallitas\/#article","isPartOf":{"@id":"https:\/\/photonet.hu\/online\/magazin\/fotopalyazatok\/szerencsefuggoseg-e-foto-palyazat-es-kiallitas\/"},"author":{"name":"photonet","@id":"\/#\/schema\/person\/b8065e4118b8cea4068716ccbdd92f94"},"headline":"Szerencsef\u00fcgg\u0151s\u00e9g e-fot\u00f3 p\u00e1ly\u00e1zat \u00e9s ki\u00e1ll\u00edt\u00e1s","datePublished":"2014-08-05T17:36:41+00:00","dateModified":"2014-08-05T17:37:22+00:00","mainEntityOfPage":{"@id":"https:\/\/photonet.hu\/online\/magazin\/fotopalyazatok\/szerencsefuggoseg-e-foto-palyazat-es-kiallitas\/"},"wordCount":871,"commentCount":0,"publisher":{"@id":"\/#organization"},"image":{"@id":"https:\/\/photonet.hu\/online\/magazin\/fotopalyazatok\/szerencsefuggoseg-e-foto-palyazat-es-kiallitas\/#primaryimage"},"thumbnailUrl":"https:\/\/photonet.hu\/online\/wp-content\/uploads\/2014\/08\/fotopalyazat_fotos.jpg","keywords":["p\u00e1ly\u00e1zat"],"articleSection":["Fot\u00f3p\u00e1ly\u00e1zatok"],"inLanguage":"hu","potentialAction":[{"@type":"CommentAction","name":"Comment","target":["https:\/\/photonet.hu\/online\/magazin\/fotopalyazatok\/szerencsefuggoseg-e-foto-palyazat-es-kiallitas\/#respond"]}]},{"@type":"WebPage","@id":"https:\/\/photonet.hu\/online\/magazin\/fotopalyazatok\/szerencsefuggoseg-e-foto-palyazat-es-kiallitas\/","url":"https:\/\/photonet.hu\/online\/magazin\/fotopalyazatok\/szerencsefuggoseg-e-foto-palyazat-es-kiallitas\/","name":"Szerencsef\u00fcgg\u0151s\u00e9g e-fot\u00f3 p\u00e1ly\u00e1zat \u00e9s ki\u00e1ll\u00edt\u00e1s - Photonet","isPartOf":{"@id":"\/#website"},"primaryImageOfPage":{"@id":"https:\/\/photonet.hu\/online\/magazin\/fotopalyazatok\/szerencsefuggoseg-e-foto-palyazat-es-kiallitas\/#primaryimage"},"image":{"@id":"https:\/\/photonet.hu\/online\/magazin\/fotopalyazatok\/szerencsefuggoseg-e-foto-palyazat-es-kiallitas\/#primaryimage"},"thumbnailUrl":"https:\/\/photonet.hu\/online\/wp-content\/uploads\/2014\/08\/fotopalyazat_fotos.jpg","datePublished":"2014-08-05T17:36:41+00:00","dateModified":"2014-08-05T17:37:22+00:00","breadcrumb":{"@id":"https:\/\/photonet.hu\/online\/magazin\/fotopalyazatok\/szerencsefuggoseg-e-foto-palyazat-es-kiallitas\/#breadcrumb"},"inLanguage":"hu","potentialAction":[{"@type":"ReadAction","target":["https:\/\/photonet.hu\/online\/magazin\/fotopalyazatok\/szerencsefuggoseg-e-foto-palyazat-es-kiallitas\/"]}]},{"@type":"ImageObject","inLanguage":"hu","@id":"https:\/\/photonet.hu\/online\/magazin\/fotopalyazatok\/szerencsefuggoseg-e-foto-palyazat-es-kiallitas\/#primaryimage","url":"https:\/\/photonet.hu\/online\/wp-content\/uploads\/2014\/08\/fotopalyazat_fotos.jpg","contentUrl":"https:\/\/photonet.hu\/online\/wp-content\/uploads\/2014\/08\/fotopalyazat_fotos.jpg","width":800,"height":533,"caption":"Fot\u00f3p\u00e1ly\u00e1zat"},{"@type":"BreadcrumbList","@id":"https:\/\/photonet.hu\/online\/magazin\/fotopalyazatok\/szerencsefuggoseg-e-foto-palyazat-es-kiallitas\/#breadcrumb","itemListElement":[{"@type":"ListItem","position":1,"name":"Kezd\u0151lap","item":"https:\/\/photonet.hu\/online\/"},{"@type":"ListItem","position":2,"name":"Szerencsef\u00fcgg\u0151s\u00e9g e-fot\u00f3 p\u00e1ly\u00e1zat \u00e9s ki\u00e1ll\u00edt\u00e1s"}]},{"@type":"WebSite","@id":"\/#website","url":"\/","name":"Photonet","description":"Photonet - online fot\u00f3s magazin","publisher":{"@id":"\/#organization"},"potentialAction":[{"@type":"SearchAction","target":{"@type":"EntryPoint","urlTemplate":"\/?s={search_term_string}"},"query-input":{"@type":"PropertyValueSpecification","valueRequired":true,"valueName":"search_term_string"}}],"inLanguage":"hu"},{"@type":"Organization","@id":"\/#organization","name":"Photonet","url":"\/","logo":{"@type":"ImageObject","inLanguage":"hu","@id":"\/#\/schema\/logo\/image\/","url":"https:\/\/photonet.hu\/online\/wp-content\/uploads\/2026\/02\/photonet_lens_shutter_512.png","contentUrl":"https:\/\/photonet.hu\/online\/wp-content\/uploads\/2026\/02\/photonet_lens_shutter_512.png","width":512,"height":512,"caption":"Photonet"},"image":{"@id":"\/#\/schema\/logo\/image\/"},"sameAs":["https:\/\/www.facebook.com\/photonet.hu","https:\/\/x.com\/photonethu","https:\/\/www.pinterest.com\/acsienator\/photography\/"]},{"@type":"Person","@id":"\/#\/schema\/person\/b8065e4118b8cea4068716ccbdd92f94","name":"photonet","image":{"@type":"ImageObject","inLanguage":"hu","@id":"https:\/\/secure.gravatar.com\/avatar\/7c91ab952e1e196e2bf6641a013b7b971ffa12946ddbf0f05fb85f62d3433ce2?s=96&d=mm&r=g","url":"https:\/\/secure.gravatar.com\/avatar\/7c91ab952e1e196e2bf6641a013b7b971ffa12946ddbf0f05fb85f62d3433ce2?s=96&d=mm&r=g","contentUrl":"https:\/\/secure.gravatar.com\/avatar\/7c91ab952e1e196e2bf6641a013b7b971ffa12946ddbf0f05fb85f62d3433ce2?s=96&d=mm&r=g","caption":"photonet"},"description":"szerkeszt\u0151 - photonet, online fot\u00f3s magazin","sameAs":["http:\/\/photonet.hu","https:\/\/www.facebook.com\/photonet.hu","https:\/\/x.com\/https:\/\/x.com\/photonethu"],"url":"https:\/\/photonet.hu\/online\/author\/photonet\/"}]}},"_links":{"self":[{"href":"https:\/\/photonet.hu\/online\/wp-json\/wp\/v2\/posts\/489","targetHints":{"allow":["GET"]}}],"collection":[{"href":"https:\/\/photonet.hu\/online\/wp-json\/wp\/v2\/posts"}],"about":[{"href":"https:\/\/photonet.hu\/online\/wp-json\/wp\/v2\/types\/post"}],"author":[{"embeddable":true,"href":"https:\/\/photonet.hu\/online\/wp-json\/wp\/v2\/users\/1"}],"replies":[{"embeddable":true,"href":"https:\/\/photonet.hu\/online\/wp-json\/wp\/v2\/comments?post=489"}],"version-history":[{"count":0,"href":"https:\/\/photonet.hu\/online\/wp-json\/wp\/v2\/posts\/489\/revisions"}],"wp:featuredmedia":[{"embeddable":true,"href":"https:\/\/photonet.hu\/online\/wp-json\/wp\/v2\/media\/490"}],"wp:attachment":[{"href":"https:\/\/photonet.hu\/online\/wp-json\/wp\/v2\/media?parent=489"}],"wp:term":[{"taxonomy":"category","embeddable":true,"href":"https:\/\/photonet.hu\/online\/wp-json\/wp\/v2\/categories?post=489"},{"taxonomy":"post_tag","embeddable":true,"href":"https:\/\/photonet.hu\/online\/wp-json\/wp\/v2\/tags?post=489"}],"curies":[{"name":"wp","href":"https:\/\/api.w.org\/{rel}","templated":true}]}}