{"id":479,"date":"2014-07-28T11:47:10","date_gmt":"2014-07-28T09:47:10","guid":{"rendered":"https:\/\/photonet.hu\/online\/?p=479"},"modified":"2014-07-28T12:16:00","modified_gmt":"2014-07-28T10:16:00","slug":"fedor-gabcan-fotokiallitasa-programajanlo","status":"publish","type":"post","link":"https:\/\/photonet.hu\/online\/magazin\/esemenyek\/fedor-gabcan-fotokiallitasa-programajanlo\/","title":{"rendered":"Fedor Gabcan fot\u00f3ki\u00e1ll\u00edt\u00e1sa &#8211; programaj\u00e1nl\u00f3"},"content":{"rendered":"<p>Archaikus fot\u00f3k a mai Csehorsz\u00e1gb\u00f3l, fot\u00f3ki\u00e1ll\u00edt\u00e1s a Mai Man\u00f3 H\u00e1zban.<\/p>\n<p><!--more-->Fedor Gab\u010dan Magyarorsz\u00e1gon viszonylag ismeretlen fot\u00f3s, aki nyugd\u00edjas \u00e9veiben a r\u00e9gi technik\u00e1khoz ny\u00falt vissza, hogy kifejezze m\u0171v\u00e9szi aktjait, portr\u00e9it, csend\u00e9leteit. Az archaikus elj\u00e1r\u00e1sokkal k\u00e9sz\u00fclt fotogr\u00e1fi\u00e1k augusztus 24-ig tekinthet\u0151k meg a Mai Man\u00f3 Gal\u00e9ri\u00e1ban.<\/p>\n<p><a title=\"Fedor Gabcan \u00e9letrajza\" href=\"https:\/\/photonet.hu\/online\/fedor-gabcan\/\">Fedor Gab\u010dan \u00e9letrajza<\/a><\/p>\n<p>A ki\u00e1ll\u00edt\u00e1s megtekint\u00e9se ingyenes.<\/p>\n<h2>Mai Man\u00f3 Gal\u00e9ria (&#8222;Kis Man\u00f3&#8221;)<\/h2>\n<h3>Megtekinthet\u0151<\/h3>\n<p>2014. j\u00fanius 27. \u2013 augusztus 24.<br \/>\nminden h\u00e9tk\u00f6znap 14-19 \u00f3ra k\u00f6z\u00f6tt,<br \/>\nh\u00e9tv\u00e9g\u00e9n 11-19 \u00f3ra k\u00f6z\u00f6tt.<\/p>\n<p><strong>Magyar Fotogr\u00e1fusok H\u00e1za &#8211; Mai Man\u00f3 H\u00e1z<\/strong><br \/>\n1065 Budapest, Nagymez\u0151 utca 20.<br \/>\nTelefon: 473-2666<br \/>\nWeb:\u00a0<a title=\"Mai Man\u00f3 H\u00e1z\" href=\"http:\/\/www.maimano.hu\" target=\"_blank\">www.maimano.hu<\/a><br \/>\nE-mail: <a href=\"mailto:maimano@maimano.hu\">maimano@maimano.hu<\/a><\/p>\n","protected":false},"excerpt":{"rendered":"<p>Archaikus fot\u00f3k a mai Csehorsz\u00e1gb\u00f3l, fot\u00f3ki\u00e1ll\u00edt\u00e1s a Mai Man\u00f3 H\u00e1zban.<\/p>\n","protected":false},"author":1,"featured_media":476,"comment_status":"open","ping_status":"open","sticky":false,"template":"","format":"standard","meta":{"footnotes":""},"categories":[99],"tags":[111,113,143,115],"class_list":{"0":"post-479","1":"post","2":"type-post","3":"status-publish","4":"format-standard","5":"has-post-thumbnail","7":"category-esemenyek","8":"tag-fotomuveszet-2","9":"tag-kiallitas","10":"tag-mai-mano","11":"tag-muzeum"},"yoast_head":"<!-- This site is optimized with the Yoast SEO plugin v27.4 - https:\/\/yoast.com\/product\/yoast-seo-wordpress\/ -->\n<title>Fedor Gabcan fot\u00f3ki\u00e1ll\u00edt\u00e1sa - programaj\u00e1nl\u00f3 - Photonet<\/title>\n<meta name=\"robots\" content=\"index, follow, max-snippet:-1, max-image-preview:large, max-video-preview:-1\" \/>\n<link rel=\"canonical\" href=\"https:\/\/photonet.hu\/online\/magazin\/esemenyek\/fedor-gabcan-fotokiallitasa-programajanlo\/\" \/>\n<meta property=\"og:locale\" content=\"hu_HU\" \/>\n<meta property=\"og:type\" content=\"article\" \/>\n<meta property=\"og:title\" content=\"Fedor Gabcan fot\u00f3ki\u00e1ll\u00edt\u00e1sa - programaj\u00e1nl\u00f3 - Photonet\" \/>\n<meta property=\"og:description\" content=\"Archaikus fot\u00f3k a mai Csehorsz\u00e1gb\u00f3l, fot\u00f3ki\u00e1ll\u00edt\u00e1s a Mai Man\u00f3 H\u00e1zban.\" \/>\n<meta property=\"og:url\" content=\"https:\/\/photonet.hu\/online\/magazin\/esemenyek\/fedor-gabcan-fotokiallitasa-programajanlo\/\" \/>\n<meta property=\"og:site_name\" content=\"Photonet\" \/>\n<meta property=\"article:publisher\" content=\"https:\/\/www.facebook.com\/photonet.hu\" \/>\n<meta property=\"article:author\" content=\"https:\/\/www.facebook.com\/photonet.hu\" \/>\n<meta property=\"article:published_time\" content=\"2014-07-28T09:47:10+00:00\" \/>\n<meta property=\"article:modified_time\" content=\"2014-07-28T10:16:00+00:00\" \/>\n<meta property=\"og:image\" content=\"https:\/\/photonet.hu\/online\/wp-content\/uploads\/2014\/07\/fedor_gabcan_indiai_emlek_2013_argentotipia_cianotipia.jpg\" \/>\n\t<meta property=\"og:image:width\" content=\"360\" \/>\n\t<meta property=\"og:image:height\" content=\"480\" \/>\n\t<meta property=\"og:image:type\" content=\"image\/jpeg\" \/>\n<meta name=\"author\" content=\"photonet\" \/>\n<meta name=\"twitter:card\" content=\"summary_large_image\" \/>\n<meta name=\"twitter:creator\" content=\"@https:\/\/x.com\/photonethu\" \/>\n<meta name=\"twitter:site\" content=\"@photonethu\" \/>\n<meta name=\"twitter:label1\" content=\"Szerz\u0151:\" \/>\n\t<meta name=\"twitter:data1\" content=\"photonet\" \/>\n\t<meta name=\"twitter:label2\" content=\"Becs\u00fclt olvas\u00e1si id\u0151\" \/>\n\t<meta name=\"twitter:data2\" content=\"1 perc\" \/>\n<script type=\"application\/ld+json\" class=\"yoast-schema-graph\">{\"@context\":\"https:\\\/\\\/schema.org\",\"@graph\":[{\"@type\":\"Article\",\"@id\":\"https:\\\/\\\/photonet.hu\\\/online\\\/magazin\\\/esemenyek\\\/fedor-gabcan-fotokiallitasa-programajanlo\\\/#article\",\"isPartOf\":{\"@id\":\"https:\\\/\\\/photonet.hu\\\/online\\\/magazin\\\/esemenyek\\\/fedor-gabcan-fotokiallitasa-programajanlo\\\/\"},\"author\":{\"name\":\"photonet\",\"@id\":\"\\\/#\\\/schema\\\/person\\\/b8065e4118b8cea4068716ccbdd92f94\"},\"headline\":\"Fedor Gabcan fot\u00f3ki\u00e1ll\u00edt\u00e1sa &#8211; programaj\u00e1nl\u00f3\",\"datePublished\":\"2014-07-28T09:47:10+00:00\",\"dateModified\":\"2014-07-28T10:16:00+00:00\",\"mainEntityOfPage\":{\"@id\":\"https:\\\/\\\/photonet.hu\\\/online\\\/magazin\\\/esemenyek\\\/fedor-gabcan-fotokiallitasa-programajanlo\\\/\"},\"wordCount\":144,\"commentCount\":1,\"publisher\":{\"@id\":\"\\\/#organization\"},\"image\":{\"@id\":\"https:\\\/\\\/photonet.hu\\\/online\\\/magazin\\\/esemenyek\\\/fedor-gabcan-fotokiallitasa-programajanlo\\\/#primaryimage\"},\"thumbnailUrl\":\"https:\\\/\\\/photonet.hu\\\/online\\\/wp-content\\\/uploads\\\/2014\\\/07\\\/fedor_gabcan_indiai_emlek_2013_argentotipia_cianotipia.jpg\",\"keywords\":[\"fot\u00f3m\u0171v\u00e9szet\",\"ki\u00e1ll\u00edt\u00e1s\",\"mai man\u00f3\",\"m\u00fazeum\"],\"articleSection\":[\"Esem\u00e9nyek\"],\"inLanguage\":\"hu\",\"potentialAction\":[{\"@type\":\"CommentAction\",\"name\":\"Comment\",\"target\":[\"https:\\\/\\\/photonet.hu\\\/online\\\/magazin\\\/esemenyek\\\/fedor-gabcan-fotokiallitasa-programajanlo\\\/#respond\"]}]},{\"@type\":\"WebPage\",\"@id\":\"https:\\\/\\\/photonet.hu\\\/online\\\/magazin\\\/esemenyek\\\/fedor-gabcan-fotokiallitasa-programajanlo\\\/\",\"url\":\"https:\\\/\\\/photonet.hu\\\/online\\\/magazin\\\/esemenyek\\\/fedor-gabcan-fotokiallitasa-programajanlo\\\/\",\"name\":\"Fedor Gabcan fot\u00f3ki\u00e1ll\u00edt\u00e1sa - programaj\u00e1nl\u00f3 - Photonet\",\"isPartOf\":{\"@id\":\"\\\/#website\"},\"primaryImageOfPage\":{\"@id\":\"https:\\\/\\\/photonet.hu\\\/online\\\/magazin\\\/esemenyek\\\/fedor-gabcan-fotokiallitasa-programajanlo\\\/#primaryimage\"},\"image\":{\"@id\":\"https:\\\/\\\/photonet.hu\\\/online\\\/magazin\\\/esemenyek\\\/fedor-gabcan-fotokiallitasa-programajanlo\\\/#primaryimage\"},\"thumbnailUrl\":\"https:\\\/\\\/photonet.hu\\\/online\\\/wp-content\\\/uploads\\\/2014\\\/07\\\/fedor_gabcan_indiai_emlek_2013_argentotipia_cianotipia.jpg\",\"datePublished\":\"2014-07-28T09:47:10+00:00\",\"dateModified\":\"2014-07-28T10:16:00+00:00\",\"breadcrumb\":{\"@id\":\"https:\\\/\\\/photonet.hu\\\/online\\\/magazin\\\/esemenyek\\\/fedor-gabcan-fotokiallitasa-programajanlo\\\/#breadcrumb\"},\"inLanguage\":\"hu\",\"potentialAction\":[{\"@type\":\"ReadAction\",\"target\":[\"https:\\\/\\\/photonet.hu\\\/online\\\/magazin\\\/esemenyek\\\/fedor-gabcan-fotokiallitasa-programajanlo\\\/\"]}]},{\"@type\":\"ImageObject\",\"inLanguage\":\"hu\",\"@id\":\"https:\\\/\\\/photonet.hu\\\/online\\\/magazin\\\/esemenyek\\\/fedor-gabcan-fotokiallitasa-programajanlo\\\/#primaryimage\",\"url\":\"https:\\\/\\\/photonet.hu\\\/online\\\/wp-content\\\/uploads\\\/2014\\\/07\\\/fedor_gabcan_indiai_emlek_2013_argentotipia_cianotipia.jpg\",\"contentUrl\":\"https:\\\/\\\/photonet.hu\\\/online\\\/wp-content\\\/uploads\\\/2014\\\/07\\\/fedor_gabcan_indiai_emlek_2013_argentotipia_cianotipia.jpg\",\"width\":360,\"height\":480,\"caption\":\"Fedor Gab\u010dan: Indiai eml\u00e9k\"},{\"@type\":\"BreadcrumbList\",\"@id\":\"https:\\\/\\\/photonet.hu\\\/online\\\/magazin\\\/esemenyek\\\/fedor-gabcan-fotokiallitasa-programajanlo\\\/#breadcrumb\",\"itemListElement\":[{\"@type\":\"ListItem\",\"position\":1,\"name\":\"Kezd\u0151lap\",\"item\":\"https:\\\/\\\/photonet.hu\\\/online\\\/\"},{\"@type\":\"ListItem\",\"position\":2,\"name\":\"Fedor Gabcan fot\u00f3ki\u00e1ll\u00edt\u00e1sa &#8211; programaj\u00e1nl\u00f3\"}]},{\"@type\":\"WebSite\",\"@id\":\"\\\/#website\",\"url\":\"\\\/\",\"name\":\"Photonet\",\"description\":\"Photonet - online fot\u00f3s magazin\",\"publisher\":{\"@id\":\"\\\/#organization\"},\"potentialAction\":[{\"@type\":\"SearchAction\",\"target\":{\"@type\":\"EntryPoint\",\"urlTemplate\":\"\\\/?s={search_term_string}\"},\"query-input\":{\"@type\":\"PropertyValueSpecification\",\"valueRequired\":true,\"valueName\":\"search_term_string\"}}],\"inLanguage\":\"hu\"},{\"@type\":\"Organization\",\"@id\":\"\\\/#organization\",\"name\":\"Photonet\",\"url\":\"\\\/\",\"logo\":{\"@type\":\"ImageObject\",\"inLanguage\":\"hu\",\"@id\":\"\\\/#\\\/schema\\\/logo\\\/image\\\/\",\"url\":\"https:\\\/\\\/photonet.hu\\\/online\\\/wp-content\\\/uploads\\\/2026\\\/02\\\/photonet_lens_shutter_512.png\",\"contentUrl\":\"https:\\\/\\\/photonet.hu\\\/online\\\/wp-content\\\/uploads\\\/2026\\\/02\\\/photonet_lens_shutter_512.png\",\"width\":512,\"height\":512,\"caption\":\"Photonet\"},\"image\":{\"@id\":\"\\\/#\\\/schema\\\/logo\\\/image\\\/\"},\"sameAs\":[\"https:\\\/\\\/www.facebook.com\\\/photonet.hu\",\"https:\\\/\\\/x.com\\\/photonethu\",\"https:\\\/\\\/www.pinterest.com\\\/acsienator\\\/photography\\\/\"]},{\"@type\":\"Person\",\"@id\":\"\\\/#\\\/schema\\\/person\\\/b8065e4118b8cea4068716ccbdd92f94\",\"name\":\"photonet\",\"image\":{\"@type\":\"ImageObject\",\"inLanguage\":\"hu\",\"@id\":\"https:\\\/\\\/secure.gravatar.com\\\/avatar\\\/7c91ab952e1e196e2bf6641a013b7b971ffa12946ddbf0f05fb85f62d3433ce2?s=96&d=mm&r=g\",\"url\":\"https:\\\/\\\/secure.gravatar.com\\\/avatar\\\/7c91ab952e1e196e2bf6641a013b7b971ffa12946ddbf0f05fb85f62d3433ce2?s=96&d=mm&r=g\",\"contentUrl\":\"https:\\\/\\\/secure.gravatar.com\\\/avatar\\\/7c91ab952e1e196e2bf6641a013b7b971ffa12946ddbf0f05fb85f62d3433ce2?s=96&d=mm&r=g\",\"caption\":\"photonet\"},\"description\":\"szerkeszt\u0151 - photonet, online fot\u00f3s magazin\",\"sameAs\":[\"http:\\\/\\\/photonet.hu\",\"https:\\\/\\\/www.facebook.com\\\/photonet.hu\",\"https:\\\/\\\/x.com\\\/https:\\\/\\\/x.com\\\/photonethu\"],\"url\":\"https:\\\/\\\/photonet.hu\\\/online\\\/author\\\/photonet\\\/\"}]}<\/script>\n<!-- \/ Yoast SEO plugin. -->","yoast_head_json":{"title":"Fedor Gabcan fot\u00f3ki\u00e1ll\u00edt\u00e1sa - programaj\u00e1nl\u00f3 - Photonet","robots":{"index":"index","follow":"follow","max-snippet":"max-snippet:-1","max-image-preview":"max-image-preview:large","max-video-preview":"max-video-preview:-1"},"canonical":"https:\/\/photonet.hu\/online\/magazin\/esemenyek\/fedor-gabcan-fotokiallitasa-programajanlo\/","og_locale":"hu_HU","og_type":"article","og_title":"Fedor Gabcan fot\u00f3ki\u00e1ll\u00edt\u00e1sa - programaj\u00e1nl\u00f3 - Photonet","og_description":"Archaikus fot\u00f3k a mai Csehorsz\u00e1gb\u00f3l, fot\u00f3ki\u00e1ll\u00edt\u00e1s a Mai Man\u00f3 H\u00e1zban.","og_url":"https:\/\/photonet.hu\/online\/magazin\/esemenyek\/fedor-gabcan-fotokiallitasa-programajanlo\/","og_site_name":"Photonet","article_publisher":"https:\/\/www.facebook.com\/photonet.hu","article_author":"https:\/\/www.facebook.com\/photonet.hu","article_published_time":"2014-07-28T09:47:10+00:00","article_modified_time":"2014-07-28T10:16:00+00:00","og_image":[{"width":360,"height":480,"url":"https:\/\/photonet.hu\/online\/wp-content\/uploads\/2014\/07\/fedor_gabcan_indiai_emlek_2013_argentotipia_cianotipia.jpg","type":"image\/jpeg"}],"author":"photonet","twitter_card":"summary_large_image","twitter_creator":"@https:\/\/x.com\/photonethu","twitter_site":"@photonethu","twitter_misc":{"Szerz\u0151:":"photonet","Becs\u00fclt olvas\u00e1si id\u0151":"1 perc"},"schema":{"@context":"https:\/\/schema.org","@graph":[{"@type":"Article","@id":"https:\/\/photonet.hu\/online\/magazin\/esemenyek\/fedor-gabcan-fotokiallitasa-programajanlo\/#article","isPartOf":{"@id":"https:\/\/photonet.hu\/online\/magazin\/esemenyek\/fedor-gabcan-fotokiallitasa-programajanlo\/"},"author":{"name":"photonet","@id":"\/#\/schema\/person\/b8065e4118b8cea4068716ccbdd92f94"},"headline":"Fedor Gabcan fot\u00f3ki\u00e1ll\u00edt\u00e1sa &#8211; programaj\u00e1nl\u00f3","datePublished":"2014-07-28T09:47:10+00:00","dateModified":"2014-07-28T10:16:00+00:00","mainEntityOfPage":{"@id":"https:\/\/photonet.hu\/online\/magazin\/esemenyek\/fedor-gabcan-fotokiallitasa-programajanlo\/"},"wordCount":144,"commentCount":1,"publisher":{"@id":"\/#organization"},"image":{"@id":"https:\/\/photonet.hu\/online\/magazin\/esemenyek\/fedor-gabcan-fotokiallitasa-programajanlo\/#primaryimage"},"thumbnailUrl":"https:\/\/photonet.hu\/online\/wp-content\/uploads\/2014\/07\/fedor_gabcan_indiai_emlek_2013_argentotipia_cianotipia.jpg","keywords":["fot\u00f3m\u0171v\u00e9szet","ki\u00e1ll\u00edt\u00e1s","mai man\u00f3","m\u00fazeum"],"articleSection":["Esem\u00e9nyek"],"inLanguage":"hu","potentialAction":[{"@type":"CommentAction","name":"Comment","target":["https:\/\/photonet.hu\/online\/magazin\/esemenyek\/fedor-gabcan-fotokiallitasa-programajanlo\/#respond"]}]},{"@type":"WebPage","@id":"https:\/\/photonet.hu\/online\/magazin\/esemenyek\/fedor-gabcan-fotokiallitasa-programajanlo\/","url":"https:\/\/photonet.hu\/online\/magazin\/esemenyek\/fedor-gabcan-fotokiallitasa-programajanlo\/","name":"Fedor Gabcan fot\u00f3ki\u00e1ll\u00edt\u00e1sa - programaj\u00e1nl\u00f3 - Photonet","isPartOf":{"@id":"\/#website"},"primaryImageOfPage":{"@id":"https:\/\/photonet.hu\/online\/magazin\/esemenyek\/fedor-gabcan-fotokiallitasa-programajanlo\/#primaryimage"},"image":{"@id":"https:\/\/photonet.hu\/online\/magazin\/esemenyek\/fedor-gabcan-fotokiallitasa-programajanlo\/#primaryimage"},"thumbnailUrl":"https:\/\/photonet.hu\/online\/wp-content\/uploads\/2014\/07\/fedor_gabcan_indiai_emlek_2013_argentotipia_cianotipia.jpg","datePublished":"2014-07-28T09:47:10+00:00","dateModified":"2014-07-28T10:16:00+00:00","breadcrumb":{"@id":"https:\/\/photonet.hu\/online\/magazin\/esemenyek\/fedor-gabcan-fotokiallitasa-programajanlo\/#breadcrumb"},"inLanguage":"hu","potentialAction":[{"@type":"ReadAction","target":["https:\/\/photonet.hu\/online\/magazin\/esemenyek\/fedor-gabcan-fotokiallitasa-programajanlo\/"]}]},{"@type":"ImageObject","inLanguage":"hu","@id":"https:\/\/photonet.hu\/online\/magazin\/esemenyek\/fedor-gabcan-fotokiallitasa-programajanlo\/#primaryimage","url":"https:\/\/photonet.hu\/online\/wp-content\/uploads\/2014\/07\/fedor_gabcan_indiai_emlek_2013_argentotipia_cianotipia.jpg","contentUrl":"https:\/\/photonet.hu\/online\/wp-content\/uploads\/2014\/07\/fedor_gabcan_indiai_emlek_2013_argentotipia_cianotipia.jpg","width":360,"height":480,"caption":"Fedor Gab\u010dan: Indiai eml\u00e9k"},{"@type":"BreadcrumbList","@id":"https:\/\/photonet.hu\/online\/magazin\/esemenyek\/fedor-gabcan-fotokiallitasa-programajanlo\/#breadcrumb","itemListElement":[{"@type":"ListItem","position":1,"name":"Kezd\u0151lap","item":"https:\/\/photonet.hu\/online\/"},{"@type":"ListItem","position":2,"name":"Fedor Gabcan fot\u00f3ki\u00e1ll\u00edt\u00e1sa &#8211; programaj\u00e1nl\u00f3"}]},{"@type":"WebSite","@id":"\/#website","url":"\/","name":"Photonet","description":"Photonet - online fot\u00f3s magazin","publisher":{"@id":"\/#organization"},"potentialAction":[{"@type":"SearchAction","target":{"@type":"EntryPoint","urlTemplate":"\/?s={search_term_string}"},"query-input":{"@type":"PropertyValueSpecification","valueRequired":true,"valueName":"search_term_string"}}],"inLanguage":"hu"},{"@type":"Organization","@id":"\/#organization","name":"Photonet","url":"\/","logo":{"@type":"ImageObject","inLanguage":"hu","@id":"\/#\/schema\/logo\/image\/","url":"https:\/\/photonet.hu\/online\/wp-content\/uploads\/2026\/02\/photonet_lens_shutter_512.png","contentUrl":"https:\/\/photonet.hu\/online\/wp-content\/uploads\/2026\/02\/photonet_lens_shutter_512.png","width":512,"height":512,"caption":"Photonet"},"image":{"@id":"\/#\/schema\/logo\/image\/"},"sameAs":["https:\/\/www.facebook.com\/photonet.hu","https:\/\/x.com\/photonethu","https:\/\/www.pinterest.com\/acsienator\/photography\/"]},{"@type":"Person","@id":"\/#\/schema\/person\/b8065e4118b8cea4068716ccbdd92f94","name":"photonet","image":{"@type":"ImageObject","inLanguage":"hu","@id":"https:\/\/secure.gravatar.com\/avatar\/7c91ab952e1e196e2bf6641a013b7b971ffa12946ddbf0f05fb85f62d3433ce2?s=96&d=mm&r=g","url":"https:\/\/secure.gravatar.com\/avatar\/7c91ab952e1e196e2bf6641a013b7b971ffa12946ddbf0f05fb85f62d3433ce2?s=96&d=mm&r=g","contentUrl":"https:\/\/secure.gravatar.com\/avatar\/7c91ab952e1e196e2bf6641a013b7b971ffa12946ddbf0f05fb85f62d3433ce2?s=96&d=mm&r=g","caption":"photonet"},"description":"szerkeszt\u0151 - photonet, online fot\u00f3s magazin","sameAs":["http:\/\/photonet.hu","https:\/\/www.facebook.com\/photonet.hu","https:\/\/x.com\/https:\/\/x.com\/photonethu"],"url":"https:\/\/photonet.hu\/online\/author\/photonet\/"}]}},"_links":{"self":[{"href":"https:\/\/photonet.hu\/online\/wp-json\/wp\/v2\/posts\/479","targetHints":{"allow":["GET"]}}],"collection":[{"href":"https:\/\/photonet.hu\/online\/wp-json\/wp\/v2\/posts"}],"about":[{"href":"https:\/\/photonet.hu\/online\/wp-json\/wp\/v2\/types\/post"}],"author":[{"embeddable":true,"href":"https:\/\/photonet.hu\/online\/wp-json\/wp\/v2\/users\/1"}],"replies":[{"embeddable":true,"href":"https:\/\/photonet.hu\/online\/wp-json\/wp\/v2\/comments?post=479"}],"version-history":[{"count":0,"href":"https:\/\/photonet.hu\/online\/wp-json\/wp\/v2\/posts\/479\/revisions"}],"wp:featuredmedia":[{"embeddable":true,"href":"https:\/\/photonet.hu\/online\/wp-json\/wp\/v2\/media\/476"}],"wp:attachment":[{"href":"https:\/\/photonet.hu\/online\/wp-json\/wp\/v2\/media?parent=479"}],"wp:term":[{"taxonomy":"category","embeddable":true,"href":"https:\/\/photonet.hu\/online\/wp-json\/wp\/v2\/categories?post=479"},{"taxonomy":"post_tag","embeddable":true,"href":"https:\/\/photonet.hu\/online\/wp-json\/wp\/v2\/tags?post=479"}],"curies":[{"name":"wp","href":"https:\/\/api.w.org\/{rel}","templated":true}]}}