{"id":429,"date":"2014-06-10T12:46:54","date_gmt":"2014-06-10T10:46:54","guid":{"rendered":"https:\/\/photonet.hu\/online\/?p=429"},"modified":"2014-06-10T12:49:17","modified_gmt":"2014-06-10T10:49:17","slug":"canon-irista-uj-felho-alapu-kepkezelo-tarolo-platfom","status":"publish","type":"post","link":"https:\/\/photonet.hu\/online\/magazin\/tech\/canon-irista-uj-felho-alapu-kepkezelo-tarolo-platfom\/","title":{"rendered":"Canon Irista &#8211; \u00faj felh\u0151 alap\u00fa k\u00e9pkezel\u0151, t\u00e1rol\u00f3 platfom"},"content":{"rendered":"<p>A Canon bemutatta az Irista platformot \u2013 egy olyan fejlett, felh\u0151 alap\u00fa k\u00e9pkezel\u0151 \u00e9s \u2013t\u00e1rol\u00f3 platformot, amellyel a felhaszn\u00e1l\u00f3k minden eddigit\u0151l elt\u00e9r\u0151 m\u00f3don \u00e9rhetik el, \u00e9lvezhetik \u00e9s kezelhetik a fot\u00f3k\u00f6nyvt\u00e1raikat.<\/p>\n<p><!--more-->Manaps\u00e1g ezr\u00e9vel k\u00e9sz\u00edtj\u00fck a digit\u00e1lis f\u00e9nyk\u00e9peket, amelyeket azut\u00e1n t\u00f6bb eszk\u00f6z\u00f6n sz\u00e9tsz\u00f3rva t\u00e1rolunk. Az Irista az\u00e9rt k\u00e9sz\u00fclt, hogy seg\u00edtsen az \u00f6sszes k\u00e9pet egyetlen k\u00f6zponti helyre gy\u0171jteni. Az Irista seg\u00edts\u00e9g\u00e9vel k\u00f6nnyed\u00e9n megtal\u00e1ljuk b\u00e1rmelyik fot\u00f3nkat, eml\u00e9k\u00fcnket \u2013 f\u00fcggetlen\u00fcl att\u00f3l, hogy milyen eszk\u00f6zzel k\u00e9sz\u00edtett\u00fck: f\u00e9nyk\u00e9pez\u0151g\u00e9ppel vagy okostelefonnal.<\/p>\n<h2>Az Irista n\u00e9gy f\u0151 v\u00e1s\u00e1rl\u00f3i ig\u00e9nyre koncentr\u00e1l<\/h2>\n<ul>\n<li>Egyszer\u0171 haszn\u00e1lat: Egy fot\u00f3gy\u0171jtem\u00e9ny ahol b\u00e1rmelyik fot\u00f3 gyorsan \u00e9s k\u00f6nnyen megtal\u00e1lhat\u00f3<\/li>\n<li>\u00c1lland\u00f3 kapcsolat: K\u00f6zvetlen megoszt\u00e1si lehet\u0151s\u00e9g a n\u00e9pszer\u0171 k\u00f6z\u00f6ss\u00e9gi h\u00e1l\u00f3zatokon; az aj\u00e1nl\u00e1sok \u00e9s hozz\u00e1sz\u00f3l\u00e1sok nyomon k\u00f6vet\u00e9se<\/li>\n<li>Inspir\u00e1ci\u00f3: Egyetlen hely a k\u00e9pek interakt\u00edv kezel\u00e9s\u00e9hez, a f\u00e9nyk\u00e9pez\u00e9si tud\u00e1s csiszol\u00e1s\u00e1hoz \u00e9s ahhoz, hogy a k\u00e9pekb\u0151l a lehet\u0151 legt\u00f6bbet lehessen kihozni.<\/li>\n<li>\u201eGyepl\u0151 a k\u00e9zben\u201d: Minden k\u00e9p biztons\u00e1gosan t\u00e1rolhat\u00f3 egyetlen helyen \u00fagy, hogy b\u00e1rmikor \u00e9s b\u00e1rhonnan el\u00e9rhet\u0151<\/li>\n<\/ul>\n<p>A Canon k\u00e9pkezel\u00e9si szak\u00e9rtelm\u00e9re \u00e9p\u00fcl\u0151 Irista kialak\u00edt\u00e1s\u00e1nak \u00e9s az \u00e1ltala ny\u00fajtott p\u00e1ratlan felhaszn\u00e1l\u00f3i \u00e9lm\u00e9nynek k\u00f6sz\u00f6nhet\u0151en minden embernek sz\u00f3l, aki k\u00e9zben akarja tartani az eml\u00e9keit.<\/p>\n<p>A szolg\u00e1ltat\u00e1s sokf\u00e9le f\u00e1jlt\u00edpust t\u00e1mogat, nincs f\u00e1jlm\u00e9ret-korl\u00e1t, \u00e9s automatikusan felt\u00f6lti a k\u00e9pgy\u0171jtem\u00e9nyek \u00faj darabjait. Az eleg\u00e1ns felhaszn\u00e1l\u00f3i fel\u00fcleten nagy teljes\u00edtm\u00e9ny\u0171 keres\u00e9si index is tal\u00e1lhat\u00f3, amellyel sokf\u00e9le felt\u00e9tel alapj\u00e1n lehet k\u00e9pet keresni. A letisztult elemeket haszn\u00e1l\u00f3 megjelen\u00e9snek r\u00e9sze egy szem\u00e9lyre szabhat\u00f3 id\u0151szalag, valamint egy c\u00edmk\u00e9kkel m\u0171k\u00f6d\u0151 sz\u0171r\u00e9s, amely megk\u00f6nny\u00edti a k\u00e9pek megtal\u00e1l\u00e1s\u00e1t d\u00e1tum, hely, egyedi felhaszn\u00e1l\u00f3i c\u00edmke, objekt\u00edvt\u00edpus \u00e9s egy\u00e9b jellemz\u0151k alapj\u00e1n. A Facebook\u00ae \u00e9s Flickr integr\u00e1ci\u00f3 r\u00e9v\u00e9n a felhaszn\u00e1l\u00f3k mindk\u00e9t platformon k\u00f6zz\u00e9tehetik a k\u00e9peket, \u00e9s k\u00f6zvetlen\u00fcl az Irista fel\u00fclet\u00e9r\u0151l k\u00f6vethetik nyomon a hozz\u00e1sz\u00f3l\u00e1sokat.<\/p>\n<p>\u201eAz emberek t\u00f6bb k\u00e9pet k\u00e9sz\u00edtenek t\u00f6bb eszk\u00f6z\u00f6n, mint valaha, de ezeket sokszor neh\u00e9z \u00e9lvezni, ha t\u00f6bb helyen vannak t\u00e1rolva\u201d \u2013 mondta Alessandro Stanzani, a Canon Europe Consumer Imaging csoportj\u00e1nak vezet\u0151je. \u201eAz Irist\u00e1val olyan platform sz\u00fcletett, amely megoldja ezt a probl\u00e9m\u00e1t. Jelenleg ez az egyetlen ilyen fajta szolg\u00e1ltat\u00e1s, \u00e9s teljes eg\u00e9sz\u00e9ben a felhaszn\u00e1l\u00f3i ig\u00e9nyek figyelembev\u00e9tel\u00e9vel k\u00e9sz\u00fclt \u2013 a b\u00e9ta f\u00e1zisban kapott rengeteg visszajelz\u00e9s alapj\u00e1n. Az Irista felbecs\u00fclhetetlen \u00e9rt\u00e9k\u0171 er\u0151forr\u00e1s mindazoknak, akik szeretik a k\u00e9peiket, \u00e9s a j\u00f6v\u0151ben egyre csak jobb lesz, ahogy \u00fajabb \u00e9s \u00fajabb szolg\u00e1ltat\u00e1sokkal b\u0151v\u00edtj\u00fck majd.\u201d<\/p>\n<p>Az Irista mindenkinek a rendelkez\u00e9s\u00e9re \u00e1ll a k\u00fcl\u00f6nf\u00e9le ig\u00e9nyekhez illeszked\u0151, t\u00f6bbszint\u0171 t\u00e1rol\u00e1si lehet\u0151s\u00e9gekkel. A kezd\u0151 szinthez 10 GB felh\u0151t\u00e1r-kapacit\u00e1s j\u00e1r, teljesen ingyen. Itt az alkalmi vagy hobbifot\u00f3sok teljesen kihaszn\u00e1lhatj\u00e1k az Irista platform minden funkci\u00f3j\u00e1t, ide\u00e1lis helyet tal\u00e1lnak a k\u00f6nyvt\u00e1rak vagy a fot\u00f3 projektek kezel\u00e9s\u00e9hez. A k\u00e9pzettebb, lelkes amat\u0151r vagy profi fot\u00f3sok, akiknek nagyobb t\u00e1rhelyre van sz\u00fcks\u00e9g\u00fck, k\u00e9t tov\u00e1bbi t\u00e1rol\u00e1si szint (50 GB vagy 100 GB) k\u00f6z\u00fcl v\u00e1laszthatnak, havi vagy \u00e9ves d\u00edj\u00e9rt.<\/p>\n<h2>Az Irista el\u0151fizet\u00e9si d\u00edjai<\/h2>\n<ul>\n<li>Max. 10 GB: D\u00edjmentes, teljes funkcionalit\u00e1s<\/li>\n<li>Max. 50 GB: Havi 4,99 EUR, vagy \u00e9vi 49,00 EUR<\/li>\n<li>Max. 100 GB: Havi 10,99 EUR, vagy \u00e9vi 109,00 EUR<\/li>\n<\/ul>\n<p>Az Irista \u00f6sszes szolg\u00e1ltat\u00e1sa m\u00e1r m\u0171k\u00f6dik. Feliratkozni itt lehet: <a title=\"Canon Irista\" href=\"http:\/\/www.irista.com\" target=\"_blank\">www.irista.com<\/a><\/p>\n","protected":false},"excerpt":{"rendered":"<p>A Canon bemutatta az Irista platformot \u2013 egy olyan fejlett, felh\u0151 alap\u00fa k\u00e9pkezel\u0151 \u00e9s \u2013t\u00e1rol\u00f3 platformot, amellyel a felhaszn\u00e1l\u00f3k minden eddigit\u0151l elt\u00e9r\u0151 m\u00f3don \u00e9rhetik el, \u00e9lvezhetik \u00e9s kezelhetik a fot\u00f3k\u00f6nyvt\u00e1raikat.<\/p>\n","protected":false},"author":1,"featured_media":430,"comment_status":"open","ping_status":"open","sticky":false,"template":"","format":"standard","meta":{"footnotes":""},"categories":[96],"tags":[137,106,138,109,139,140,134],"class_list":{"0":"post-429","1":"post","2":"type-post","3":"status-publish","4":"format-standard","5":"has-post-thumbnail","7":"category-tech","8":"tag-canon","9":"tag-digitalis","10":"tag-felho","11":"tag-foto","12":"tag-tarolas","13":"tag-tech-2","14":"tag-tipp"},"yoast_head":"<!-- This site is optimized with the Yoast SEO plugin v27.4 - https:\/\/yoast.com\/product\/yoast-seo-wordpress\/ -->\n<title>Canon Irista - \u00faj felh\u0151 alap\u00fa k\u00e9pkezel\u0151, t\u00e1rol\u00f3 platfom - Photonet<\/title>\n<meta name=\"robots\" content=\"index, follow, max-snippet:-1, max-image-preview:large, max-video-preview:-1\" \/>\n<link rel=\"canonical\" href=\"https:\/\/photonet.hu\/online\/magazin\/tech\/canon-irista-uj-felho-alapu-kepkezelo-tarolo-platfom\/\" \/>\n<meta property=\"og:locale\" content=\"hu_HU\" \/>\n<meta property=\"og:type\" content=\"article\" \/>\n<meta property=\"og:title\" content=\"Canon Irista - \u00faj felh\u0151 alap\u00fa k\u00e9pkezel\u0151, t\u00e1rol\u00f3 platfom - Photonet\" \/>\n<meta property=\"og:description\" content=\"A Canon bemutatta az Irista platformot \u2013 egy olyan fejlett, felh\u0151 alap\u00fa k\u00e9pkezel\u0151 \u00e9s \u2013t\u00e1rol\u00f3 platformot, amellyel a felhaszn\u00e1l\u00f3k minden eddigit\u0151l elt\u00e9r\u0151 m\u00f3don \u00e9rhetik el, \u00e9lvezhetik \u00e9s kezelhetik a fot\u00f3k\u00f6nyvt\u00e1raikat.\" \/>\n<meta property=\"og:url\" content=\"https:\/\/photonet.hu\/online\/magazin\/tech\/canon-irista-uj-felho-alapu-kepkezelo-tarolo-platfom\/\" \/>\n<meta property=\"og:site_name\" content=\"Photonet\" \/>\n<meta property=\"article:publisher\" content=\"https:\/\/www.facebook.com\/photonet.hu\" \/>\n<meta property=\"article:author\" content=\"https:\/\/www.facebook.com\/photonet.hu\" \/>\n<meta property=\"article:published_time\" content=\"2014-06-10T10:46:54+00:00\" \/>\n<meta property=\"article:modified_time\" content=\"2014-06-10T10:49:17+00:00\" \/>\n<meta property=\"og:image\" content=\"https:\/\/photonet.hu\/online\/wp-content\/uploads\/2014\/06\/canon_irista_felho_szolgaltatas.jpg\" \/>\n\t<meta property=\"og:image:width\" content=\"900\" \/>\n\t<meta property=\"og:image:height\" content=\"449\" \/>\n\t<meta property=\"og:image:type\" content=\"image\/jpeg\" \/>\n<meta name=\"author\" content=\"photonet\" \/>\n<meta name=\"twitter:card\" content=\"summary_large_image\" \/>\n<meta name=\"twitter:creator\" content=\"@https:\/\/x.com\/photonethu\" \/>\n<meta name=\"twitter:site\" content=\"@photonethu\" \/>\n<meta name=\"twitter:label1\" content=\"Szerz\u0151:\" \/>\n\t<meta name=\"twitter:data1\" content=\"photonet\" \/>\n\t<meta name=\"twitter:label2\" content=\"Becs\u00fclt olvas\u00e1si id\u0151\" \/>\n\t<meta name=\"twitter:data2\" content=\"4 perc\" \/>\n<script type=\"application\/ld+json\" class=\"yoast-schema-graph\">{\"@context\":\"https:\\\/\\\/schema.org\",\"@graph\":[{\"@type\":\"Article\",\"@id\":\"https:\\\/\\\/photonet.hu\\\/online\\\/magazin\\\/tech\\\/canon-irista-uj-felho-alapu-kepkezelo-tarolo-platfom\\\/#article\",\"isPartOf\":{\"@id\":\"https:\\\/\\\/photonet.hu\\\/online\\\/magazin\\\/tech\\\/canon-irista-uj-felho-alapu-kepkezelo-tarolo-platfom\\\/\"},\"author\":{\"name\":\"photonet\",\"@id\":\"\\\/#\\\/schema\\\/person\\\/b8065e4118b8cea4068716ccbdd92f94\"},\"headline\":\"Canon Irista &#8211; \u00faj felh\u0151 alap\u00fa k\u00e9pkezel\u0151, t\u00e1rol\u00f3 platfom\",\"datePublished\":\"2014-06-10T10:46:54+00:00\",\"dateModified\":\"2014-06-10T10:49:17+00:00\",\"mainEntityOfPage\":{\"@id\":\"https:\\\/\\\/photonet.hu\\\/online\\\/magazin\\\/tech\\\/canon-irista-uj-felho-alapu-kepkezelo-tarolo-platfom\\\/\"},\"wordCount\":733,\"commentCount\":1,\"publisher\":{\"@id\":\"\\\/#organization\"},\"image\":{\"@id\":\"https:\\\/\\\/photonet.hu\\\/online\\\/magazin\\\/tech\\\/canon-irista-uj-felho-alapu-kepkezelo-tarolo-platfom\\\/#primaryimage\"},\"thumbnailUrl\":\"https:\\\/\\\/photonet.hu\\\/online\\\/wp-content\\\/uploads\\\/2014\\\/06\\\/canon_irista_felho_szolgaltatas.jpg\",\"keywords\":[\"canon\",\"digit\u00e1lis\",\"felh\u0151\",\"fot\u00f3\",\"t\u00e1rol\u00e1s\",\"tech\",\"tipp\"],\"articleSection\":[\"Tech\"],\"inLanguage\":\"hu\",\"potentialAction\":[{\"@type\":\"CommentAction\",\"name\":\"Comment\",\"target\":[\"https:\\\/\\\/photonet.hu\\\/online\\\/magazin\\\/tech\\\/canon-irista-uj-felho-alapu-kepkezelo-tarolo-platfom\\\/#respond\"]}]},{\"@type\":\"WebPage\",\"@id\":\"https:\\\/\\\/photonet.hu\\\/online\\\/magazin\\\/tech\\\/canon-irista-uj-felho-alapu-kepkezelo-tarolo-platfom\\\/\",\"url\":\"https:\\\/\\\/photonet.hu\\\/online\\\/magazin\\\/tech\\\/canon-irista-uj-felho-alapu-kepkezelo-tarolo-platfom\\\/\",\"name\":\"Canon Irista - \u00faj felh\u0151 alap\u00fa k\u00e9pkezel\u0151, t\u00e1rol\u00f3 platfom - Photonet\",\"isPartOf\":{\"@id\":\"\\\/#website\"},\"primaryImageOfPage\":{\"@id\":\"https:\\\/\\\/photonet.hu\\\/online\\\/magazin\\\/tech\\\/canon-irista-uj-felho-alapu-kepkezelo-tarolo-platfom\\\/#primaryimage\"},\"image\":{\"@id\":\"https:\\\/\\\/photonet.hu\\\/online\\\/magazin\\\/tech\\\/canon-irista-uj-felho-alapu-kepkezelo-tarolo-platfom\\\/#primaryimage\"},\"thumbnailUrl\":\"https:\\\/\\\/photonet.hu\\\/online\\\/wp-content\\\/uploads\\\/2014\\\/06\\\/canon_irista_felho_szolgaltatas.jpg\",\"datePublished\":\"2014-06-10T10:46:54+00:00\",\"dateModified\":\"2014-06-10T10:49:17+00:00\",\"breadcrumb\":{\"@id\":\"https:\\\/\\\/photonet.hu\\\/online\\\/magazin\\\/tech\\\/canon-irista-uj-felho-alapu-kepkezelo-tarolo-platfom\\\/#breadcrumb\"},\"inLanguage\":\"hu\",\"potentialAction\":[{\"@type\":\"ReadAction\",\"target\":[\"https:\\\/\\\/photonet.hu\\\/online\\\/magazin\\\/tech\\\/canon-irista-uj-felho-alapu-kepkezelo-tarolo-platfom\\\/\"]}]},{\"@type\":\"ImageObject\",\"inLanguage\":\"hu\",\"@id\":\"https:\\\/\\\/photonet.hu\\\/online\\\/magazin\\\/tech\\\/canon-irista-uj-felho-alapu-kepkezelo-tarolo-platfom\\\/#primaryimage\",\"url\":\"https:\\\/\\\/photonet.hu\\\/online\\\/wp-content\\\/uploads\\\/2014\\\/06\\\/canon_irista_felho_szolgaltatas.jpg\",\"contentUrl\":\"https:\\\/\\\/photonet.hu\\\/online\\\/wp-content\\\/uploads\\\/2014\\\/06\\\/canon_irista_felho_szolgaltatas.jpg\",\"width\":900,\"height\":449,\"caption\":\"Canon Irista felh\u0151 szolg\u00e1ltat\u00e1s\"},{\"@type\":\"BreadcrumbList\",\"@id\":\"https:\\\/\\\/photonet.hu\\\/online\\\/magazin\\\/tech\\\/canon-irista-uj-felho-alapu-kepkezelo-tarolo-platfom\\\/#breadcrumb\",\"itemListElement\":[{\"@type\":\"ListItem\",\"position\":1,\"name\":\"Kezd\u0151lap\",\"item\":\"https:\\\/\\\/photonet.hu\\\/online\\\/\"},{\"@type\":\"ListItem\",\"position\":2,\"name\":\"Canon Irista &#8211; \u00faj felh\u0151 alap\u00fa k\u00e9pkezel\u0151, t\u00e1rol\u00f3 platfom\"}]},{\"@type\":\"WebSite\",\"@id\":\"\\\/#website\",\"url\":\"\\\/\",\"name\":\"Photonet\",\"description\":\"Photonet - online fot\u00f3s magazin\",\"publisher\":{\"@id\":\"\\\/#organization\"},\"potentialAction\":[{\"@type\":\"SearchAction\",\"target\":{\"@type\":\"EntryPoint\",\"urlTemplate\":\"\\\/?s={search_term_string}\"},\"query-input\":{\"@type\":\"PropertyValueSpecification\",\"valueRequired\":true,\"valueName\":\"search_term_string\"}}],\"inLanguage\":\"hu\"},{\"@type\":\"Organization\",\"@id\":\"\\\/#organization\",\"name\":\"Photonet\",\"url\":\"\\\/\",\"logo\":{\"@type\":\"ImageObject\",\"inLanguage\":\"hu\",\"@id\":\"\\\/#\\\/schema\\\/logo\\\/image\\\/\",\"url\":\"https:\\\/\\\/photonet.hu\\\/online\\\/wp-content\\\/uploads\\\/2026\\\/02\\\/photonet_lens_shutter_512.png\",\"contentUrl\":\"https:\\\/\\\/photonet.hu\\\/online\\\/wp-content\\\/uploads\\\/2026\\\/02\\\/photonet_lens_shutter_512.png\",\"width\":512,\"height\":512,\"caption\":\"Photonet\"},\"image\":{\"@id\":\"\\\/#\\\/schema\\\/logo\\\/image\\\/\"},\"sameAs\":[\"https:\\\/\\\/www.facebook.com\\\/photonet.hu\",\"https:\\\/\\\/x.com\\\/photonethu\",\"https:\\\/\\\/www.pinterest.com\\\/acsienator\\\/photography\\\/\"]},{\"@type\":\"Person\",\"@id\":\"\\\/#\\\/schema\\\/person\\\/b8065e4118b8cea4068716ccbdd92f94\",\"name\":\"photonet\",\"image\":{\"@type\":\"ImageObject\",\"inLanguage\":\"hu\",\"@id\":\"https:\\\/\\\/secure.gravatar.com\\\/avatar\\\/7c91ab952e1e196e2bf6641a013b7b971ffa12946ddbf0f05fb85f62d3433ce2?s=96&d=mm&r=g\",\"url\":\"https:\\\/\\\/secure.gravatar.com\\\/avatar\\\/7c91ab952e1e196e2bf6641a013b7b971ffa12946ddbf0f05fb85f62d3433ce2?s=96&d=mm&r=g\",\"contentUrl\":\"https:\\\/\\\/secure.gravatar.com\\\/avatar\\\/7c91ab952e1e196e2bf6641a013b7b971ffa12946ddbf0f05fb85f62d3433ce2?s=96&d=mm&r=g\",\"caption\":\"photonet\"},\"description\":\"szerkeszt\u0151 - photonet, online fot\u00f3s magazin\",\"sameAs\":[\"http:\\\/\\\/photonet.hu\",\"https:\\\/\\\/www.facebook.com\\\/photonet.hu\",\"https:\\\/\\\/x.com\\\/https:\\\/\\\/x.com\\\/photonethu\"],\"url\":\"https:\\\/\\\/photonet.hu\\\/online\\\/author\\\/photonet\\\/\"}]}<\/script>\n<!-- \/ Yoast SEO plugin. -->","yoast_head_json":{"title":"Canon Irista - \u00faj felh\u0151 alap\u00fa k\u00e9pkezel\u0151, t\u00e1rol\u00f3 platfom - Photonet","robots":{"index":"index","follow":"follow","max-snippet":"max-snippet:-1","max-image-preview":"max-image-preview:large","max-video-preview":"max-video-preview:-1"},"canonical":"https:\/\/photonet.hu\/online\/magazin\/tech\/canon-irista-uj-felho-alapu-kepkezelo-tarolo-platfom\/","og_locale":"hu_HU","og_type":"article","og_title":"Canon Irista - \u00faj felh\u0151 alap\u00fa k\u00e9pkezel\u0151, t\u00e1rol\u00f3 platfom - Photonet","og_description":"A Canon bemutatta az Irista platformot \u2013 egy olyan fejlett, felh\u0151 alap\u00fa k\u00e9pkezel\u0151 \u00e9s \u2013t\u00e1rol\u00f3 platformot, amellyel a felhaszn\u00e1l\u00f3k minden eddigit\u0151l elt\u00e9r\u0151 m\u00f3don \u00e9rhetik el, \u00e9lvezhetik \u00e9s kezelhetik a fot\u00f3k\u00f6nyvt\u00e1raikat.","og_url":"https:\/\/photonet.hu\/online\/magazin\/tech\/canon-irista-uj-felho-alapu-kepkezelo-tarolo-platfom\/","og_site_name":"Photonet","article_publisher":"https:\/\/www.facebook.com\/photonet.hu","article_author":"https:\/\/www.facebook.com\/photonet.hu","article_published_time":"2014-06-10T10:46:54+00:00","article_modified_time":"2014-06-10T10:49:17+00:00","og_image":[{"width":900,"height":449,"url":"https:\/\/photonet.hu\/online\/wp-content\/uploads\/2014\/06\/canon_irista_felho_szolgaltatas.jpg","type":"image\/jpeg"}],"author":"photonet","twitter_card":"summary_large_image","twitter_creator":"@https:\/\/x.com\/photonethu","twitter_site":"@photonethu","twitter_misc":{"Szerz\u0151:":"photonet","Becs\u00fclt olvas\u00e1si id\u0151":"4 perc"},"schema":{"@context":"https:\/\/schema.org","@graph":[{"@type":"Article","@id":"https:\/\/photonet.hu\/online\/magazin\/tech\/canon-irista-uj-felho-alapu-kepkezelo-tarolo-platfom\/#article","isPartOf":{"@id":"https:\/\/photonet.hu\/online\/magazin\/tech\/canon-irista-uj-felho-alapu-kepkezelo-tarolo-platfom\/"},"author":{"name":"photonet","@id":"\/#\/schema\/person\/b8065e4118b8cea4068716ccbdd92f94"},"headline":"Canon Irista &#8211; \u00faj felh\u0151 alap\u00fa k\u00e9pkezel\u0151, t\u00e1rol\u00f3 platfom","datePublished":"2014-06-10T10:46:54+00:00","dateModified":"2014-06-10T10:49:17+00:00","mainEntityOfPage":{"@id":"https:\/\/photonet.hu\/online\/magazin\/tech\/canon-irista-uj-felho-alapu-kepkezelo-tarolo-platfom\/"},"wordCount":733,"commentCount":1,"publisher":{"@id":"\/#organization"},"image":{"@id":"https:\/\/photonet.hu\/online\/magazin\/tech\/canon-irista-uj-felho-alapu-kepkezelo-tarolo-platfom\/#primaryimage"},"thumbnailUrl":"https:\/\/photonet.hu\/online\/wp-content\/uploads\/2014\/06\/canon_irista_felho_szolgaltatas.jpg","keywords":["canon","digit\u00e1lis","felh\u0151","fot\u00f3","t\u00e1rol\u00e1s","tech","tipp"],"articleSection":["Tech"],"inLanguage":"hu","potentialAction":[{"@type":"CommentAction","name":"Comment","target":["https:\/\/photonet.hu\/online\/magazin\/tech\/canon-irista-uj-felho-alapu-kepkezelo-tarolo-platfom\/#respond"]}]},{"@type":"WebPage","@id":"https:\/\/photonet.hu\/online\/magazin\/tech\/canon-irista-uj-felho-alapu-kepkezelo-tarolo-platfom\/","url":"https:\/\/photonet.hu\/online\/magazin\/tech\/canon-irista-uj-felho-alapu-kepkezelo-tarolo-platfom\/","name":"Canon Irista - \u00faj felh\u0151 alap\u00fa k\u00e9pkezel\u0151, t\u00e1rol\u00f3 platfom - Photonet","isPartOf":{"@id":"\/#website"},"primaryImageOfPage":{"@id":"https:\/\/photonet.hu\/online\/magazin\/tech\/canon-irista-uj-felho-alapu-kepkezelo-tarolo-platfom\/#primaryimage"},"image":{"@id":"https:\/\/photonet.hu\/online\/magazin\/tech\/canon-irista-uj-felho-alapu-kepkezelo-tarolo-platfom\/#primaryimage"},"thumbnailUrl":"https:\/\/photonet.hu\/online\/wp-content\/uploads\/2014\/06\/canon_irista_felho_szolgaltatas.jpg","datePublished":"2014-06-10T10:46:54+00:00","dateModified":"2014-06-10T10:49:17+00:00","breadcrumb":{"@id":"https:\/\/photonet.hu\/online\/magazin\/tech\/canon-irista-uj-felho-alapu-kepkezelo-tarolo-platfom\/#breadcrumb"},"inLanguage":"hu","potentialAction":[{"@type":"ReadAction","target":["https:\/\/photonet.hu\/online\/magazin\/tech\/canon-irista-uj-felho-alapu-kepkezelo-tarolo-platfom\/"]}]},{"@type":"ImageObject","inLanguage":"hu","@id":"https:\/\/photonet.hu\/online\/magazin\/tech\/canon-irista-uj-felho-alapu-kepkezelo-tarolo-platfom\/#primaryimage","url":"https:\/\/photonet.hu\/online\/wp-content\/uploads\/2014\/06\/canon_irista_felho_szolgaltatas.jpg","contentUrl":"https:\/\/photonet.hu\/online\/wp-content\/uploads\/2014\/06\/canon_irista_felho_szolgaltatas.jpg","width":900,"height":449,"caption":"Canon Irista felh\u0151 szolg\u00e1ltat\u00e1s"},{"@type":"BreadcrumbList","@id":"https:\/\/photonet.hu\/online\/magazin\/tech\/canon-irista-uj-felho-alapu-kepkezelo-tarolo-platfom\/#breadcrumb","itemListElement":[{"@type":"ListItem","position":1,"name":"Kezd\u0151lap","item":"https:\/\/photonet.hu\/online\/"},{"@type":"ListItem","position":2,"name":"Canon Irista &#8211; \u00faj felh\u0151 alap\u00fa k\u00e9pkezel\u0151, t\u00e1rol\u00f3 platfom"}]},{"@type":"WebSite","@id":"\/#website","url":"\/","name":"Photonet","description":"Photonet - online fot\u00f3s magazin","publisher":{"@id":"\/#organization"},"potentialAction":[{"@type":"SearchAction","target":{"@type":"EntryPoint","urlTemplate":"\/?s={search_term_string}"},"query-input":{"@type":"PropertyValueSpecification","valueRequired":true,"valueName":"search_term_string"}}],"inLanguage":"hu"},{"@type":"Organization","@id":"\/#organization","name":"Photonet","url":"\/","logo":{"@type":"ImageObject","inLanguage":"hu","@id":"\/#\/schema\/logo\/image\/","url":"https:\/\/photonet.hu\/online\/wp-content\/uploads\/2026\/02\/photonet_lens_shutter_512.png","contentUrl":"https:\/\/photonet.hu\/online\/wp-content\/uploads\/2026\/02\/photonet_lens_shutter_512.png","width":512,"height":512,"caption":"Photonet"},"image":{"@id":"\/#\/schema\/logo\/image\/"},"sameAs":["https:\/\/www.facebook.com\/photonet.hu","https:\/\/x.com\/photonethu","https:\/\/www.pinterest.com\/acsienator\/photography\/"]},{"@type":"Person","@id":"\/#\/schema\/person\/b8065e4118b8cea4068716ccbdd92f94","name":"photonet","image":{"@type":"ImageObject","inLanguage":"hu","@id":"https:\/\/secure.gravatar.com\/avatar\/7c91ab952e1e196e2bf6641a013b7b971ffa12946ddbf0f05fb85f62d3433ce2?s=96&d=mm&r=g","url":"https:\/\/secure.gravatar.com\/avatar\/7c91ab952e1e196e2bf6641a013b7b971ffa12946ddbf0f05fb85f62d3433ce2?s=96&d=mm&r=g","contentUrl":"https:\/\/secure.gravatar.com\/avatar\/7c91ab952e1e196e2bf6641a013b7b971ffa12946ddbf0f05fb85f62d3433ce2?s=96&d=mm&r=g","caption":"photonet"},"description":"szerkeszt\u0151 - photonet, online fot\u00f3s magazin","sameAs":["http:\/\/photonet.hu","https:\/\/www.facebook.com\/photonet.hu","https:\/\/x.com\/https:\/\/x.com\/photonethu"],"url":"https:\/\/photonet.hu\/online\/author\/photonet\/"}]}},"_links":{"self":[{"href":"https:\/\/photonet.hu\/online\/wp-json\/wp\/v2\/posts\/429","targetHints":{"allow":["GET"]}}],"collection":[{"href":"https:\/\/photonet.hu\/online\/wp-json\/wp\/v2\/posts"}],"about":[{"href":"https:\/\/photonet.hu\/online\/wp-json\/wp\/v2\/types\/post"}],"author":[{"embeddable":true,"href":"https:\/\/photonet.hu\/online\/wp-json\/wp\/v2\/users\/1"}],"replies":[{"embeddable":true,"href":"https:\/\/photonet.hu\/online\/wp-json\/wp\/v2\/comments?post=429"}],"version-history":[{"count":0,"href":"https:\/\/photonet.hu\/online\/wp-json\/wp\/v2\/posts\/429\/revisions"}],"wp:featuredmedia":[{"embeddable":true,"href":"https:\/\/photonet.hu\/online\/wp-json\/wp\/v2\/media\/430"}],"wp:attachment":[{"href":"https:\/\/photonet.hu\/online\/wp-json\/wp\/v2\/media?parent=429"}],"wp:term":[{"taxonomy":"category","embeddable":true,"href":"https:\/\/photonet.hu\/online\/wp-json\/wp\/v2\/categories?post=429"},{"taxonomy":"post_tag","embeddable":true,"href":"https:\/\/photonet.hu\/online\/wp-json\/wp\/v2\/tags?post=429"}],"curies":[{"name":"wp","href":"https:\/\/api.w.org\/{rel}","templated":true}]}}