{"id":359,"date":"2012-08-15T20:02:18","date_gmt":"2012-08-15T20:02:18","guid":{"rendered":"https:\/\/photonet.hu\/online\/eisa-dijeso-a-sony-termeknek\/"},"modified":"2014-05-12T11:36:27","modified_gmt":"2014-05-12T09:36:27","slug":"eisa-dijeso-a-sony-termeknek","status":"publish","type":"post","link":"https:\/\/photonet.hu\/online\/hirek\/eisa-dijeso-a-sony-termeknek\/","title":{"rendered":"EISA d\u00edjes\u0151 a Sony term\u00e9keknek"},"content":{"rendered":"<p>Az \u00e9v eur\u00f3pai SLR f\u00e9nyk\u00e9pez\u0151je d\u00edjat az \u03b1 SLT-A57 \u00e9rdemelte ki, amely megfizethet\u0151 \u00e1ron biztos\u00edt magas min\u0151s\u00e9get a kezd\u0151t\u0151l a halad\u00f3 szintig.<\/p>\n<p><!--more-->A f\u00e9lig\u00e1tereszt\u0151 t\u00fck\u00f6r technol\u00f3gi\u00e1nak k\u00f6sz\u00f6nhet\u0151en (Translucent Mirror Technology) a f\u00e9nyk\u00e9pez\u0151g\u00e9p 12 k\u00e9pkocka\/m\u00e1sodperc sebess\u00e9ggel \u00e9s folyamatos aut\u00f3f\u00f3kusszal k\u00e9pes felv\u00e9telt k\u00e9sz\u00edteni, \u00edgy m\u00e9g magas zoom tartom\u00e1nyban is megfelel\u0151 \u00e9less\u00e9get tart. Az \u03b1 SLT-A57 gyors v\u00e1laszidej\u0171, folyamatos autof\u00f3kusz seg\u00edts\u00e9g\u00e9vel a mozg\u00f3 objektumok r\u00f6gz\u00edt\u00e9s\u00e9vel is k\u00f6nnyed\u00e9n megbirk\u00f3zik. A t\u00f6k\u00e9letes portr\u00e9k\u00e9p elk\u00e9sz\u00edt\u00e9s\u00e9hez az automatikus portr\u00e9 felismer\u00e9si funkci\u00f3 (Auto Portrait Framing) haszn\u00e1lhat\u00f3, amely az arcfelismer\u00e9st k\u00f6vet\u0151en a legmegfelel\u0151bb ar\u00e1nyokat megkeresve alkot \u00fajabb k\u00e9pet az eredeti felv\u00e9tel mell\u00e9.<\/p>\n<p>A 20.2 megapixeles Exmor CMOS szenzorral \u00e9s manu\u00e1lis \u00e1ll\u00edt\u00e1si lehet\u0151s\u00e9ggel felszerelt zsebm\u00e9ret\u0171 Cyber-shot DSC-RX100 \u00e9rdemelte ki az \u00e9v eur\u00f3pai kompakt f\u00e9nyk\u00e9pez\u0151g\u00e9pe d\u00edjat. A BIONZ k\u00e9pfeldolgoz\u00f3 processzor \u00e9s a 1.8-as maximum rekesz\u00e9rt\u00e9k\u0171 Vario Sonnar Carl Zeiss lencs\u00e9k kombin\u00e1ci\u00f3j\u00e1nak k\u00f6sz\u00f6nhet\u0151en a f\u00e9nyk\u00e9pez\u0151g\u00e9ppel korl\u00e1tozott f\u00e9nyviszonyok mellett is j\u00f3 min\u0151s\u00e9g\u0171 k\u00e9pek k\u00e9sz\u00edthet\u0151k. A nagy felbont\u00e1s\u00fa f\u00e9nyk\u00e9pek \u00e9s Full HD vide\u00f3k k\u00e9sz\u00edt\u00e9s\u00e9t 3 colos folyamatos \u00e9l\u0151k\u00e9pet k\u00f6zvet\u00edt\u0151 LCD panel seg\u00edti, a be\u00e9p\u00edtett intelligens funkci\u00f3k sz\u00e9les palett\u00e1ja pedig megk\u00f6nny\u00edti a kreat\u00edv k\u00e9palkot\u00e1s folyamat\u00e1t.<\/p>\n<p>K\u00f6nnyed hordozhat\u00f3s\u00e1ga, a k\u00e9pmin\u0151s\u00e9g ter\u00e9n el\u00e9rt kiemelked\u0151 teljes\u00edtm\u00e9nye, valamint multifunkcionalit\u00e1sa miatt az EISA az \u00e9v eur\u00f3pai utaz\u00f3 f\u00e9nyk\u00e9pez\u0151g\u00e9p\u00e9nek a Cyber-shot DSC-HX20V-t v\u00e1lasztotta. A 20-szoros optikai zoommal felszerelt f\u00e9nyk\u00e9pez\u0151g\u00e9p objekt\u00edve a t\u00e1voli t\u00e9m\u00e1k mellett ak\u00e1r 1 cm-es makrofot\u00f3k k\u00e9sz\u00edt\u00e9s\u00e9t is lehet\u0151v\u00e9 teszi. Az optikai k\u00e9pstabiliz\u00e1tor \u00e9s az Exmor\u2122 technol\u00f3gia gyenge f\u00e9nyben vagy gyorsan mozg\u00f3 objektumok eset\u00e9n is term\u00e9szetes k\u00e9palkot\u00e1st tesz lehet\u0151v\u00e9, cs\u00f6kkentett zajjal \u00e9s kevesebb elmos\u00f3d\u00e1si lehet\u0151s\u00e9ggel. A be\u00e9p\u00edtett GPS\/ir\u00e1nyt\u0171 funkci\u00f3 seg\u00edts\u00e9g\u00e9vel pedig a f\u00e9nyk\u00e9pez\u00e9st k\u00f6vet\u0151en az otthoni sz\u00e1m\u00edt\u00f3g\u00e9pen is dokument\u00e1lhat\u00f3k a fot\u00f3z\u00e1sok helysz\u00ednei.<\/p>\n<p>A szakmai zs\u0171ri d\u00f6nt\u00e9se alapj\u00e1n az \u00e9v legjobb 3D-s telev\u00edzi\u00f3ja d\u00edjat a BRAVIA KDL-55HX850 k\u00e9sz\u00fcl\u00e9k kapta. A t\u00e9v\u00e9be \u00e9p\u00edtett X-Reality PRO tov\u00e1bbfejlesztett k\u00e9pjav\u00edt\u00f3 technol\u00f3gia feljav\u00edtja a gyenge min\u0151s\u00e9g\u0171 jelet, hogy min\u00e9l t\u00f6bb m\u0171sor k\u00f6zel\u00edthesse meg a HD min\u0151s\u00e9get, a j\u00f3 min\u0151s\u00e9g\u0171 k\u00e9panyag eset\u00e9ben pedig m\u00e9g tiszt\u00e1bb 2D-s \u00e9s 3D-s k\u00e9pet \u00e1ll\u00edt el\u0151. Online funkci\u00f3i seg\u00edts\u00e9g\u00e9vel a Magyarorsz\u00e1gon csak a k\u00e9s\u0151bbiekben bevezet\u00e9sre ker\u00fcl\u0151 Sony h\u00e1l\u00f3zat\u00e1r\u00f3l (SEN) filmek \u00e9s zen\u00e9k t\u00f6lthet\u0151ek le, s\u0151t az el\u0151re install\u00e1lt Twitter, Facebook \u00e9s Skype alkalmaz\u00e1sokkal az ismer\u0151s\u00f6kkel val\u00f3 kapcsolattart\u00e1s is megoldhat\u00f3. Nem utols\u00f3sorban a t\u00e9v\u00e9 st\u00edlusos megjelen\u00e9se is m\u00e9rvad\u00f3.<\/p>\n<p>A vil\u00e1gon els\u0151k\u00e9nt 4K felbont\u00e1s\u00fa k\u00e9p megjelen\u00edt\u00e9s\u00e9re k\u00e9pes (Full HD felbont\u00e1s n\u00e9gyszerese) VPL-VW1000ES projektor \u00e9rdemelte ki az \u00e9v eur\u00f3pai fels\u0151 kateg\u00f3ri\u00e1s h\u00e1zimozija d\u00edj\u00e1t. A k\u00e9sz\u00fcl\u00e9k fejlett gazdag sz\u00ednreprodukci\u00f3ja, szuper magas f\u00e9nyess\u00e9ge \u00e9s 1000000:1-hez dinamikus kontrasztar\u00e1nya mind 2D-ben, mind 3D-ben moziszer\u0171 \u00e9lm\u00e9nyt var\u00e1zsol.<\/p>\n","protected":false},"excerpt":{"rendered":"<p>Eur\u00f3pa tizenkilenc orsz\u00e1g\u00e1nak \u00f6tven audio-, video-, mobilelektronikai \u00e9s fotogr\u00e1fiai szaklapj\u00e1b\u00f3l \u00e1ll\u00f3 sz\u00f6vets\u00e9ge, a European Imaging and Sound Association (EISA) id\u00e9n is kiosztotta az \u00e1ltaluk legjobbnak \u00edt\u00e9lt term\u00e9keknek j\u00e1r\u00f3 szakmai d\u00edjakat, amely k\u00f6z\u00fcl \u00f6t\u00f6t a Sony term\u00e9keinek \u00edt\u00e9ltek a digit\u00e1lis k\u00e9palkot\u00e1s \u00e9s otthoni sz\u00f3rakoztat\u00e1s ter\u00e9n felmutatott innov\u00e1ci\u00f3inak elismer\u00e9sek\u00e9nt. A 2012\u20132013-ban az \u00e9v SLR, kompakt \u00e9s utaz\u00f3 f\u00e9nyk\u00e9pez\u0151g\u00e9pe, valamint 3D-s t\u00e9v\u00e9je \u00e9s fels\u0151 kateg\u00f3ri\u00e1s h\u00e1zimozija is Sony term\u00e9k lett.<\/p>\n<p style=\"text-align: center;\"><img decoding=\"async\" title=\"Az \u00e9v eur\u00f3pai SLR f\u00e9nyk\u00e9pez\u0151je d\u00edjat az \u03b1 SLT-A57 \u00e9rdemelte ki\" alt=\"EISA d\u00edjes\u0151 a Sonynak\" src=\"images\/stories\/Cikkek\/2012\/08\/sony_alpha_slt_a57.jpg\" \/><\/p>\n","protected":false},"author":1,"featured_media":384,"comment_status":"open","ping_status":"open","sticky":false,"template":"","format":"standard","meta":{"footnotes":""},"categories":[103],"tags":[106,107,108,109,122,123],"class_list":{"0":"post-359","1":"post","2":"type-post","3":"status-publish","4":"format-standard","5":"has-post-thumbnail","7":"category-hirek","8":"tag-digitalis","9":"tag-dij","10":"tag-fenykepezogep","11":"tag-foto","12":"tag-slr","13":"tag-sony"},"yoast_head":"<!-- This site is optimized with the Yoast SEO plugin v27.4 - https:\/\/yoast.com\/product\/yoast-seo-wordpress\/ -->\n<title>EISA d\u00edjes\u0151 a Sony term\u00e9keknek - Photonet<\/title>\n<meta name=\"robots\" content=\"index, follow, max-snippet:-1, max-image-preview:large, max-video-preview:-1\" \/>\n<link rel=\"canonical\" href=\"https:\/\/photonet.hu\/online\/hirek\/eisa-dijeso-a-sony-termeknek\/\" \/>\n<meta property=\"og:locale\" content=\"hu_HU\" \/>\n<meta property=\"og:type\" content=\"article\" \/>\n<meta property=\"og:title\" content=\"EISA d\u00edjes\u0151 a Sony term\u00e9keknek - Photonet\" \/>\n<meta property=\"og:description\" content=\"Eur\u00f3pa tizenkilenc orsz\u00e1g\u00e1nak \u00f6tven audio-, video-, mobilelektronikai \u00e9s fotogr\u00e1fiai szaklapj\u00e1b\u00f3l \u00e1ll\u00f3 sz\u00f6vets\u00e9ge, a European Imaging and Sound Association (EISA) id\u00e9n is kiosztotta az \u00e1ltaluk legjobbnak \u00edt\u00e9lt term\u00e9keknek j\u00e1r\u00f3 szakmai d\u00edjakat, amely k\u00f6z\u00fcl \u00f6t\u00f6t a Sony term\u00e9keinek \u00edt\u00e9ltek a digit\u00e1lis k\u00e9palkot\u00e1s \u00e9s otthoni sz\u00f3rakoztat\u00e1s ter\u00e9n felmutatott innov\u00e1ci\u00f3inak elismer\u00e9sek\u00e9nt. A 2012\u20132013-ban az \u00e9v SLR, kompakt \u00e9s utaz\u00f3 f\u00e9nyk\u00e9pez\u0151g\u00e9pe, valamint 3D-s t\u00e9v\u00e9je \u00e9s fels\u0151 kateg\u00f3ri\u00e1s h\u00e1zimozija is Sony term\u00e9k lett.\" \/>\n<meta property=\"og:url\" content=\"https:\/\/photonet.hu\/online\/hirek\/eisa-dijeso-a-sony-termeknek\/\" \/>\n<meta property=\"og:site_name\" content=\"Photonet\" \/>\n<meta property=\"article:publisher\" content=\"https:\/\/www.facebook.com\/photonet.hu\" \/>\n<meta property=\"article:author\" content=\"https:\/\/www.facebook.com\/photonet.hu\" \/>\n<meta property=\"article:published_time\" content=\"2012-08-15T20:02:18+00:00\" \/>\n<meta property=\"article:modified_time\" content=\"2014-05-12T09:36:27+00:00\" \/>\n<meta property=\"og:image\" content=\"https:\/\/photonet.hu\/online\/wp-content\/uploads\/2012\/08\/sony_alpha_slt_a57.jpg\" \/>\n\t<meta property=\"og:image:width\" content=\"800\" \/>\n\t<meta property=\"og:image:height\" content=\"533\" \/>\n\t<meta property=\"og:image:type\" content=\"image\/jpeg\" \/>\n<meta name=\"author\" content=\"photonet\" \/>\n<meta name=\"twitter:card\" content=\"summary_large_image\" \/>\n<meta name=\"twitter:creator\" content=\"@https:\/\/x.com\/photonethu\" \/>\n<meta name=\"twitter:site\" content=\"@photonethu\" \/>\n<meta name=\"twitter:label1\" content=\"Szerz\u0151:\" \/>\n\t<meta name=\"twitter:data1\" content=\"photonet\" \/>\n\t<meta name=\"twitter:label2\" content=\"Becs\u00fclt olvas\u00e1si id\u0151\" \/>\n\t<meta name=\"twitter:data2\" content=\"3 perc\" \/>\n<script type=\"application\/ld+json\" class=\"yoast-schema-graph\">{\"@context\":\"https:\\\/\\\/schema.org\",\"@graph\":[{\"@type\":\"Article\",\"@id\":\"https:\\\/\\\/photonet.hu\\\/online\\\/hirek\\\/eisa-dijeso-a-sony-termeknek\\\/#article\",\"isPartOf\":{\"@id\":\"https:\\\/\\\/photonet.hu\\\/online\\\/hirek\\\/eisa-dijeso-a-sony-termeknek\\\/\"},\"author\":{\"name\":\"photonet\",\"@id\":\"\\\/#\\\/schema\\\/person\\\/b8065e4118b8cea4068716ccbdd92f94\"},\"headline\":\"EISA d\u00edjes\u0151 a Sony term\u00e9keknek\",\"datePublished\":\"2012-08-15T20:02:18+00:00\",\"dateModified\":\"2014-05-12T09:36:27+00:00\",\"mainEntityOfPage\":{\"@id\":\"https:\\\/\\\/photonet.hu\\\/online\\\/hirek\\\/eisa-dijeso-a-sony-termeknek\\\/\"},\"wordCount\":673,\"commentCount\":0,\"publisher\":{\"@id\":\"\\\/#organization\"},\"image\":{\"@id\":\"https:\\\/\\\/photonet.hu\\\/online\\\/hirek\\\/eisa-dijeso-a-sony-termeknek\\\/#primaryimage\"},\"thumbnailUrl\":\"https:\\\/\\\/photonet.hu\\\/online\\\/wp-content\\\/uploads\\\/2012\\\/08\\\/sony_alpha_slt_a57.jpg\",\"keywords\":[\"digit\u00e1lis\",\"d\u00edj\",\"f\u00e9nyk\u00e9pez\u0151g\u00e9p\",\"fot\u00f3\",\"slr\",\"sony\"],\"articleSection\":[\"H\u00edrek\"],\"inLanguage\":\"hu\",\"potentialAction\":[{\"@type\":\"CommentAction\",\"name\":\"Comment\",\"target\":[\"https:\\\/\\\/photonet.hu\\\/online\\\/hirek\\\/eisa-dijeso-a-sony-termeknek\\\/#respond\"]}]},{\"@type\":\"WebPage\",\"@id\":\"https:\\\/\\\/photonet.hu\\\/online\\\/hirek\\\/eisa-dijeso-a-sony-termeknek\\\/\",\"url\":\"https:\\\/\\\/photonet.hu\\\/online\\\/hirek\\\/eisa-dijeso-a-sony-termeknek\\\/\",\"name\":\"EISA d\u00edjes\u0151 a Sony term\u00e9keknek - Photonet\",\"isPartOf\":{\"@id\":\"\\\/#website\"},\"primaryImageOfPage\":{\"@id\":\"https:\\\/\\\/photonet.hu\\\/online\\\/hirek\\\/eisa-dijeso-a-sony-termeknek\\\/#primaryimage\"},\"image\":{\"@id\":\"https:\\\/\\\/photonet.hu\\\/online\\\/hirek\\\/eisa-dijeso-a-sony-termeknek\\\/#primaryimage\"},\"thumbnailUrl\":\"https:\\\/\\\/photonet.hu\\\/online\\\/wp-content\\\/uploads\\\/2012\\\/08\\\/sony_alpha_slt_a57.jpg\",\"datePublished\":\"2012-08-15T20:02:18+00:00\",\"dateModified\":\"2014-05-12T09:36:27+00:00\",\"breadcrumb\":{\"@id\":\"https:\\\/\\\/photonet.hu\\\/online\\\/hirek\\\/eisa-dijeso-a-sony-termeknek\\\/#breadcrumb\"},\"inLanguage\":\"hu\",\"potentialAction\":[{\"@type\":\"ReadAction\",\"target\":[\"https:\\\/\\\/photonet.hu\\\/online\\\/hirek\\\/eisa-dijeso-a-sony-termeknek\\\/\"]}]},{\"@type\":\"ImageObject\",\"inLanguage\":\"hu\",\"@id\":\"https:\\\/\\\/photonet.hu\\\/online\\\/hirek\\\/eisa-dijeso-a-sony-termeknek\\\/#primaryimage\",\"url\":\"https:\\\/\\\/photonet.hu\\\/online\\\/wp-content\\\/uploads\\\/2012\\\/08\\\/sony_alpha_slt_a57.jpg\",\"contentUrl\":\"https:\\\/\\\/photonet.hu\\\/online\\\/wp-content\\\/uploads\\\/2012\\\/08\\\/sony_alpha_slt_a57.jpg\",\"width\":800,\"height\":533,\"caption\":\"Sony Alpha SLT A57\"},{\"@type\":\"BreadcrumbList\",\"@id\":\"https:\\\/\\\/photonet.hu\\\/online\\\/hirek\\\/eisa-dijeso-a-sony-termeknek\\\/#breadcrumb\",\"itemListElement\":[{\"@type\":\"ListItem\",\"position\":1,\"name\":\"Kezd\u0151lap\",\"item\":\"https:\\\/\\\/photonet.hu\\\/online\\\/\"},{\"@type\":\"ListItem\",\"position\":2,\"name\":\"EISA d\u00edjes\u0151 a Sony term\u00e9keknek\"}]},{\"@type\":\"WebSite\",\"@id\":\"\\\/#website\",\"url\":\"\\\/\",\"name\":\"Photonet\",\"description\":\"Photonet - online fot\u00f3s magazin\",\"publisher\":{\"@id\":\"\\\/#organization\"},\"potentialAction\":[{\"@type\":\"SearchAction\",\"target\":{\"@type\":\"EntryPoint\",\"urlTemplate\":\"\\\/?s={search_term_string}\"},\"query-input\":{\"@type\":\"PropertyValueSpecification\",\"valueRequired\":true,\"valueName\":\"search_term_string\"}}],\"inLanguage\":\"hu\"},{\"@type\":\"Organization\",\"@id\":\"\\\/#organization\",\"name\":\"Photonet\",\"url\":\"\\\/\",\"logo\":{\"@type\":\"ImageObject\",\"inLanguage\":\"hu\",\"@id\":\"\\\/#\\\/schema\\\/logo\\\/image\\\/\",\"url\":\"https:\\\/\\\/photonet.hu\\\/online\\\/wp-content\\\/uploads\\\/2026\\\/02\\\/photonet_lens_shutter_512.png\",\"contentUrl\":\"https:\\\/\\\/photonet.hu\\\/online\\\/wp-content\\\/uploads\\\/2026\\\/02\\\/photonet_lens_shutter_512.png\",\"width\":512,\"height\":512,\"caption\":\"Photonet\"},\"image\":{\"@id\":\"\\\/#\\\/schema\\\/logo\\\/image\\\/\"},\"sameAs\":[\"https:\\\/\\\/www.facebook.com\\\/photonet.hu\",\"https:\\\/\\\/x.com\\\/photonethu\",\"https:\\\/\\\/www.pinterest.com\\\/acsienator\\\/photography\\\/\"]},{\"@type\":\"Person\",\"@id\":\"\\\/#\\\/schema\\\/person\\\/b8065e4118b8cea4068716ccbdd92f94\",\"name\":\"photonet\",\"image\":{\"@type\":\"ImageObject\",\"inLanguage\":\"hu\",\"@id\":\"https:\\\/\\\/secure.gravatar.com\\\/avatar\\\/7c91ab952e1e196e2bf6641a013b7b971ffa12946ddbf0f05fb85f62d3433ce2?s=96&d=mm&r=g\",\"url\":\"https:\\\/\\\/secure.gravatar.com\\\/avatar\\\/7c91ab952e1e196e2bf6641a013b7b971ffa12946ddbf0f05fb85f62d3433ce2?s=96&d=mm&r=g\",\"contentUrl\":\"https:\\\/\\\/secure.gravatar.com\\\/avatar\\\/7c91ab952e1e196e2bf6641a013b7b971ffa12946ddbf0f05fb85f62d3433ce2?s=96&d=mm&r=g\",\"caption\":\"photonet\"},\"description\":\"szerkeszt\u0151 - photonet, online fot\u00f3s magazin\",\"sameAs\":[\"http:\\\/\\\/photonet.hu\",\"https:\\\/\\\/www.facebook.com\\\/photonet.hu\",\"https:\\\/\\\/x.com\\\/https:\\\/\\\/x.com\\\/photonethu\"],\"url\":\"https:\\\/\\\/photonet.hu\\\/online\\\/author\\\/photonet\\\/\"}]}<\/script>\n<!-- \/ Yoast SEO plugin. -->","yoast_head_json":{"title":"EISA d\u00edjes\u0151 a Sony term\u00e9keknek - Photonet","robots":{"index":"index","follow":"follow","max-snippet":"max-snippet:-1","max-image-preview":"max-image-preview:large","max-video-preview":"max-video-preview:-1"},"canonical":"https:\/\/photonet.hu\/online\/hirek\/eisa-dijeso-a-sony-termeknek\/","og_locale":"hu_HU","og_type":"article","og_title":"EISA d\u00edjes\u0151 a Sony term\u00e9keknek - Photonet","og_description":"Eur\u00f3pa tizenkilenc orsz\u00e1g\u00e1nak \u00f6tven audio-, video-, mobilelektronikai \u00e9s fotogr\u00e1fiai szaklapj\u00e1b\u00f3l \u00e1ll\u00f3 sz\u00f6vets\u00e9ge, a European Imaging and Sound Association (EISA) id\u00e9n is kiosztotta az \u00e1ltaluk legjobbnak \u00edt\u00e9lt term\u00e9keknek j\u00e1r\u00f3 szakmai d\u00edjakat, amely k\u00f6z\u00fcl \u00f6t\u00f6t a Sony term\u00e9keinek \u00edt\u00e9ltek a digit\u00e1lis k\u00e9palkot\u00e1s \u00e9s otthoni sz\u00f3rakoztat\u00e1s ter\u00e9n felmutatott innov\u00e1ci\u00f3inak elismer\u00e9sek\u00e9nt. A 2012\u20132013-ban az \u00e9v SLR, kompakt \u00e9s utaz\u00f3 f\u00e9nyk\u00e9pez\u0151g\u00e9pe, valamint 3D-s t\u00e9v\u00e9je \u00e9s fels\u0151 kateg\u00f3ri\u00e1s h\u00e1zimozija is Sony term\u00e9k lett.","og_url":"https:\/\/photonet.hu\/online\/hirek\/eisa-dijeso-a-sony-termeknek\/","og_site_name":"Photonet","article_publisher":"https:\/\/www.facebook.com\/photonet.hu","article_author":"https:\/\/www.facebook.com\/photonet.hu","article_published_time":"2012-08-15T20:02:18+00:00","article_modified_time":"2014-05-12T09:36:27+00:00","og_image":[{"width":800,"height":533,"url":"https:\/\/photonet.hu\/online\/wp-content\/uploads\/2012\/08\/sony_alpha_slt_a57.jpg","type":"image\/jpeg"}],"author":"photonet","twitter_card":"summary_large_image","twitter_creator":"@https:\/\/x.com\/photonethu","twitter_site":"@photonethu","twitter_misc":{"Szerz\u0151:":"photonet","Becs\u00fclt olvas\u00e1si id\u0151":"3 perc"},"schema":{"@context":"https:\/\/schema.org","@graph":[{"@type":"Article","@id":"https:\/\/photonet.hu\/online\/hirek\/eisa-dijeso-a-sony-termeknek\/#article","isPartOf":{"@id":"https:\/\/photonet.hu\/online\/hirek\/eisa-dijeso-a-sony-termeknek\/"},"author":{"name":"photonet","@id":"\/#\/schema\/person\/b8065e4118b8cea4068716ccbdd92f94"},"headline":"EISA d\u00edjes\u0151 a Sony term\u00e9keknek","datePublished":"2012-08-15T20:02:18+00:00","dateModified":"2014-05-12T09:36:27+00:00","mainEntityOfPage":{"@id":"https:\/\/photonet.hu\/online\/hirek\/eisa-dijeso-a-sony-termeknek\/"},"wordCount":673,"commentCount":0,"publisher":{"@id":"\/#organization"},"image":{"@id":"https:\/\/photonet.hu\/online\/hirek\/eisa-dijeso-a-sony-termeknek\/#primaryimage"},"thumbnailUrl":"https:\/\/photonet.hu\/online\/wp-content\/uploads\/2012\/08\/sony_alpha_slt_a57.jpg","keywords":["digit\u00e1lis","d\u00edj","f\u00e9nyk\u00e9pez\u0151g\u00e9p","fot\u00f3","slr","sony"],"articleSection":["H\u00edrek"],"inLanguage":"hu","potentialAction":[{"@type":"CommentAction","name":"Comment","target":["https:\/\/photonet.hu\/online\/hirek\/eisa-dijeso-a-sony-termeknek\/#respond"]}]},{"@type":"WebPage","@id":"https:\/\/photonet.hu\/online\/hirek\/eisa-dijeso-a-sony-termeknek\/","url":"https:\/\/photonet.hu\/online\/hirek\/eisa-dijeso-a-sony-termeknek\/","name":"EISA d\u00edjes\u0151 a Sony term\u00e9keknek - Photonet","isPartOf":{"@id":"\/#website"},"primaryImageOfPage":{"@id":"https:\/\/photonet.hu\/online\/hirek\/eisa-dijeso-a-sony-termeknek\/#primaryimage"},"image":{"@id":"https:\/\/photonet.hu\/online\/hirek\/eisa-dijeso-a-sony-termeknek\/#primaryimage"},"thumbnailUrl":"https:\/\/photonet.hu\/online\/wp-content\/uploads\/2012\/08\/sony_alpha_slt_a57.jpg","datePublished":"2012-08-15T20:02:18+00:00","dateModified":"2014-05-12T09:36:27+00:00","breadcrumb":{"@id":"https:\/\/photonet.hu\/online\/hirek\/eisa-dijeso-a-sony-termeknek\/#breadcrumb"},"inLanguage":"hu","potentialAction":[{"@type":"ReadAction","target":["https:\/\/photonet.hu\/online\/hirek\/eisa-dijeso-a-sony-termeknek\/"]}]},{"@type":"ImageObject","inLanguage":"hu","@id":"https:\/\/photonet.hu\/online\/hirek\/eisa-dijeso-a-sony-termeknek\/#primaryimage","url":"https:\/\/photonet.hu\/online\/wp-content\/uploads\/2012\/08\/sony_alpha_slt_a57.jpg","contentUrl":"https:\/\/photonet.hu\/online\/wp-content\/uploads\/2012\/08\/sony_alpha_slt_a57.jpg","width":800,"height":533,"caption":"Sony Alpha SLT A57"},{"@type":"BreadcrumbList","@id":"https:\/\/photonet.hu\/online\/hirek\/eisa-dijeso-a-sony-termeknek\/#breadcrumb","itemListElement":[{"@type":"ListItem","position":1,"name":"Kezd\u0151lap","item":"https:\/\/photonet.hu\/online\/"},{"@type":"ListItem","position":2,"name":"EISA d\u00edjes\u0151 a Sony term\u00e9keknek"}]},{"@type":"WebSite","@id":"\/#website","url":"\/","name":"Photonet","description":"Photonet - online fot\u00f3s magazin","publisher":{"@id":"\/#organization"},"potentialAction":[{"@type":"SearchAction","target":{"@type":"EntryPoint","urlTemplate":"\/?s={search_term_string}"},"query-input":{"@type":"PropertyValueSpecification","valueRequired":true,"valueName":"search_term_string"}}],"inLanguage":"hu"},{"@type":"Organization","@id":"\/#organization","name":"Photonet","url":"\/","logo":{"@type":"ImageObject","inLanguage":"hu","@id":"\/#\/schema\/logo\/image\/","url":"https:\/\/photonet.hu\/online\/wp-content\/uploads\/2026\/02\/photonet_lens_shutter_512.png","contentUrl":"https:\/\/photonet.hu\/online\/wp-content\/uploads\/2026\/02\/photonet_lens_shutter_512.png","width":512,"height":512,"caption":"Photonet"},"image":{"@id":"\/#\/schema\/logo\/image\/"},"sameAs":["https:\/\/www.facebook.com\/photonet.hu","https:\/\/x.com\/photonethu","https:\/\/www.pinterest.com\/acsienator\/photography\/"]},{"@type":"Person","@id":"\/#\/schema\/person\/b8065e4118b8cea4068716ccbdd92f94","name":"photonet","image":{"@type":"ImageObject","inLanguage":"hu","@id":"https:\/\/secure.gravatar.com\/avatar\/7c91ab952e1e196e2bf6641a013b7b971ffa12946ddbf0f05fb85f62d3433ce2?s=96&d=mm&r=g","url":"https:\/\/secure.gravatar.com\/avatar\/7c91ab952e1e196e2bf6641a013b7b971ffa12946ddbf0f05fb85f62d3433ce2?s=96&d=mm&r=g","contentUrl":"https:\/\/secure.gravatar.com\/avatar\/7c91ab952e1e196e2bf6641a013b7b971ffa12946ddbf0f05fb85f62d3433ce2?s=96&d=mm&r=g","caption":"photonet"},"description":"szerkeszt\u0151 - photonet, online fot\u00f3s magazin","sameAs":["http:\/\/photonet.hu","https:\/\/www.facebook.com\/photonet.hu","https:\/\/x.com\/https:\/\/x.com\/photonethu"],"url":"https:\/\/photonet.hu\/online\/author\/photonet\/"}]}},"_links":{"self":[{"href":"https:\/\/photonet.hu\/online\/wp-json\/wp\/v2\/posts\/359","targetHints":{"allow":["GET"]}}],"collection":[{"href":"https:\/\/photonet.hu\/online\/wp-json\/wp\/v2\/posts"}],"about":[{"href":"https:\/\/photonet.hu\/online\/wp-json\/wp\/v2\/types\/post"}],"author":[{"embeddable":true,"href":"https:\/\/photonet.hu\/online\/wp-json\/wp\/v2\/users\/1"}],"replies":[{"embeddable":true,"href":"https:\/\/photonet.hu\/online\/wp-json\/wp\/v2\/comments?post=359"}],"version-history":[{"count":0,"href":"https:\/\/photonet.hu\/online\/wp-json\/wp\/v2\/posts\/359\/revisions"}],"wp:featuredmedia":[{"embeddable":true,"href":"https:\/\/photonet.hu\/online\/wp-json\/wp\/v2\/media\/384"}],"wp:attachment":[{"href":"https:\/\/photonet.hu\/online\/wp-json\/wp\/v2\/media?parent=359"}],"wp:term":[{"taxonomy":"category","embeddable":true,"href":"https:\/\/photonet.hu\/online\/wp-json\/wp\/v2\/categories?post=359"},{"taxonomy":"post_tag","embeddable":true,"href":"https:\/\/photonet.hu\/online\/wp-json\/wp\/v2\/tags?post=359"}],"curies":[{"name":"wp","href":"https:\/\/api.w.org\/{rel}","templated":true}]}}