{"id":340,"date":"2012-02-10T16:29:41","date_gmt":"2012-02-10T16:29:41","guid":{"rendered":"https:\/\/photonet.hu\/online\/arab-tavaszos-fenykep-nyerte-world-press-photo-fodijat\/"},"modified":"2012-02-10T16:29:41","modified_gmt":"2012-02-10T16:29:41","slug":"arab-tavaszos-fenykep-nyerte-world-press-photo-fodijat","status":"publish","type":"post","link":"https:\/\/photonet.hu\/online\/magazin\/fotopalyazatok\/arab-tavaszos-fenykep-nyerte-world-press-photo-fodijat\/","title":{"rendered":"&#8222;Arab tavaszos&#8221; f\u00e9nyk\u00e9p nyerte a World Press Photo f\u0151d\u00edj\u00e1t"},"content":{"rendered":"\n<div style=\"border-top: 1px solid #cccccc; border-bottom: 1px solid #cccccc; clear: both; padding-top: 5px; padding-bottom: 5px;\">{module 34}<\/div>\n<p style=\"text-align: justify;\">\u00a0<\/p>\n<p>Mint a sajt\u00f3fot\u00f3k n\u00edv\u00f3s verseny\u00e9t koordin\u00e1l\u00f3 amszterdami szervezet p\u00e9nteken bejelentette, a The New York Times c\u00edm\u0171 amerikai napilapban megjelent fot\u00f3 azzal \u00e9rdemelte ki az elismer\u00e9st, hogy a t\u00e9rs\u00e9gben rendszerv\u00e1lt\u00e1sokat elind\u00edt\u00f3 &#8222;arab tavasz&#8221; egyszerre t\u00f6bb arc\u00e1t t\u00fckr\u00f6ztetni tudta. A k\u00e9pen egy f\u00e1tyolt visel\u0151 asszony sebes\u00fclt ismer\u0151s\u00e9t tartja karj\u00e1ban egy tavaly okt\u00f3beri jemeni t\u00fcntet\u00e9s sor\u00e1n.<\/p>\n<p>A zs\u0171ri szerint a k\u00e9pnek &#8222;m\u00e1r-m\u00e1r bibliai&#8221; hat\u00e1sa van.<\/p>\n<p>A f\u0151d\u00edjjal 10 ezer eur\u00f3s p\u00e9nzjutalom is j\u00e1r.<\/p>\n<p>A versenyben t\u00f6bb d\u00edjat kaptak a k\u00f6zel egy \u00e9vvel ezel\u0151tti jap\u00e1n sz\u00f6k\u0151\u00e1rr\u00f3l k\u00e9sz\u00edtett fot\u00f3k is. A riport kateg\u00f3ria f\u0151d\u00edj\u00e1t az AFP h\u00edr\u00fcgyn\u00f6ks\u00e9g jap\u00e1n fot\u00f3sa, Csiba Jaszujosi nyerte el egy ilyen sorozattal.<\/p>\n<p>A tavalyi esem\u00e9nyekre vonatkoz\u00f3 p\u00e1ly\u00e1zaton 24 orsz\u00e1gb\u00f3l \u00f6sszesen 57 f\u00e9nyk\u00e9pet d\u00edjaztak. \u00d6tezer f\u0151foglalkoz\u00e1s\u00fa sajt\u00f3fot\u00f3s \u00f6sszesen t\u00f6bb mint sz\u00e1zezer k\u00e9ppel p\u00e1ly\u00e1zott.<\/p>\n<p>Egy nem azonos\u00edtott amat\u0151r f\u00e9nyk\u00e9p\u00e9sz fot\u00f3j\u00e1t a zs\u0171ri szint\u00e9n d\u00edjaz\u00e1sra \u00e9rdemes\u00edtette: a k\u00e9p Moammer el-Kadhafi volt l\u00edbiai dikt\u00e1tort \u00e1br\u00e1zolja hal\u00e1la napj\u00e1n tavaly okt\u00f3berben.<\/p>\n<p>A World Press Photo \u00e9ves rendszeress\u00e9ggel megrendezett p\u00e1ly\u00e1zat\u00e1n m\u00e1r t\u00f6bb alkalommal magyar fot\u00f3sok is nyertek d\u00edjat. Tavaly Lakatos P\u00e9ter, az MTI k\u00fcls\u0151s munkat\u00e1rsa nyerte el a H\u00edrk\u00e9p (Spot News) kateg\u00f3ria els\u0151 d\u00edj\u00e1t azzal a k\u00e9ppel, amely egy \u00f6ngyilkos ugr\u00e1s\u00e1t \u00e1br\u00e1zolja a Szabads\u00e1g-h\u00eddr\u00f3l.<\/p>\n<p>(MTI)<\/p>\n<p>{{share}}<\/p>\n<p>{module 34}<\/p>\n","protected":false},"excerpt":{"rendered":"<p style=\"text-align: justify;\">Samuel Aranda spanyol sajt\u00f3fot\u00f3s nyerte el a World Press Photo hagyom\u00e1nyos nemzetk\u00f6zi sajt\u00f3fot\u00f3p\u00e1ly\u00e1zat tavalyi \u00e9vre vonatkoz\u00f3 f\u0151d\u00edj\u00e1t az &#8222;arab tavasz&#8221; egyik jemeni t\u00fcntet\u00e9se sor\u00e1n k\u00e9sz\u00edtett f\u00e9nyk\u00e9ppel.<\/p>\n<p style=\"text-align: center;\"><img decoding=\"async\" src=\"images\/stories\/Cikkek\/2012\/02\/arab_tavasz_samuel_aranda.jpg\" alt=\"Spanyol sajt\u00f3fot\u00f3s nyerte el a World Press Photo f\u0151d\u00edj\u00e1t\" title=\"Samuel Aranda - Arab tavasz\" \/><\/p>\n","protected":false},"author":1,"featured_media":0,"comment_status":"open","ping_status":"open","sticky":false,"template":"","format":"standard","meta":{"footnotes":""},"categories":[102],"tags":[],"class_list":{"0":"post-340","1":"post","2":"type-post","3":"status-publish","4":"format-standard","6":"category-fotopalyazatok"},"yoast_head":"<!-- This site is optimized with the Yoast SEO plugin v27.4 - https:\/\/yoast.com\/product\/yoast-seo-wordpress\/ -->\n<title>&quot;Arab tavaszos&quot; f\u00e9nyk\u00e9p nyerte a World Press Photo f\u0151d\u00edj\u00e1t - Photonet<\/title>\n<meta name=\"robots\" content=\"index, follow, max-snippet:-1, max-image-preview:large, max-video-preview:-1\" \/>\n<link rel=\"canonical\" href=\"https:\/\/photonet.hu\/online\/magazin\/fotopalyazatok\/arab-tavaszos-fenykep-nyerte-world-press-photo-fodijat\/\" \/>\n<meta property=\"og:locale\" content=\"hu_HU\" \/>\n<meta property=\"og:type\" content=\"article\" \/>\n<meta property=\"og:title\" content=\"&quot;Arab tavaszos&quot; f\u00e9nyk\u00e9p nyerte a World Press Photo f\u0151d\u00edj\u00e1t - Photonet\" \/>\n<meta property=\"og:description\" content=\"Samuel Aranda spanyol sajt\u00f3fot\u00f3s nyerte el a World Press Photo hagyom\u00e1nyos nemzetk\u00f6zi sajt\u00f3fot\u00f3p\u00e1ly\u00e1zat tavalyi \u00e9vre vonatkoz\u00f3 f\u0151d\u00edj\u00e1t az &quot;arab tavasz&quot; egyik jemeni t\u00fcntet\u00e9se sor\u00e1n k\u00e9sz\u00edtett f\u00e9nyk\u00e9ppel.\" \/>\n<meta property=\"og:url\" content=\"https:\/\/photonet.hu\/online\/magazin\/fotopalyazatok\/arab-tavaszos-fenykep-nyerte-world-press-photo-fodijat\/\" \/>\n<meta property=\"og:site_name\" content=\"Photonet\" \/>\n<meta property=\"article:publisher\" content=\"https:\/\/www.facebook.com\/photonet.hu\" \/>\n<meta property=\"article:author\" content=\"https:\/\/www.facebook.com\/photonet.hu\" \/>\n<meta property=\"article:published_time\" content=\"2012-02-10T16:29:41+00:00\" \/>\n<meta name=\"author\" content=\"photonet\" \/>\n<meta name=\"twitter:card\" content=\"summary_large_image\" \/>\n<meta name=\"twitter:creator\" content=\"@https:\/\/x.com\/photonethu\" \/>\n<meta name=\"twitter:site\" content=\"@photonethu\" \/>\n<meta name=\"twitter:label1\" content=\"Szerz\u0151:\" \/>\n\t<meta name=\"twitter:data1\" content=\"photonet\" \/>\n\t<meta name=\"twitter:label2\" content=\"Becs\u00fclt olvas\u00e1si id\u0151\" \/>\n\t<meta name=\"twitter:data2\" content=\"2 perc\" \/>\n<script type=\"application\/ld+json\" class=\"yoast-schema-graph\">{\"@context\":\"https:\\\/\\\/schema.org\",\"@graph\":[{\"@type\":\"Article\",\"@id\":\"https:\\\/\\\/photonet.hu\\\/online\\\/magazin\\\/fotopalyazatok\\\/arab-tavaszos-fenykep-nyerte-world-press-photo-fodijat\\\/#article\",\"isPartOf\":{\"@id\":\"https:\\\/\\\/photonet.hu\\\/online\\\/magazin\\\/fotopalyazatok\\\/arab-tavaszos-fenykep-nyerte-world-press-photo-fodijat\\\/\"},\"author\":{\"name\":\"photonet\",\"@id\":\"\\\/#\\\/schema\\\/person\\\/b8065e4118b8cea4068716ccbdd92f94\"},\"headline\":\"&#8222;Arab tavaszos&#8221; f\u00e9nyk\u00e9p nyerte a World Press Photo f\u0151d\u00edj\u00e1t\",\"datePublished\":\"2012-02-10T16:29:41+00:00\",\"mainEntityOfPage\":{\"@id\":\"https:\\\/\\\/photonet.hu\\\/online\\\/magazin\\\/fotopalyazatok\\\/arab-tavaszos-fenykep-nyerte-world-press-photo-fodijat\\\/\"},\"wordCount\":320,\"commentCount\":0,\"publisher\":{\"@id\":\"\\\/#organization\"},\"articleSection\":[\"Fot\u00f3p\u00e1ly\u00e1zatok\"],\"inLanguage\":\"hu\",\"potentialAction\":[{\"@type\":\"CommentAction\",\"name\":\"Comment\",\"target\":[\"https:\\\/\\\/photonet.hu\\\/online\\\/magazin\\\/fotopalyazatok\\\/arab-tavaszos-fenykep-nyerte-world-press-photo-fodijat\\\/#respond\"]}]},{\"@type\":\"WebPage\",\"@id\":\"https:\\\/\\\/photonet.hu\\\/online\\\/magazin\\\/fotopalyazatok\\\/arab-tavaszos-fenykep-nyerte-world-press-photo-fodijat\\\/\",\"url\":\"https:\\\/\\\/photonet.hu\\\/online\\\/magazin\\\/fotopalyazatok\\\/arab-tavaszos-fenykep-nyerte-world-press-photo-fodijat\\\/\",\"name\":\"\\\"Arab tavaszos\\\" f\u00e9nyk\u00e9p nyerte a World Press Photo f\u0151d\u00edj\u00e1t - Photonet\",\"isPartOf\":{\"@id\":\"\\\/#website\"},\"datePublished\":\"2012-02-10T16:29:41+00:00\",\"breadcrumb\":{\"@id\":\"https:\\\/\\\/photonet.hu\\\/online\\\/magazin\\\/fotopalyazatok\\\/arab-tavaszos-fenykep-nyerte-world-press-photo-fodijat\\\/#breadcrumb\"},\"inLanguage\":\"hu\",\"potentialAction\":[{\"@type\":\"ReadAction\",\"target\":[\"https:\\\/\\\/photonet.hu\\\/online\\\/magazin\\\/fotopalyazatok\\\/arab-tavaszos-fenykep-nyerte-world-press-photo-fodijat\\\/\"]}]},{\"@type\":\"BreadcrumbList\",\"@id\":\"https:\\\/\\\/photonet.hu\\\/online\\\/magazin\\\/fotopalyazatok\\\/arab-tavaszos-fenykep-nyerte-world-press-photo-fodijat\\\/#breadcrumb\",\"itemListElement\":[{\"@type\":\"ListItem\",\"position\":1,\"name\":\"Kezd\u0151lap\",\"item\":\"https:\\\/\\\/photonet.hu\\\/online\\\/\"},{\"@type\":\"ListItem\",\"position\":2,\"name\":\"&#8222;Arab tavaszos&#8221; f\u00e9nyk\u00e9p nyerte a World Press Photo f\u0151d\u00edj\u00e1t\"}]},{\"@type\":\"WebSite\",\"@id\":\"\\\/#website\",\"url\":\"\\\/\",\"name\":\"Photonet\",\"description\":\"Photonet - online fot\u00f3s magazin\",\"publisher\":{\"@id\":\"\\\/#organization\"},\"potentialAction\":[{\"@type\":\"SearchAction\",\"target\":{\"@type\":\"EntryPoint\",\"urlTemplate\":\"\\\/?s={search_term_string}\"},\"query-input\":{\"@type\":\"PropertyValueSpecification\",\"valueRequired\":true,\"valueName\":\"search_term_string\"}}],\"inLanguage\":\"hu\"},{\"@type\":\"Organization\",\"@id\":\"\\\/#organization\",\"name\":\"Photonet\",\"url\":\"\\\/\",\"logo\":{\"@type\":\"ImageObject\",\"inLanguage\":\"hu\",\"@id\":\"\\\/#\\\/schema\\\/logo\\\/image\\\/\",\"url\":\"https:\\\/\\\/photonet.hu\\\/online\\\/wp-content\\\/uploads\\\/2026\\\/02\\\/photonet_lens_shutter_512.png\",\"contentUrl\":\"https:\\\/\\\/photonet.hu\\\/online\\\/wp-content\\\/uploads\\\/2026\\\/02\\\/photonet_lens_shutter_512.png\",\"width\":512,\"height\":512,\"caption\":\"Photonet\"},\"image\":{\"@id\":\"\\\/#\\\/schema\\\/logo\\\/image\\\/\"},\"sameAs\":[\"https:\\\/\\\/www.facebook.com\\\/photonet.hu\",\"https:\\\/\\\/x.com\\\/photonethu\",\"https:\\\/\\\/www.pinterest.com\\\/acsienator\\\/photography\\\/\"]},{\"@type\":\"Person\",\"@id\":\"\\\/#\\\/schema\\\/person\\\/b8065e4118b8cea4068716ccbdd92f94\",\"name\":\"photonet\",\"image\":{\"@type\":\"ImageObject\",\"inLanguage\":\"hu\",\"@id\":\"https:\\\/\\\/secure.gravatar.com\\\/avatar\\\/7c91ab952e1e196e2bf6641a013b7b971ffa12946ddbf0f05fb85f62d3433ce2?s=96&d=mm&r=g\",\"url\":\"https:\\\/\\\/secure.gravatar.com\\\/avatar\\\/7c91ab952e1e196e2bf6641a013b7b971ffa12946ddbf0f05fb85f62d3433ce2?s=96&d=mm&r=g\",\"contentUrl\":\"https:\\\/\\\/secure.gravatar.com\\\/avatar\\\/7c91ab952e1e196e2bf6641a013b7b971ffa12946ddbf0f05fb85f62d3433ce2?s=96&d=mm&r=g\",\"caption\":\"photonet\"},\"description\":\"szerkeszt\u0151 - photonet, online fot\u00f3s magazin\",\"sameAs\":[\"http:\\\/\\\/photonet.hu\",\"https:\\\/\\\/www.facebook.com\\\/photonet.hu\",\"https:\\\/\\\/x.com\\\/https:\\\/\\\/x.com\\\/photonethu\"],\"url\":\"https:\\\/\\\/photonet.hu\\\/online\\\/author\\\/photonet\\\/\"}]}<\/script>\n<!-- \/ Yoast SEO plugin. -->","yoast_head_json":{"title":"\"Arab tavaszos\" f\u00e9nyk\u00e9p nyerte a World Press Photo f\u0151d\u00edj\u00e1t - Photonet","robots":{"index":"index","follow":"follow","max-snippet":"max-snippet:-1","max-image-preview":"max-image-preview:large","max-video-preview":"max-video-preview:-1"},"canonical":"https:\/\/photonet.hu\/online\/magazin\/fotopalyazatok\/arab-tavaszos-fenykep-nyerte-world-press-photo-fodijat\/","og_locale":"hu_HU","og_type":"article","og_title":"\"Arab tavaszos\" f\u00e9nyk\u00e9p nyerte a World Press Photo f\u0151d\u00edj\u00e1t - Photonet","og_description":"Samuel Aranda spanyol sajt\u00f3fot\u00f3s nyerte el a World Press Photo hagyom\u00e1nyos nemzetk\u00f6zi sajt\u00f3fot\u00f3p\u00e1ly\u00e1zat tavalyi \u00e9vre vonatkoz\u00f3 f\u0151d\u00edj\u00e1t az \"arab tavasz\" egyik jemeni t\u00fcntet\u00e9se sor\u00e1n k\u00e9sz\u00edtett f\u00e9nyk\u00e9ppel.","og_url":"https:\/\/photonet.hu\/online\/magazin\/fotopalyazatok\/arab-tavaszos-fenykep-nyerte-world-press-photo-fodijat\/","og_site_name":"Photonet","article_publisher":"https:\/\/www.facebook.com\/photonet.hu","article_author":"https:\/\/www.facebook.com\/photonet.hu","article_published_time":"2012-02-10T16:29:41+00:00","author":"photonet","twitter_card":"summary_large_image","twitter_creator":"@https:\/\/x.com\/photonethu","twitter_site":"@photonethu","twitter_misc":{"Szerz\u0151:":"photonet","Becs\u00fclt olvas\u00e1si id\u0151":"2 perc"},"schema":{"@context":"https:\/\/schema.org","@graph":[{"@type":"Article","@id":"https:\/\/photonet.hu\/online\/magazin\/fotopalyazatok\/arab-tavaszos-fenykep-nyerte-world-press-photo-fodijat\/#article","isPartOf":{"@id":"https:\/\/photonet.hu\/online\/magazin\/fotopalyazatok\/arab-tavaszos-fenykep-nyerte-world-press-photo-fodijat\/"},"author":{"name":"photonet","@id":"\/#\/schema\/person\/b8065e4118b8cea4068716ccbdd92f94"},"headline":"&#8222;Arab tavaszos&#8221; f\u00e9nyk\u00e9p nyerte a World Press Photo f\u0151d\u00edj\u00e1t","datePublished":"2012-02-10T16:29:41+00:00","mainEntityOfPage":{"@id":"https:\/\/photonet.hu\/online\/magazin\/fotopalyazatok\/arab-tavaszos-fenykep-nyerte-world-press-photo-fodijat\/"},"wordCount":320,"commentCount":0,"publisher":{"@id":"\/#organization"},"articleSection":["Fot\u00f3p\u00e1ly\u00e1zatok"],"inLanguage":"hu","potentialAction":[{"@type":"CommentAction","name":"Comment","target":["https:\/\/photonet.hu\/online\/magazin\/fotopalyazatok\/arab-tavaszos-fenykep-nyerte-world-press-photo-fodijat\/#respond"]}]},{"@type":"WebPage","@id":"https:\/\/photonet.hu\/online\/magazin\/fotopalyazatok\/arab-tavaszos-fenykep-nyerte-world-press-photo-fodijat\/","url":"https:\/\/photonet.hu\/online\/magazin\/fotopalyazatok\/arab-tavaszos-fenykep-nyerte-world-press-photo-fodijat\/","name":"\"Arab tavaszos\" f\u00e9nyk\u00e9p nyerte a World Press Photo f\u0151d\u00edj\u00e1t - Photonet","isPartOf":{"@id":"\/#website"},"datePublished":"2012-02-10T16:29:41+00:00","breadcrumb":{"@id":"https:\/\/photonet.hu\/online\/magazin\/fotopalyazatok\/arab-tavaszos-fenykep-nyerte-world-press-photo-fodijat\/#breadcrumb"},"inLanguage":"hu","potentialAction":[{"@type":"ReadAction","target":["https:\/\/photonet.hu\/online\/magazin\/fotopalyazatok\/arab-tavaszos-fenykep-nyerte-world-press-photo-fodijat\/"]}]},{"@type":"BreadcrumbList","@id":"https:\/\/photonet.hu\/online\/magazin\/fotopalyazatok\/arab-tavaszos-fenykep-nyerte-world-press-photo-fodijat\/#breadcrumb","itemListElement":[{"@type":"ListItem","position":1,"name":"Kezd\u0151lap","item":"https:\/\/photonet.hu\/online\/"},{"@type":"ListItem","position":2,"name":"&#8222;Arab tavaszos&#8221; f\u00e9nyk\u00e9p nyerte a World Press Photo f\u0151d\u00edj\u00e1t"}]},{"@type":"WebSite","@id":"\/#website","url":"\/","name":"Photonet","description":"Photonet - online fot\u00f3s magazin","publisher":{"@id":"\/#organization"},"potentialAction":[{"@type":"SearchAction","target":{"@type":"EntryPoint","urlTemplate":"\/?s={search_term_string}"},"query-input":{"@type":"PropertyValueSpecification","valueRequired":true,"valueName":"search_term_string"}}],"inLanguage":"hu"},{"@type":"Organization","@id":"\/#organization","name":"Photonet","url":"\/","logo":{"@type":"ImageObject","inLanguage":"hu","@id":"\/#\/schema\/logo\/image\/","url":"https:\/\/photonet.hu\/online\/wp-content\/uploads\/2026\/02\/photonet_lens_shutter_512.png","contentUrl":"https:\/\/photonet.hu\/online\/wp-content\/uploads\/2026\/02\/photonet_lens_shutter_512.png","width":512,"height":512,"caption":"Photonet"},"image":{"@id":"\/#\/schema\/logo\/image\/"},"sameAs":["https:\/\/www.facebook.com\/photonet.hu","https:\/\/x.com\/photonethu","https:\/\/www.pinterest.com\/acsienator\/photography\/"]},{"@type":"Person","@id":"\/#\/schema\/person\/b8065e4118b8cea4068716ccbdd92f94","name":"photonet","image":{"@type":"ImageObject","inLanguage":"hu","@id":"https:\/\/secure.gravatar.com\/avatar\/7c91ab952e1e196e2bf6641a013b7b971ffa12946ddbf0f05fb85f62d3433ce2?s=96&d=mm&r=g","url":"https:\/\/secure.gravatar.com\/avatar\/7c91ab952e1e196e2bf6641a013b7b971ffa12946ddbf0f05fb85f62d3433ce2?s=96&d=mm&r=g","contentUrl":"https:\/\/secure.gravatar.com\/avatar\/7c91ab952e1e196e2bf6641a013b7b971ffa12946ddbf0f05fb85f62d3433ce2?s=96&d=mm&r=g","caption":"photonet"},"description":"szerkeszt\u0151 - photonet, online fot\u00f3s magazin","sameAs":["http:\/\/photonet.hu","https:\/\/www.facebook.com\/photonet.hu","https:\/\/x.com\/https:\/\/x.com\/photonethu"],"url":"https:\/\/photonet.hu\/online\/author\/photonet\/"}]}},"_links":{"self":[{"href":"https:\/\/photonet.hu\/online\/wp-json\/wp\/v2\/posts\/340","targetHints":{"allow":["GET"]}}],"collection":[{"href":"https:\/\/photonet.hu\/online\/wp-json\/wp\/v2\/posts"}],"about":[{"href":"https:\/\/photonet.hu\/online\/wp-json\/wp\/v2\/types\/post"}],"author":[{"embeddable":true,"href":"https:\/\/photonet.hu\/online\/wp-json\/wp\/v2\/users\/1"}],"replies":[{"embeddable":true,"href":"https:\/\/photonet.hu\/online\/wp-json\/wp\/v2\/comments?post=340"}],"version-history":[{"count":0,"href":"https:\/\/photonet.hu\/online\/wp-json\/wp\/v2\/posts\/340\/revisions"}],"wp:attachment":[{"href":"https:\/\/photonet.hu\/online\/wp-json\/wp\/v2\/media?parent=340"}],"wp:term":[{"taxonomy":"category","embeddable":true,"href":"https:\/\/photonet.hu\/online\/wp-json\/wp\/v2\/categories?post=340"},{"taxonomy":"post_tag","embeddable":true,"href":"https:\/\/photonet.hu\/online\/wp-json\/wp\/v2\/tags?post=340"}],"curies":[{"name":"wp","href":"https:\/\/api.w.org\/{rel}","templated":true}]}}