{"id":339,"date":"2012-02-17T15:58:42","date_gmt":"2012-02-17T15:58:42","guid":{"rendered":"https:\/\/photonet.hu\/online\/buvos-lampa-buvoleteben\/"},"modified":"2012-02-17T15:58:42","modified_gmt":"2012-02-17T15:58:42","slug":"buvos-lampa-buvoleteben","status":"publish","type":"post","link":"https:\/\/photonet.hu\/online\/hirek\/buvos-lampa-buvoleteben\/","title":{"rendered":"A b\u0171v\u00f6s l\u00e1mpa b\u0171v\u00f6let\u00e9ben"},"content":{"rendered":"\n<div style=\"border-top: 1px solid #cccccc; border-bottom: 1px solid #cccccc; clear: both; padding-top: 5px; padding-bottom: 5px;\">{module 34}<\/div>\n<p style=\"text-align: justify;\">\u00a0<\/p>\n<p>A l\u00e1togat\u00f3k t\u00f6bb mint sz\u00e1z vet\u00edt\u0151g\u00e9pet vehetnek szem\u00fcgyre, \u00e9s a 15 orsz\u00e1gb\u00f3l sz\u00e1rmaz\u00f3 k\u00e9sz\u00fcl\u00e9kek seg\u00edts\u00e9g\u00e9vel nyomon k\u00f6vethetik, hogyan fejl\u0151d\u00f6tt az \u00e1ll\u00f3k\u00e9p vet\u00edt\u00e9s\u00e9nek technik\u00e1ja, az optika, k\u00e9s\u0151bb a finommechanika \u00e9s m\u00e9g k\u00e9s\u0151bb az elektronika v\u00edvm\u00e1nyainak felhaszn\u00e1l\u00e1s\u00e1val &#8211; mondta el Berta Ferenc, a ki\u00e1ll\u00edt\u00e1s szervez\u0151je cs\u00fct\u00f6rt\u00f6k\u00f6n az MTI-nek. A vet\u00edt\u0151k\u00f6n az is megfigyelhet\u0151, hogyan b\u0151v\u00fcltek a felhaszn\u00e1l\u00e1si ter\u00fcletek, azaz mik\u00e9nt jutott el ez a m\u00e9dium a szellemid\u00e9z\u00e9st\u0151l a multiv\u00edzi\u00f3ig &#8211; tette hozz\u00e1.<\/p>\n<p>A k\u00e9sz\u00fcl\u00e9kek k\u00f6z\u00fcl a legr\u00e9gebbit a XIX. sz\u00e1zad v\u00e9g\u00e9n a n\u00e9metorsz\u00e1gi Magdeburgban gy\u00e1rtott\u00e1k. Mellette sorakoznak a hajdan petr\u00f3leum- vagy spirituszl\u00e1mp\u00e1val, v\u00e1rosi g\u00e1zzal, \u00edvl\u00e1mp\u00e1val, majd &#8211; Edison nagy tal\u00e1lm\u00e1ny\u00e1t hasznos\u00edtva &#8211; az izz\u00f3l\u00e1mp\u00e1val m\u0171k\u00f6d\u0151 masin\u00e1k. A fejl\u0151d\u00e9st id\u0151rendben k\u00f6vet\u0151 sort a modern, halog\u00e9n izz\u00f3kkal felszerelt vet\u00edt\u0151k z\u00e1rj\u00e1k.<\/p>\n<p>A ki\u00e1ll\u00edt\u00e1sr\u00f3l nem hi\u00e1nyoznak a hazai vet\u00edt\u0151k sem, amelyek k\u00f6z\u00fcl legt\u00f6bbet a Lemez\u00e1rugy\u00e1rban k\u00e9sz\u00edtettek. Ezekhez kapcsol\u00f3d\u00f3 \u00e9rdekess\u00e9g, hogy 1956 ut\u00e1n diafilmgy\u00e1rt\u00e1s nagyon felfutott Magyarorsz\u00e1gon, \u00e9s a sz\u00e9p sz\u00e1m\u00fa mesefilm mellett t\u00f6bbek k\u00f6z\u00f6tt ismeretterjeszt\u0151 \u00e9s katonai oktat\u00f3filmek is sz\u00fclettek.<\/p>\n<p>A t\u00e1rlat \u00e1prilis 7-ig tekinthet\u0151 meg.<\/p>\n<p>MTI Fot\u00f3: Bug\u00e1ny J\u00e1nos&nbsp;<\/p>\n<p>\u00a0<\/p>\n<p style=\"text-align: center;\"><img decoding=\"async\" title=\"Ki\u00e1ll\u00edt\u00e1s a diavet\u00edt\u0151g\u00e9pek fejl\u0151d\u00e9s\u00e9r\u0151l a Szolnokon\" alt=\"A b\u0171v\u00f6s l\u00e1mpa b\u0171v\u00f6let\u00e9ben\" src=\"images\/stories\/Cikkek\/2012\/02\/diavetito_kiallitas_filmosto.jpg\" \/>&nbsp;<\/p>\n<p>{{share}}<\/p>\n<p>{module 34}<\/p>\n","protected":false},"excerpt":{"rendered":"<p style=\"text-align: justify;\">\u00a0<\/p>\n<div id=\"_mcePaste\" style=\"position: absolute; left: -10000px; top: 0px; width: 1px; height: 1px; overflow-x: hidden; overflow-y: hidden;\">Ki\u00e1ll\u00edt\u00e1s a diavet\u00edt\u0151g\u00e9pek fejl\u0151d\u00e9s\u00e9r\u0151l a Szolnokon<\/div>\n<div id=\"_mcePaste\" style=\"position: absolute; left: -10000px; top: 0px; width: 1px; height: 1px; overflow-x: hidden; overflow-y: hidden;\"><\/div>\n<div id=\"_mcePaste\" style=\"position: absolute; left: -10000px; top: 0px; width: 1px; height: 1px; overflow-x: hidden; overflow-y: hidden;\">Az utols\u00f3 sz\u00e1z \u00e9vben k\u00e9sz\u00fclt diavet\u00edt\u0151g\u00e9peket bemutat\u00f3 id\u0151szaki ki\u00e1ll\u00edt\u00e1s ny\u00edlik p\u00e9nteken a szolnoki Damjanich m\u00fazeumban; a t\u00e1rlatot a Tisza-parti v\u00e1rosban \u00e9l\u0151 Kolozsi S\u00e1ndor amat\u0151r fot\u00f3s \u00e9s n\u00e9pm\u0171vel\u0151 h\u00e1rom \u00e9vtized alatt \u00f6sszegy\u0171jt\u00f6tt k\u00e9tsz\u00e1z darabos kollekci\u00f3j\u00e1b\u00f3l rendezt\u00e9k be.<\/div>\n<p>Ki\u00e1ll\u00edt\u00e1s a diavet\u00edt\u0151g\u00e9pek fejl\u0151d\u00e9s\u00e9r\u0151l a Szolnokon<\/p>\n<p>Az utols\u00f3 sz\u00e1z \u00e9vben k\u00e9sz\u00fclt diavet\u00edt\u0151g\u00e9peket bemutat\u00f3 id\u0151szaki ki\u00e1ll\u00edt\u00e1s ny\u00edlik p\u00e9nteken a szolnoki Damjanich m\u00fazeumban; a t\u00e1rlatot a Tisza-parti v\u00e1rosban \u00e9l\u0151 Kolozsi S\u00e1ndor amat\u0151r fot\u00f3s \u00e9s n\u00e9pm\u0171vel\u0151 h\u00e1rom \u00e9vtized alatt \u00f6sszegy\u0171jt\u00f6tt k\u00e9tsz\u00e1z darabos kollekci\u00f3j\u00e1b\u00f3l rendezt\u00e9k be.<\/p>\n<p>\u00a0<\/p>\n<p style=\"text-align: center;\"><img decoding=\"async\" title=\"Ki\u00e1ll\u00edt\u00e1s a diavet\u00edt\u0151g\u00e9pek fejl\u0151d\u00e9s\u00e9r\u0151l a Szolnokon\" alt=\"A b\u0171v\u00f6s l\u00e1mpa b\u0171v\u00f6let\u00e9ben\" src=\"images\/stories\/Cikkek\/2012\/02\/diavetito_kiallitas_mittelstrass.jpg\" \/>&nbsp;<\/p>\n","protected":false},"author":1,"featured_media":0,"comment_status":"open","ping_status":"open","sticky":false,"template":"","format":"standard","meta":{"footnotes":""},"categories":[103],"tags":[],"class_list":{"0":"post-339","1":"post","2":"type-post","3":"status-publish","4":"format-standard","6":"category-hirek"},"yoast_head":"<!-- This site is optimized with the Yoast SEO plugin v27.4 - https:\/\/yoast.com\/product\/yoast-seo-wordpress\/ -->\n<title>A b\u0171v\u00f6s l\u00e1mpa b\u0171v\u00f6let\u00e9ben - Photonet<\/title>\n<meta name=\"robots\" content=\"index, follow, max-snippet:-1, max-image-preview:large, max-video-preview:-1\" \/>\n<link rel=\"canonical\" href=\"https:\/\/photonet.hu\/online\/hirek\/buvos-lampa-buvoleteben\/\" \/>\n<meta property=\"og:locale\" content=\"hu_HU\" \/>\n<meta property=\"og:type\" content=\"article\" \/>\n<meta property=\"og:title\" content=\"A b\u0171v\u00f6s l\u00e1mpa b\u0171v\u00f6let\u00e9ben - Photonet\" \/>\n<meta property=\"og:description\" content=\"\u00a0 Ki\u00e1ll\u00edt\u00e1s a diavet\u00edt\u0151g\u00e9pek fejl\u0151d\u00e9s\u00e9r\u0151l a Szolnokon Az utols\u00f3 sz\u00e1z \u00e9vben k\u00e9sz\u00fclt diavet\u00edt\u0151g\u00e9peket bemutat\u00f3 id\u0151szaki ki\u00e1ll\u00edt\u00e1s ny\u00edlik p\u00e9nteken a szolnoki Damjanich m\u00fazeumban; a t\u00e1rlatot a Tisza-parti v\u00e1rosban \u00e9l\u0151 Kolozsi S\u00e1ndor amat\u0151r fot\u00f3s \u00e9s n\u00e9pm\u0171vel\u0151 h\u00e1rom \u00e9vtized alatt \u00f6sszegy\u0171jt\u00f6tt k\u00e9tsz\u00e1z darabos kollekci\u00f3j\u00e1b\u00f3l rendezt\u00e9k be. Ki\u00e1ll\u00edt\u00e1s a diavet\u00edt\u0151g\u00e9pek fejl\u0151d\u00e9s\u00e9r\u0151l a Szolnokon Az utols\u00f3 sz\u00e1z \u00e9vben k\u00e9sz\u00fclt diavet\u00edt\u0151g\u00e9peket bemutat\u00f3 id\u0151szaki ki\u00e1ll\u00edt\u00e1s ny\u00edlik p\u00e9nteken a szolnoki Damjanich m\u00fazeumban; a t\u00e1rlatot a Tisza-parti v\u00e1rosban \u00e9l\u0151 Kolozsi S\u00e1ndor amat\u0151r fot\u00f3s \u00e9s n\u00e9pm\u0171vel\u0151 h\u00e1rom \u00e9vtized alatt \u00f6sszegy\u0171jt\u00f6tt k\u00e9tsz\u00e1z darabos kollekci\u00f3j\u00e1b\u00f3l rendezt\u00e9k be. \u00a0 &nbsp;\" \/>\n<meta property=\"og:url\" content=\"https:\/\/photonet.hu\/online\/hirek\/buvos-lampa-buvoleteben\/\" \/>\n<meta property=\"og:site_name\" content=\"Photonet\" \/>\n<meta property=\"article:publisher\" content=\"https:\/\/www.facebook.com\/photonet.hu\" \/>\n<meta property=\"article:author\" content=\"https:\/\/www.facebook.com\/photonet.hu\" \/>\n<meta property=\"article:published_time\" content=\"2012-02-17T15:58:42+00:00\" \/>\n<meta name=\"author\" content=\"photonet\" \/>\n<meta name=\"twitter:card\" content=\"summary_large_image\" \/>\n<meta name=\"twitter:creator\" content=\"@https:\/\/x.com\/photonethu\" \/>\n<meta name=\"twitter:site\" content=\"@photonethu\" \/>\n<meta name=\"twitter:label1\" content=\"Szerz\u0151:\" \/>\n\t<meta name=\"twitter:data1\" content=\"photonet\" \/>\n\t<meta name=\"twitter:label2\" content=\"Becs\u00fclt olvas\u00e1si id\u0151\" \/>\n\t<meta name=\"twitter:data2\" content=\"1 perc\" \/>\n<script type=\"application\/ld+json\" class=\"yoast-schema-graph\">{\"@context\":\"https:\\\/\\\/schema.org\",\"@graph\":[{\"@type\":\"Article\",\"@id\":\"https:\\\/\\\/photonet.hu\\\/online\\\/hirek\\\/buvos-lampa-buvoleteben\\\/#article\",\"isPartOf\":{\"@id\":\"https:\\\/\\\/photonet.hu\\\/online\\\/hirek\\\/buvos-lampa-buvoleteben\\\/\"},\"author\":{\"name\":\"photonet\",\"@id\":\"\\\/#\\\/schema\\\/person\\\/b8065e4118b8cea4068716ccbdd92f94\"},\"headline\":\"A b\u0171v\u00f6s l\u00e1mpa b\u0171v\u00f6let\u00e9ben\",\"datePublished\":\"2012-02-17T15:58:42+00:00\",\"mainEntityOfPage\":{\"@id\":\"https:\\\/\\\/photonet.hu\\\/online\\\/hirek\\\/buvos-lampa-buvoleteben\\\/\"},\"wordCount\":306,\"commentCount\":0,\"publisher\":{\"@id\":\"\\\/#organization\"},\"articleSection\":[\"H\u00edrek\"],\"inLanguage\":\"hu\",\"potentialAction\":[{\"@type\":\"CommentAction\",\"name\":\"Comment\",\"target\":[\"https:\\\/\\\/photonet.hu\\\/online\\\/hirek\\\/buvos-lampa-buvoleteben\\\/#respond\"]}]},{\"@type\":\"WebPage\",\"@id\":\"https:\\\/\\\/photonet.hu\\\/online\\\/hirek\\\/buvos-lampa-buvoleteben\\\/\",\"url\":\"https:\\\/\\\/photonet.hu\\\/online\\\/hirek\\\/buvos-lampa-buvoleteben\\\/\",\"name\":\"A b\u0171v\u00f6s l\u00e1mpa b\u0171v\u00f6let\u00e9ben - Photonet\",\"isPartOf\":{\"@id\":\"\\\/#website\"},\"datePublished\":\"2012-02-17T15:58:42+00:00\",\"breadcrumb\":{\"@id\":\"https:\\\/\\\/photonet.hu\\\/online\\\/hirek\\\/buvos-lampa-buvoleteben\\\/#breadcrumb\"},\"inLanguage\":\"hu\",\"potentialAction\":[{\"@type\":\"ReadAction\",\"target\":[\"https:\\\/\\\/photonet.hu\\\/online\\\/hirek\\\/buvos-lampa-buvoleteben\\\/\"]}]},{\"@type\":\"BreadcrumbList\",\"@id\":\"https:\\\/\\\/photonet.hu\\\/online\\\/hirek\\\/buvos-lampa-buvoleteben\\\/#breadcrumb\",\"itemListElement\":[{\"@type\":\"ListItem\",\"position\":1,\"name\":\"Kezd\u0151lap\",\"item\":\"https:\\\/\\\/photonet.hu\\\/online\\\/\"},{\"@type\":\"ListItem\",\"position\":2,\"name\":\"A b\u0171v\u00f6s l\u00e1mpa b\u0171v\u00f6let\u00e9ben\"}]},{\"@type\":\"WebSite\",\"@id\":\"\\\/#website\",\"url\":\"\\\/\",\"name\":\"Photonet\",\"description\":\"Photonet - online fot\u00f3s magazin\",\"publisher\":{\"@id\":\"\\\/#organization\"},\"potentialAction\":[{\"@type\":\"SearchAction\",\"target\":{\"@type\":\"EntryPoint\",\"urlTemplate\":\"\\\/?s={search_term_string}\"},\"query-input\":{\"@type\":\"PropertyValueSpecification\",\"valueRequired\":true,\"valueName\":\"search_term_string\"}}],\"inLanguage\":\"hu\"},{\"@type\":\"Organization\",\"@id\":\"\\\/#organization\",\"name\":\"Photonet\",\"url\":\"\\\/\",\"logo\":{\"@type\":\"ImageObject\",\"inLanguage\":\"hu\",\"@id\":\"\\\/#\\\/schema\\\/logo\\\/image\\\/\",\"url\":\"https:\\\/\\\/photonet.hu\\\/online\\\/wp-content\\\/uploads\\\/2026\\\/02\\\/photonet_lens_shutter_512.png\",\"contentUrl\":\"https:\\\/\\\/photonet.hu\\\/online\\\/wp-content\\\/uploads\\\/2026\\\/02\\\/photonet_lens_shutter_512.png\",\"width\":512,\"height\":512,\"caption\":\"Photonet\"},\"image\":{\"@id\":\"\\\/#\\\/schema\\\/logo\\\/image\\\/\"},\"sameAs\":[\"https:\\\/\\\/www.facebook.com\\\/photonet.hu\",\"https:\\\/\\\/x.com\\\/photonethu\",\"https:\\\/\\\/www.pinterest.com\\\/acsienator\\\/photography\\\/\"]},{\"@type\":\"Person\",\"@id\":\"\\\/#\\\/schema\\\/person\\\/b8065e4118b8cea4068716ccbdd92f94\",\"name\":\"photonet\",\"image\":{\"@type\":\"ImageObject\",\"inLanguage\":\"hu\",\"@id\":\"https:\\\/\\\/secure.gravatar.com\\\/avatar\\\/7c91ab952e1e196e2bf6641a013b7b971ffa12946ddbf0f05fb85f62d3433ce2?s=96&d=mm&r=g\",\"url\":\"https:\\\/\\\/secure.gravatar.com\\\/avatar\\\/7c91ab952e1e196e2bf6641a013b7b971ffa12946ddbf0f05fb85f62d3433ce2?s=96&d=mm&r=g\",\"contentUrl\":\"https:\\\/\\\/secure.gravatar.com\\\/avatar\\\/7c91ab952e1e196e2bf6641a013b7b971ffa12946ddbf0f05fb85f62d3433ce2?s=96&d=mm&r=g\",\"caption\":\"photonet\"},\"description\":\"szerkeszt\u0151 - photonet, online fot\u00f3s magazin\",\"sameAs\":[\"http:\\\/\\\/photonet.hu\",\"https:\\\/\\\/www.facebook.com\\\/photonet.hu\",\"https:\\\/\\\/x.com\\\/https:\\\/\\\/x.com\\\/photonethu\"],\"url\":\"https:\\\/\\\/photonet.hu\\\/online\\\/author\\\/photonet\\\/\"}]}<\/script>\n<!-- \/ Yoast SEO plugin. -->","yoast_head_json":{"title":"A b\u0171v\u00f6s l\u00e1mpa b\u0171v\u00f6let\u00e9ben - Photonet","robots":{"index":"index","follow":"follow","max-snippet":"max-snippet:-1","max-image-preview":"max-image-preview:large","max-video-preview":"max-video-preview:-1"},"canonical":"https:\/\/photonet.hu\/online\/hirek\/buvos-lampa-buvoleteben\/","og_locale":"hu_HU","og_type":"article","og_title":"A b\u0171v\u00f6s l\u00e1mpa b\u0171v\u00f6let\u00e9ben - Photonet","og_description":"\u00a0 Ki\u00e1ll\u00edt\u00e1s a diavet\u00edt\u0151g\u00e9pek fejl\u0151d\u00e9s\u00e9r\u0151l a Szolnokon Az utols\u00f3 sz\u00e1z \u00e9vben k\u00e9sz\u00fclt diavet\u00edt\u0151g\u00e9peket bemutat\u00f3 id\u0151szaki ki\u00e1ll\u00edt\u00e1s ny\u00edlik p\u00e9nteken a szolnoki Damjanich m\u00fazeumban; a t\u00e1rlatot a Tisza-parti v\u00e1rosban \u00e9l\u0151 Kolozsi S\u00e1ndor amat\u0151r fot\u00f3s \u00e9s n\u00e9pm\u0171vel\u0151 h\u00e1rom \u00e9vtized alatt \u00f6sszegy\u0171jt\u00f6tt k\u00e9tsz\u00e1z darabos kollekci\u00f3j\u00e1b\u00f3l rendezt\u00e9k be. Ki\u00e1ll\u00edt\u00e1s a diavet\u00edt\u0151g\u00e9pek fejl\u0151d\u00e9s\u00e9r\u0151l a Szolnokon Az utols\u00f3 sz\u00e1z \u00e9vben k\u00e9sz\u00fclt diavet\u00edt\u0151g\u00e9peket bemutat\u00f3 id\u0151szaki ki\u00e1ll\u00edt\u00e1s ny\u00edlik p\u00e9nteken a szolnoki Damjanich m\u00fazeumban; a t\u00e1rlatot a Tisza-parti v\u00e1rosban \u00e9l\u0151 Kolozsi S\u00e1ndor amat\u0151r fot\u00f3s \u00e9s n\u00e9pm\u0171vel\u0151 h\u00e1rom \u00e9vtized alatt \u00f6sszegy\u0171jt\u00f6tt k\u00e9tsz\u00e1z darabos kollekci\u00f3j\u00e1b\u00f3l rendezt\u00e9k be. \u00a0 &nbsp;","og_url":"https:\/\/photonet.hu\/online\/hirek\/buvos-lampa-buvoleteben\/","og_site_name":"Photonet","article_publisher":"https:\/\/www.facebook.com\/photonet.hu","article_author":"https:\/\/www.facebook.com\/photonet.hu","article_published_time":"2012-02-17T15:58:42+00:00","author":"photonet","twitter_card":"summary_large_image","twitter_creator":"@https:\/\/x.com\/photonethu","twitter_site":"@photonethu","twitter_misc":{"Szerz\u0151:":"photonet","Becs\u00fclt olvas\u00e1si id\u0151":"1 perc"},"schema":{"@context":"https:\/\/schema.org","@graph":[{"@type":"Article","@id":"https:\/\/photonet.hu\/online\/hirek\/buvos-lampa-buvoleteben\/#article","isPartOf":{"@id":"https:\/\/photonet.hu\/online\/hirek\/buvos-lampa-buvoleteben\/"},"author":{"name":"photonet","@id":"\/#\/schema\/person\/b8065e4118b8cea4068716ccbdd92f94"},"headline":"A b\u0171v\u00f6s l\u00e1mpa b\u0171v\u00f6let\u00e9ben","datePublished":"2012-02-17T15:58:42+00:00","mainEntityOfPage":{"@id":"https:\/\/photonet.hu\/online\/hirek\/buvos-lampa-buvoleteben\/"},"wordCount":306,"commentCount":0,"publisher":{"@id":"\/#organization"},"articleSection":["H\u00edrek"],"inLanguage":"hu","potentialAction":[{"@type":"CommentAction","name":"Comment","target":["https:\/\/photonet.hu\/online\/hirek\/buvos-lampa-buvoleteben\/#respond"]}]},{"@type":"WebPage","@id":"https:\/\/photonet.hu\/online\/hirek\/buvos-lampa-buvoleteben\/","url":"https:\/\/photonet.hu\/online\/hirek\/buvos-lampa-buvoleteben\/","name":"A b\u0171v\u00f6s l\u00e1mpa b\u0171v\u00f6let\u00e9ben - Photonet","isPartOf":{"@id":"\/#website"},"datePublished":"2012-02-17T15:58:42+00:00","breadcrumb":{"@id":"https:\/\/photonet.hu\/online\/hirek\/buvos-lampa-buvoleteben\/#breadcrumb"},"inLanguage":"hu","potentialAction":[{"@type":"ReadAction","target":["https:\/\/photonet.hu\/online\/hirek\/buvos-lampa-buvoleteben\/"]}]},{"@type":"BreadcrumbList","@id":"https:\/\/photonet.hu\/online\/hirek\/buvos-lampa-buvoleteben\/#breadcrumb","itemListElement":[{"@type":"ListItem","position":1,"name":"Kezd\u0151lap","item":"https:\/\/photonet.hu\/online\/"},{"@type":"ListItem","position":2,"name":"A b\u0171v\u00f6s l\u00e1mpa b\u0171v\u00f6let\u00e9ben"}]},{"@type":"WebSite","@id":"\/#website","url":"\/","name":"Photonet","description":"Photonet - online fot\u00f3s magazin","publisher":{"@id":"\/#organization"},"potentialAction":[{"@type":"SearchAction","target":{"@type":"EntryPoint","urlTemplate":"\/?s={search_term_string}"},"query-input":{"@type":"PropertyValueSpecification","valueRequired":true,"valueName":"search_term_string"}}],"inLanguage":"hu"},{"@type":"Organization","@id":"\/#organization","name":"Photonet","url":"\/","logo":{"@type":"ImageObject","inLanguage":"hu","@id":"\/#\/schema\/logo\/image\/","url":"https:\/\/photonet.hu\/online\/wp-content\/uploads\/2026\/02\/photonet_lens_shutter_512.png","contentUrl":"https:\/\/photonet.hu\/online\/wp-content\/uploads\/2026\/02\/photonet_lens_shutter_512.png","width":512,"height":512,"caption":"Photonet"},"image":{"@id":"\/#\/schema\/logo\/image\/"},"sameAs":["https:\/\/www.facebook.com\/photonet.hu","https:\/\/x.com\/photonethu","https:\/\/www.pinterest.com\/acsienator\/photography\/"]},{"@type":"Person","@id":"\/#\/schema\/person\/b8065e4118b8cea4068716ccbdd92f94","name":"photonet","image":{"@type":"ImageObject","inLanguage":"hu","@id":"https:\/\/secure.gravatar.com\/avatar\/7c91ab952e1e196e2bf6641a013b7b971ffa12946ddbf0f05fb85f62d3433ce2?s=96&d=mm&r=g","url":"https:\/\/secure.gravatar.com\/avatar\/7c91ab952e1e196e2bf6641a013b7b971ffa12946ddbf0f05fb85f62d3433ce2?s=96&d=mm&r=g","contentUrl":"https:\/\/secure.gravatar.com\/avatar\/7c91ab952e1e196e2bf6641a013b7b971ffa12946ddbf0f05fb85f62d3433ce2?s=96&d=mm&r=g","caption":"photonet"},"description":"szerkeszt\u0151 - photonet, online fot\u00f3s magazin","sameAs":["http:\/\/photonet.hu","https:\/\/www.facebook.com\/photonet.hu","https:\/\/x.com\/https:\/\/x.com\/photonethu"],"url":"https:\/\/photonet.hu\/online\/author\/photonet\/"}]}},"_links":{"self":[{"href":"https:\/\/photonet.hu\/online\/wp-json\/wp\/v2\/posts\/339","targetHints":{"allow":["GET"]}}],"collection":[{"href":"https:\/\/photonet.hu\/online\/wp-json\/wp\/v2\/posts"}],"about":[{"href":"https:\/\/photonet.hu\/online\/wp-json\/wp\/v2\/types\/post"}],"author":[{"embeddable":true,"href":"https:\/\/photonet.hu\/online\/wp-json\/wp\/v2\/users\/1"}],"replies":[{"embeddable":true,"href":"https:\/\/photonet.hu\/online\/wp-json\/wp\/v2\/comments?post=339"}],"version-history":[{"count":0,"href":"https:\/\/photonet.hu\/online\/wp-json\/wp\/v2\/posts\/339\/revisions"}],"wp:attachment":[{"href":"https:\/\/photonet.hu\/online\/wp-json\/wp\/v2\/media?parent=339"}],"wp:term":[{"taxonomy":"category","embeddable":true,"href":"https:\/\/photonet.hu\/online\/wp-json\/wp\/v2\/categories?post=339"},{"taxonomy":"post_tag","embeddable":true,"href":"https:\/\/photonet.hu\/online\/wp-json\/wp\/v2\/tags?post=339"}],"curies":[{"name":"wp","href":"https:\/\/api.w.org\/{rel}","templated":true}]}}