{"id":329,"date":"2011-10-19T12:27:30","date_gmt":"2011-10-19T12:27:30","guid":{"rendered":"https:\/\/photonet.hu\/online\/fenytestek-koo-adrien-fotokiallitasa\/"},"modified":"2014-09-03T15:48:10","modified_gmt":"2014-09-03T13:48:10","slug":"fenytestek-koo-adrien-fotokiallitasa","status":"publish","type":"post","link":"https:\/\/photonet.hu\/online\/magazin\/esemenyek\/fenytestek-koo-adrien-fotokiallitasa\/","title":{"rendered":"F\u00e9nytestek &#8211; K\u00f6\u0151 Adrien fot\u00f3ki\u00e1ll\u00edt\u00e1sa"},"content":{"rendered":"\n<div style=\"border-top: 1px solid #cccccc; border-bottom: 1px solid #cccccc; clear: both; padding-top: 5px; padding-bottom: 5px;\">{module 34}<\/div>\n<p style=\"text-align: justify;\">\u00a0<\/p>\n<p style=\"text-align: justify;\">Ezek a F\u00c9NYk\u00e9pek egyszerre izgalmasak, megr\u00e1z\u00f3ak, em\u00f3ci\u00f3val t\u00f6lt\u00f6ttek. A befel\u00e9 fordul\u00e1s bens\u0151s\u00e9gess\u00e9ge minden k\u00e9pben jelen van.<\/p>\n<p style=\"text-align: justify;\">Az \u00edvek, f\u00e9nyek, f\u00e9nyeffektek zseni\u00e1lis felhaszn\u00e1l\u00e1s\u00e1val er\u0151s\u00edti K\u0151\u00f6 Adrien a mag\u00e1ny k\u00fcl\u00f6nb\u00f6z\u0151 arcait. &nbsp;Az emberi \u00e9rz\u00e9sek megism\u00e9telhetetlen pillanatait l\u00e1thatjuk ezeken a fot\u00f3kon.&nbsp;<\/p>\n<p style=\"text-align: justify;\">Mondhatjuk \u00fagy, hogy egy teljesen \u00faj fotogr\u00e1fiai vonalat ind\u00edtott \u00fatj\u00e1ra a m\u0171v\u00e9szn\u0151. \u00c9rdemes bar\u00e1tkozni ezzel a vonallal!<\/p>\n<p style=\"text-align: justify;\">A ki\u00e1ll\u00edtott k\u00e9peket az MVM Sz\u00e9kh\u00e1zban (1031. Budapest, Szentendrei \u00fat 207-209.) lehet megtekinteni 2011. november 25-ig 8 \u00e9s 17 \u00f3ra k\u00f6z\u00f6tt.<\/p>\n<p>\u00a0<\/p>\n<p style=\"text-align: center;\"><img decoding=\"async\" title=\"F\u00e9nytestek\" src=\"images\/stories\/Cikkek\/2011\/10\/koo_adrien_fenytestek_latogato.jpg\" \/>&nbsp;<\/p>\n<p>{{share}}<\/p>\n<p>{module 34}<\/p>\n","protected":false},"excerpt":{"rendered":"<p style=\"text-align: justify;\">\u00a0<\/p>\n<div id=\"_mcePaste\" style=\"position: absolute; left: -10000px; top: 0px; width: 1px; height: 1px; overflow-x: hidden; overflow-y: hidden;\">2011. okt\u00f3ber 12.-\u00e9n T\u00f6m\u00f6r Erzs\u00e9bet bevezet\u0151 szavaival megny\u00edlt K\u00f6\u0151 Adrien ki\u00e1ll\u00edt\u00e1sa &#8222;F\u00e9nytestek&#8221; c\u00edmmel.<\/div>\n<div id=\"_mcePaste\" style=\"position: absolute; left: -10000px; top: 0px; width: 1px; height: 1px; overflow-x: hidden; overflow-y: hidden;\">7 csod\u00e1latos k\u00e9pet oszt meg vel\u00fcnk a fotogr\u00e1fus.<\/div>\n<p> 2011. okt\u00f3ber 12.-\u00e9n T\u00f6m\u00f6r Erzs\u00e9bet bevezet\u0151 szavaival megny\u00edlt K\u00f6\u0151 Adrien ki\u00e1ll\u00edt\u00e1sa &#8222;F\u00e9nytestek&#8221; c\u00edmmel.&nbsp;7 csod\u00e1latos k\u00e9pet oszt meg vel\u00fcnk a fotogr\u00e1fus. <\/p>\n<p>\u00a0<\/p>\n<p style=\"text-align: center;\"><img decoding=\"async\" title=\"K\u00f6\u0151 Adrien fot\u00f3ki\u00e1ll\u00edt\u00e1sa\" src=\"images\/stories\/Cikkek\/2011\/10\/koo_adrien_fenytestek.jpg\" \/>&nbsp;<\/p>\n","protected":false},"author":1,"featured_media":0,"comment_status":"open","ping_status":"open","sticky":false,"template":"","format":"standard","meta":{"footnotes":""},"categories":[99],"tags":[113],"class_list":{"0":"post-329","1":"post","2":"type-post","3":"status-publish","4":"format-standard","6":"category-esemenyek","7":"tag-kiallitas"},"yoast_head":"<!-- This site is optimized with the Yoast SEO plugin v27.4 - https:\/\/yoast.com\/product\/yoast-seo-wordpress\/ -->\n<title>F\u00e9nytestek - K\u00f6\u0151 Adrien fot\u00f3ki\u00e1ll\u00edt\u00e1sa - Photonet<\/title>\n<meta name=\"robots\" content=\"index, follow, max-snippet:-1, max-image-preview:large, max-video-preview:-1\" \/>\n<link rel=\"canonical\" href=\"https:\/\/photonet.hu\/online\/magazin\/esemenyek\/fenytestek-koo-adrien-fotokiallitasa\/\" \/>\n<meta property=\"og:locale\" content=\"hu_HU\" \/>\n<meta property=\"og:type\" content=\"article\" \/>\n<meta property=\"og:title\" content=\"F\u00e9nytestek - K\u00f6\u0151 Adrien fot\u00f3ki\u00e1ll\u00edt\u00e1sa - Photonet\" \/>\n<meta property=\"og:description\" content=\"\u00a0 2011. okt\u00f3ber 12.-\u00e9n T\u00f6m\u00f6r Erzs\u00e9bet bevezet\u0151 szavaival megny\u00edlt K\u00f6\u0151 Adrien ki\u00e1ll\u00edt\u00e1sa &quot;F\u00e9nytestek&quot; c\u00edmmel. 7 csod\u00e1latos k\u00e9pet oszt meg vel\u00fcnk a fotogr\u00e1fus. 2011. okt\u00f3ber 12.-\u00e9n T\u00f6m\u00f6r Erzs\u00e9bet bevezet\u0151 szavaival megny\u00edlt K\u00f6\u0151 Adrien ki\u00e1ll\u00edt\u00e1sa &quot;F\u00e9nytestek&quot; c\u00edmmel.&nbsp;7 csod\u00e1latos k\u00e9pet oszt meg vel\u00fcnk a fotogr\u00e1fus. \u00a0 &nbsp;\" \/>\n<meta property=\"og:url\" content=\"https:\/\/photonet.hu\/online\/magazin\/esemenyek\/fenytestek-koo-adrien-fotokiallitasa\/\" \/>\n<meta property=\"og:site_name\" content=\"Photonet\" \/>\n<meta property=\"article:publisher\" content=\"https:\/\/www.facebook.com\/photonet.hu\" \/>\n<meta property=\"article:author\" content=\"https:\/\/www.facebook.com\/photonet.hu\" \/>\n<meta property=\"article:published_time\" content=\"2011-10-19T12:27:30+00:00\" \/>\n<meta property=\"article:modified_time\" content=\"2014-09-03T13:48:10+00:00\" \/>\n<meta name=\"author\" content=\"photonet\" \/>\n<meta name=\"twitter:card\" content=\"summary_large_image\" \/>\n<meta name=\"twitter:creator\" content=\"@https:\/\/x.com\/photonethu\" \/>\n<meta name=\"twitter:site\" content=\"@photonethu\" \/>\n<meta name=\"twitter:label1\" content=\"Szerz\u0151:\" \/>\n\t<meta name=\"twitter:data1\" content=\"photonet\" \/>\n\t<meta name=\"twitter:label2\" content=\"Becs\u00fclt olvas\u00e1si id\u0151\" \/>\n\t<meta name=\"twitter:data2\" content=\"1 perc\" \/>\n<script type=\"application\/ld+json\" class=\"yoast-schema-graph\">{\"@context\":\"https:\\\/\\\/schema.org\",\"@graph\":[{\"@type\":\"Article\",\"@id\":\"https:\\\/\\\/photonet.hu\\\/online\\\/magazin\\\/esemenyek\\\/fenytestek-koo-adrien-fotokiallitasa\\\/#article\",\"isPartOf\":{\"@id\":\"https:\\\/\\\/photonet.hu\\\/online\\\/magazin\\\/esemenyek\\\/fenytestek-koo-adrien-fotokiallitasa\\\/\"},\"author\":{\"name\":\"photonet\",\"@id\":\"\\\/#\\\/schema\\\/person\\\/b8065e4118b8cea4068716ccbdd92f94\"},\"headline\":\"F\u00e9nytestek &#8211; K\u00f6\u0151 Adrien fot\u00f3ki\u00e1ll\u00edt\u00e1sa\",\"datePublished\":\"2011-10-19T12:27:30+00:00\",\"dateModified\":\"2014-09-03T13:48:10+00:00\",\"mainEntityOfPage\":{\"@id\":\"https:\\\/\\\/photonet.hu\\\/online\\\/magazin\\\/esemenyek\\\/fenytestek-koo-adrien-fotokiallitasa\\\/\"},\"wordCount\":130,\"commentCount\":0,\"publisher\":{\"@id\":\"\\\/#organization\"},\"keywords\":[\"ki\u00e1ll\u00edt\u00e1s\"],\"articleSection\":[\"Esem\u00e9nyek\"],\"inLanguage\":\"hu\",\"potentialAction\":[{\"@type\":\"CommentAction\",\"name\":\"Comment\",\"target\":[\"https:\\\/\\\/photonet.hu\\\/online\\\/magazin\\\/esemenyek\\\/fenytestek-koo-adrien-fotokiallitasa\\\/#respond\"]}]},{\"@type\":\"WebPage\",\"@id\":\"https:\\\/\\\/photonet.hu\\\/online\\\/magazin\\\/esemenyek\\\/fenytestek-koo-adrien-fotokiallitasa\\\/\",\"url\":\"https:\\\/\\\/photonet.hu\\\/online\\\/magazin\\\/esemenyek\\\/fenytestek-koo-adrien-fotokiallitasa\\\/\",\"name\":\"F\u00e9nytestek - K\u00f6\u0151 Adrien fot\u00f3ki\u00e1ll\u00edt\u00e1sa - Photonet\",\"isPartOf\":{\"@id\":\"\\\/#website\"},\"datePublished\":\"2011-10-19T12:27:30+00:00\",\"dateModified\":\"2014-09-03T13:48:10+00:00\",\"breadcrumb\":{\"@id\":\"https:\\\/\\\/photonet.hu\\\/online\\\/magazin\\\/esemenyek\\\/fenytestek-koo-adrien-fotokiallitasa\\\/#breadcrumb\"},\"inLanguage\":\"hu\",\"potentialAction\":[{\"@type\":\"ReadAction\",\"target\":[\"https:\\\/\\\/photonet.hu\\\/online\\\/magazin\\\/esemenyek\\\/fenytestek-koo-adrien-fotokiallitasa\\\/\"]}]},{\"@type\":\"BreadcrumbList\",\"@id\":\"https:\\\/\\\/photonet.hu\\\/online\\\/magazin\\\/esemenyek\\\/fenytestek-koo-adrien-fotokiallitasa\\\/#breadcrumb\",\"itemListElement\":[{\"@type\":\"ListItem\",\"position\":1,\"name\":\"Kezd\u0151lap\",\"item\":\"https:\\\/\\\/photonet.hu\\\/online\\\/\"},{\"@type\":\"ListItem\",\"position\":2,\"name\":\"F\u00e9nytestek &#8211; K\u00f6\u0151 Adrien fot\u00f3ki\u00e1ll\u00edt\u00e1sa\"}]},{\"@type\":\"WebSite\",\"@id\":\"\\\/#website\",\"url\":\"\\\/\",\"name\":\"Photonet\",\"description\":\"Photonet - online fot\u00f3s magazin\",\"publisher\":{\"@id\":\"\\\/#organization\"},\"potentialAction\":[{\"@type\":\"SearchAction\",\"target\":{\"@type\":\"EntryPoint\",\"urlTemplate\":\"\\\/?s={search_term_string}\"},\"query-input\":{\"@type\":\"PropertyValueSpecification\",\"valueRequired\":true,\"valueName\":\"search_term_string\"}}],\"inLanguage\":\"hu\"},{\"@type\":\"Organization\",\"@id\":\"\\\/#organization\",\"name\":\"Photonet\",\"url\":\"\\\/\",\"logo\":{\"@type\":\"ImageObject\",\"inLanguage\":\"hu\",\"@id\":\"\\\/#\\\/schema\\\/logo\\\/image\\\/\",\"url\":\"https:\\\/\\\/photonet.hu\\\/online\\\/wp-content\\\/uploads\\\/2026\\\/02\\\/photonet_lens_shutter_512.png\",\"contentUrl\":\"https:\\\/\\\/photonet.hu\\\/online\\\/wp-content\\\/uploads\\\/2026\\\/02\\\/photonet_lens_shutter_512.png\",\"width\":512,\"height\":512,\"caption\":\"Photonet\"},\"image\":{\"@id\":\"\\\/#\\\/schema\\\/logo\\\/image\\\/\"},\"sameAs\":[\"https:\\\/\\\/www.facebook.com\\\/photonet.hu\",\"https:\\\/\\\/x.com\\\/photonethu\",\"https:\\\/\\\/www.pinterest.com\\\/acsienator\\\/photography\\\/\"]},{\"@type\":\"Person\",\"@id\":\"\\\/#\\\/schema\\\/person\\\/b8065e4118b8cea4068716ccbdd92f94\",\"name\":\"photonet\",\"image\":{\"@type\":\"ImageObject\",\"inLanguage\":\"hu\",\"@id\":\"https:\\\/\\\/secure.gravatar.com\\\/avatar\\\/7c91ab952e1e196e2bf6641a013b7b971ffa12946ddbf0f05fb85f62d3433ce2?s=96&d=mm&r=g\",\"url\":\"https:\\\/\\\/secure.gravatar.com\\\/avatar\\\/7c91ab952e1e196e2bf6641a013b7b971ffa12946ddbf0f05fb85f62d3433ce2?s=96&d=mm&r=g\",\"contentUrl\":\"https:\\\/\\\/secure.gravatar.com\\\/avatar\\\/7c91ab952e1e196e2bf6641a013b7b971ffa12946ddbf0f05fb85f62d3433ce2?s=96&d=mm&r=g\",\"caption\":\"photonet\"},\"description\":\"szerkeszt\u0151 - photonet, online fot\u00f3s magazin\",\"sameAs\":[\"http:\\\/\\\/photonet.hu\",\"https:\\\/\\\/www.facebook.com\\\/photonet.hu\",\"https:\\\/\\\/x.com\\\/https:\\\/\\\/x.com\\\/photonethu\"],\"url\":\"https:\\\/\\\/photonet.hu\\\/online\\\/author\\\/photonet\\\/\"}]}<\/script>\n<!-- \/ Yoast SEO plugin. -->","yoast_head_json":{"title":"F\u00e9nytestek - K\u00f6\u0151 Adrien fot\u00f3ki\u00e1ll\u00edt\u00e1sa - Photonet","robots":{"index":"index","follow":"follow","max-snippet":"max-snippet:-1","max-image-preview":"max-image-preview:large","max-video-preview":"max-video-preview:-1"},"canonical":"https:\/\/photonet.hu\/online\/magazin\/esemenyek\/fenytestek-koo-adrien-fotokiallitasa\/","og_locale":"hu_HU","og_type":"article","og_title":"F\u00e9nytestek - K\u00f6\u0151 Adrien fot\u00f3ki\u00e1ll\u00edt\u00e1sa - Photonet","og_description":"\u00a0 2011. okt\u00f3ber 12.-\u00e9n T\u00f6m\u00f6r Erzs\u00e9bet bevezet\u0151 szavaival megny\u00edlt K\u00f6\u0151 Adrien ki\u00e1ll\u00edt\u00e1sa \"F\u00e9nytestek\" c\u00edmmel. 7 csod\u00e1latos k\u00e9pet oszt meg vel\u00fcnk a fotogr\u00e1fus. 2011. okt\u00f3ber 12.-\u00e9n T\u00f6m\u00f6r Erzs\u00e9bet bevezet\u0151 szavaival megny\u00edlt K\u00f6\u0151 Adrien ki\u00e1ll\u00edt\u00e1sa \"F\u00e9nytestek\" c\u00edmmel.&nbsp;7 csod\u00e1latos k\u00e9pet oszt meg vel\u00fcnk a fotogr\u00e1fus. \u00a0 &nbsp;","og_url":"https:\/\/photonet.hu\/online\/magazin\/esemenyek\/fenytestek-koo-adrien-fotokiallitasa\/","og_site_name":"Photonet","article_publisher":"https:\/\/www.facebook.com\/photonet.hu","article_author":"https:\/\/www.facebook.com\/photonet.hu","article_published_time":"2011-10-19T12:27:30+00:00","article_modified_time":"2014-09-03T13:48:10+00:00","author":"photonet","twitter_card":"summary_large_image","twitter_creator":"@https:\/\/x.com\/photonethu","twitter_site":"@photonethu","twitter_misc":{"Szerz\u0151:":"photonet","Becs\u00fclt olvas\u00e1si id\u0151":"1 perc"},"schema":{"@context":"https:\/\/schema.org","@graph":[{"@type":"Article","@id":"https:\/\/photonet.hu\/online\/magazin\/esemenyek\/fenytestek-koo-adrien-fotokiallitasa\/#article","isPartOf":{"@id":"https:\/\/photonet.hu\/online\/magazin\/esemenyek\/fenytestek-koo-adrien-fotokiallitasa\/"},"author":{"name":"photonet","@id":"\/#\/schema\/person\/b8065e4118b8cea4068716ccbdd92f94"},"headline":"F\u00e9nytestek &#8211; K\u00f6\u0151 Adrien fot\u00f3ki\u00e1ll\u00edt\u00e1sa","datePublished":"2011-10-19T12:27:30+00:00","dateModified":"2014-09-03T13:48:10+00:00","mainEntityOfPage":{"@id":"https:\/\/photonet.hu\/online\/magazin\/esemenyek\/fenytestek-koo-adrien-fotokiallitasa\/"},"wordCount":130,"commentCount":0,"publisher":{"@id":"\/#organization"},"keywords":["ki\u00e1ll\u00edt\u00e1s"],"articleSection":["Esem\u00e9nyek"],"inLanguage":"hu","potentialAction":[{"@type":"CommentAction","name":"Comment","target":["https:\/\/photonet.hu\/online\/magazin\/esemenyek\/fenytestek-koo-adrien-fotokiallitasa\/#respond"]}]},{"@type":"WebPage","@id":"https:\/\/photonet.hu\/online\/magazin\/esemenyek\/fenytestek-koo-adrien-fotokiallitasa\/","url":"https:\/\/photonet.hu\/online\/magazin\/esemenyek\/fenytestek-koo-adrien-fotokiallitasa\/","name":"F\u00e9nytestek - K\u00f6\u0151 Adrien fot\u00f3ki\u00e1ll\u00edt\u00e1sa - Photonet","isPartOf":{"@id":"\/#website"},"datePublished":"2011-10-19T12:27:30+00:00","dateModified":"2014-09-03T13:48:10+00:00","breadcrumb":{"@id":"https:\/\/photonet.hu\/online\/magazin\/esemenyek\/fenytestek-koo-adrien-fotokiallitasa\/#breadcrumb"},"inLanguage":"hu","potentialAction":[{"@type":"ReadAction","target":["https:\/\/photonet.hu\/online\/magazin\/esemenyek\/fenytestek-koo-adrien-fotokiallitasa\/"]}]},{"@type":"BreadcrumbList","@id":"https:\/\/photonet.hu\/online\/magazin\/esemenyek\/fenytestek-koo-adrien-fotokiallitasa\/#breadcrumb","itemListElement":[{"@type":"ListItem","position":1,"name":"Kezd\u0151lap","item":"https:\/\/photonet.hu\/online\/"},{"@type":"ListItem","position":2,"name":"F\u00e9nytestek &#8211; K\u00f6\u0151 Adrien fot\u00f3ki\u00e1ll\u00edt\u00e1sa"}]},{"@type":"WebSite","@id":"\/#website","url":"\/","name":"Photonet","description":"Photonet - online fot\u00f3s magazin","publisher":{"@id":"\/#organization"},"potentialAction":[{"@type":"SearchAction","target":{"@type":"EntryPoint","urlTemplate":"\/?s={search_term_string}"},"query-input":{"@type":"PropertyValueSpecification","valueRequired":true,"valueName":"search_term_string"}}],"inLanguage":"hu"},{"@type":"Organization","@id":"\/#organization","name":"Photonet","url":"\/","logo":{"@type":"ImageObject","inLanguage":"hu","@id":"\/#\/schema\/logo\/image\/","url":"https:\/\/photonet.hu\/online\/wp-content\/uploads\/2026\/02\/photonet_lens_shutter_512.png","contentUrl":"https:\/\/photonet.hu\/online\/wp-content\/uploads\/2026\/02\/photonet_lens_shutter_512.png","width":512,"height":512,"caption":"Photonet"},"image":{"@id":"\/#\/schema\/logo\/image\/"},"sameAs":["https:\/\/www.facebook.com\/photonet.hu","https:\/\/x.com\/photonethu","https:\/\/www.pinterest.com\/acsienator\/photography\/"]},{"@type":"Person","@id":"\/#\/schema\/person\/b8065e4118b8cea4068716ccbdd92f94","name":"photonet","image":{"@type":"ImageObject","inLanguage":"hu","@id":"https:\/\/secure.gravatar.com\/avatar\/7c91ab952e1e196e2bf6641a013b7b971ffa12946ddbf0f05fb85f62d3433ce2?s=96&d=mm&r=g","url":"https:\/\/secure.gravatar.com\/avatar\/7c91ab952e1e196e2bf6641a013b7b971ffa12946ddbf0f05fb85f62d3433ce2?s=96&d=mm&r=g","contentUrl":"https:\/\/secure.gravatar.com\/avatar\/7c91ab952e1e196e2bf6641a013b7b971ffa12946ddbf0f05fb85f62d3433ce2?s=96&d=mm&r=g","caption":"photonet"},"description":"szerkeszt\u0151 - photonet, online fot\u00f3s magazin","sameAs":["http:\/\/photonet.hu","https:\/\/www.facebook.com\/photonet.hu","https:\/\/x.com\/https:\/\/x.com\/photonethu"],"url":"https:\/\/photonet.hu\/online\/author\/photonet\/"}]}},"_links":{"self":[{"href":"https:\/\/photonet.hu\/online\/wp-json\/wp\/v2\/posts\/329","targetHints":{"allow":["GET"]}}],"collection":[{"href":"https:\/\/photonet.hu\/online\/wp-json\/wp\/v2\/posts"}],"about":[{"href":"https:\/\/photonet.hu\/online\/wp-json\/wp\/v2\/types\/post"}],"author":[{"embeddable":true,"href":"https:\/\/photonet.hu\/online\/wp-json\/wp\/v2\/users\/1"}],"replies":[{"embeddable":true,"href":"https:\/\/photonet.hu\/online\/wp-json\/wp\/v2\/comments?post=329"}],"version-history":[{"count":0,"href":"https:\/\/photonet.hu\/online\/wp-json\/wp\/v2\/posts\/329\/revisions"}],"wp:attachment":[{"href":"https:\/\/photonet.hu\/online\/wp-json\/wp\/v2\/media?parent=329"}],"wp:term":[{"taxonomy":"category","embeddable":true,"href":"https:\/\/photonet.hu\/online\/wp-json\/wp\/v2\/categories?post=329"},{"taxonomy":"post_tag","embeddable":true,"href":"https:\/\/photonet.hu\/online\/wp-json\/wp\/v2\/tags?post=329"}],"curies":[{"name":"wp","href":"https:\/\/api.w.org\/{rel}","templated":true}]}}