{"id":327,"date":"2011-09-02T07:47:15","date_gmt":"2011-09-02T07:47:15","guid":{"rendered":"https:\/\/photonet.hu\/online\/life-in-photographs\/"},"modified":"2025-03-31T19:10:19","modified_gmt":"2025-03-31T17:10:19","slug":"life-in-photographs","status":"publish","type":"post","link":"https:\/\/photonet.hu\/online\/magazin\/konyvajanlo\/life-in-photographs\/","title":{"rendered":"Life in Photographs"},"content":{"rendered":"\n<h2 class=\"wp-block-heading\">K\u00f6nyvaj\u00e1nl\u00f3 Linda McCartney: Life in Photographs c\u00edm\u0171 album\u00e1hoz<\/h2>\n\n\n\n<p>Amikor 1968 m\u00e1jus 11-\u00e9n Eric Claptonr\u00f3l k\u00e9sz\u00fclt portr\u00e9ja megjelent a Rolling Stone magazin bor\u00edt\u00f3j\u00e1n bevonult a rekordok k\u00f6nyv\u00e9be is, mint az els\u0151 n\u0151i fot\u00f3s, akinek ez siker\u00fclt.<\/p>\n\n\n\n<p>Az 1960-as \u00e9vek v\u00e9g\u00e9n a zenei vil\u00e1g vezet\u0151 fot\u00f3sak\u00e9nt a rock olyan fontos szerepl\u0151it kapta lencsev\u00e9gre, mint Aretha Franklin, Jimi Hendrix, Bob Dylan, Janis Joplin, Simon &amp; Garfunkel, The Who, The Doors, \u00e9s the Grateful Dead.<\/p>\n\n\n\n<p>1967-ben Linda Londonba utazott, hogy a &#8222;Swinging Sixties&#8221;t dokument\u00e1lja, ahol tal\u00e1lkozott Paul McCartney-val a Bag &#8216;o Nails Clubban \u00e9s azut\u00e1n is fot\u00f3zta a Beatlest, a Sgt. Pepper&#8217;s Lonely Hearts Club Band album\u00e1nak vacsor\u00e1j\u00e1n.<\/p>\n\n\n\n<p>Paul \u00e9s Linda egym\u00e1sba szerettek \u00e9s 1969 m\u00e1rcius 12-\u00e9n \u00f6sszeh\u00e1zasodtak. Az azt k\u00f6vet\u0151 h\u00e1rom \u00e9vtizedben, korai hal\u00e1l\u00e1ig, \u00e9let\u00e9t csal\u00e1dj\u00e1nak, a veget\u00e1ri\u00e1nuss\u00e1gnak, az \u00e1llatok jogainak \u00e9s a fot\u00f3z\u00e1snak szentelte.<\/p>\n\n\n\n<ul class=\"wp-block-list\">\n<li><em>A k\u00f6nyv m\u00e1r nem rendelhet\u0151. N\u00e9ha felbukkan antikv\u00e1riumban, de hamar el is t\u0171nik. Tov\u00e1bbi fot\u00f3s k\u00f6nyvek a <a href=\"http:\/\/www.libri.hu\/konyv\/linda-mccartney-life-in-photographs.html?p_id=4350\" target=\"_blank\">Libri online k\u00f6nyv\u00e1ruh\u00e1zban<\/a><\/em><\/li>\n<\/ul>\n","protected":false},"excerpt":{"rendered":"<p style=\"text-align: justify;\">1966-ban, amikor Linda Eastman a &#8222;Town and Country&#8221; magazin recepci\u00f3sa volt, szert tett egy sajt\u00f3 bel\u00e9p\u0151re, mely a Rolling Stones egy\u00fcttes exkl\u00faz\u00edv bemutat\u00f3j\u00e1ra sz\u00f3lt, egy yacht fed\u00e9lzet\u00e9re, a Hudson foly\u00f3n. \u00dajszer\u0171, leplezetlen fot\u00f3i a band\u00e1r\u00f3l sokkal jobban siker\u00fcltek, mint az egy\u00fcttes hivatalos fot\u00f3s\u00e1nak visszafogott k\u00e9pei \u00e9s ez azonnal el is ind\u00edtotta a karrierj\u00e9t, mint egy befutott rock&#8217;n&#8217;roll fot\u00f3s.<\/p>\n<p style=\"text-align: center;\">&nbsp;<img decoding=\"async\" src=\"images\/stories\/Cikkek\/2011\/09\/life_in_photographs.jpg\" alt=\"Photonet k\u00f6nyvaj\u00e1nl\u00f3\" title=\"Linda McCartney, Life in Photographs\" \/><\/p>\n","protected":false},"author":1,"featured_media":1616,"comment_status":"open","ping_status":"open","sticky":false,"template":"","format":"standard","meta":{"footnotes":""},"categories":[104],"tags":[],"class_list":{"0":"post-327","1":"post","2":"type-post","3":"status-publish","4":"format-standard","5":"has-post-thumbnail","7":"category-konyvajanlo"},"yoast_head":"<!-- This site is optimized with the Yoast SEO plugin v27.4 - https:\/\/yoast.com\/product\/yoast-seo-wordpress\/ -->\n<title>Life in Photographs - Photonet<\/title>\n<meta name=\"robots\" content=\"index, follow, max-snippet:-1, max-image-preview:large, max-video-preview:-1\" \/>\n<link rel=\"canonical\" href=\"https:\/\/photonet.hu\/online\/magazin\/konyvajanlo\/life-in-photographs\/\" \/>\n<meta property=\"og:locale\" content=\"hu_HU\" \/>\n<meta property=\"og:type\" content=\"article\" \/>\n<meta property=\"og:title\" content=\"Life in Photographs - Photonet\" \/>\n<meta property=\"og:description\" content=\"1966-ban, amikor Linda Eastman a &quot;Town and Country&quot; magazin recepci\u00f3sa volt, szert tett egy sajt\u00f3 bel\u00e9p\u0151re, mely a Rolling Stones egy\u00fcttes exkl\u00faz\u00edv bemutat\u00f3j\u00e1ra sz\u00f3lt, egy yacht fed\u00e9lzet\u00e9re, a Hudson foly\u00f3n. \u00dajszer\u0171, leplezetlen fot\u00f3i a band\u00e1r\u00f3l sokkal jobban siker\u00fcltek, mint az egy\u00fcttes hivatalos fot\u00f3s\u00e1nak visszafogott k\u00e9pei \u00e9s ez azonnal el is ind\u00edtotta a karrierj\u00e9t, mint egy befutott rock&#039;n&#039;roll fot\u00f3s. &nbsp;\" \/>\n<meta property=\"og:url\" content=\"https:\/\/photonet.hu\/online\/magazin\/konyvajanlo\/life-in-photographs\/\" \/>\n<meta property=\"og:site_name\" content=\"Photonet\" \/>\n<meta property=\"article:publisher\" content=\"https:\/\/www.facebook.com\/photonet.hu\" \/>\n<meta property=\"article:author\" content=\"https:\/\/www.facebook.com\/photonet.hu\" \/>\n<meta property=\"article:published_time\" content=\"2011-09-02T07:47:15+00:00\" \/>\n<meta property=\"article:modified_time\" content=\"2025-03-31T17:10:19+00:00\" \/>\n<meta property=\"og:image\" content=\"https:\/\/photonet.hu\/online\/wp-content\/uploads\/2011\/09\/linda_mmcartney_life_in_photographs_konyvajanlo.jpg\" \/>\n\t<meta property=\"og:image:width\" content=\"825\" \/>\n\t<meta property=\"og:image:height\" content=\"550\" \/>\n\t<meta property=\"og:image:type\" content=\"image\/jpeg\" \/>\n<meta name=\"author\" content=\"photonet\" \/>\n<meta name=\"twitter:card\" content=\"summary_large_image\" \/>\n<meta name=\"twitter:creator\" content=\"@https:\/\/x.com\/photonethu\" \/>\n<meta name=\"twitter:site\" content=\"@photonethu\" \/>\n<meta name=\"twitter:label1\" content=\"Szerz\u0151:\" \/>\n\t<meta name=\"twitter:data1\" content=\"photonet\" \/>\n\t<meta name=\"twitter:label2\" content=\"Becs\u00fclt olvas\u00e1si id\u0151\" \/>\n\t<meta name=\"twitter:data2\" content=\"1 perc\" \/>\n<script type=\"application\/ld+json\" class=\"yoast-schema-graph\">{\"@context\":\"https:\\\/\\\/schema.org\",\"@graph\":[{\"@type\":\"Article\",\"@id\":\"https:\\\/\\\/photonet.hu\\\/online\\\/magazin\\\/konyvajanlo\\\/life-in-photographs\\\/#article\",\"isPartOf\":{\"@id\":\"https:\\\/\\\/photonet.hu\\\/online\\\/magazin\\\/konyvajanlo\\\/life-in-photographs\\\/\"},\"author\":{\"name\":\"photonet\",\"@id\":\"\\\/#\\\/schema\\\/person\\\/b8065e4118b8cea4068716ccbdd92f94\"},\"headline\":\"Life in Photographs\",\"datePublished\":\"2011-09-02T07:47:15+00:00\",\"dateModified\":\"2025-03-31T17:10:19+00:00\",\"mainEntityOfPage\":{\"@id\":\"https:\\\/\\\/photonet.hu\\\/online\\\/magazin\\\/konyvajanlo\\\/life-in-photographs\\\/\"},\"wordCount\":214,\"commentCount\":0,\"publisher\":{\"@id\":\"\\\/#organization\"},\"image\":{\"@id\":\"https:\\\/\\\/photonet.hu\\\/online\\\/magazin\\\/konyvajanlo\\\/life-in-photographs\\\/#primaryimage\"},\"thumbnailUrl\":\"https:\\\/\\\/photonet.hu\\\/online\\\/wp-content\\\/uploads\\\/2011\\\/09\\\/linda_mmcartney_life_in_photographs_konyvajanlo.jpg\",\"articleSection\":[\"K\u00f6nyvaj\u00e1nl\u00f3\"],\"inLanguage\":\"hu\",\"potentialAction\":[{\"@type\":\"CommentAction\",\"name\":\"Comment\",\"target\":[\"https:\\\/\\\/photonet.hu\\\/online\\\/magazin\\\/konyvajanlo\\\/life-in-photographs\\\/#respond\"]}]},{\"@type\":\"WebPage\",\"@id\":\"https:\\\/\\\/photonet.hu\\\/online\\\/magazin\\\/konyvajanlo\\\/life-in-photographs\\\/\",\"url\":\"https:\\\/\\\/photonet.hu\\\/online\\\/magazin\\\/konyvajanlo\\\/life-in-photographs\\\/\",\"name\":\"Life in Photographs - Photonet\",\"isPartOf\":{\"@id\":\"\\\/#website\"},\"primaryImageOfPage\":{\"@id\":\"https:\\\/\\\/photonet.hu\\\/online\\\/magazin\\\/konyvajanlo\\\/life-in-photographs\\\/#primaryimage\"},\"image\":{\"@id\":\"https:\\\/\\\/photonet.hu\\\/online\\\/magazin\\\/konyvajanlo\\\/life-in-photographs\\\/#primaryimage\"},\"thumbnailUrl\":\"https:\\\/\\\/photonet.hu\\\/online\\\/wp-content\\\/uploads\\\/2011\\\/09\\\/linda_mmcartney_life_in_photographs_konyvajanlo.jpg\",\"datePublished\":\"2011-09-02T07:47:15+00:00\",\"dateModified\":\"2025-03-31T17:10:19+00:00\",\"breadcrumb\":{\"@id\":\"https:\\\/\\\/photonet.hu\\\/online\\\/magazin\\\/konyvajanlo\\\/life-in-photographs\\\/#breadcrumb\"},\"inLanguage\":\"hu\",\"potentialAction\":[{\"@type\":\"ReadAction\",\"target\":[\"https:\\\/\\\/photonet.hu\\\/online\\\/magazin\\\/konyvajanlo\\\/life-in-photographs\\\/\"]}]},{\"@type\":\"ImageObject\",\"inLanguage\":\"hu\",\"@id\":\"https:\\\/\\\/photonet.hu\\\/online\\\/magazin\\\/konyvajanlo\\\/life-in-photographs\\\/#primaryimage\",\"url\":\"https:\\\/\\\/photonet.hu\\\/online\\\/wp-content\\\/uploads\\\/2011\\\/09\\\/linda_mmcartney_life_in_photographs_konyvajanlo.jpg\",\"contentUrl\":\"https:\\\/\\\/photonet.hu\\\/online\\\/wp-content\\\/uploads\\\/2011\\\/09\\\/linda_mmcartney_life_in_photographs_konyvajanlo.jpg\",\"width\":825,\"height\":550,\"caption\":\"Linda McCartney: Life in Photographs album\"},{\"@type\":\"BreadcrumbList\",\"@id\":\"https:\\\/\\\/photonet.hu\\\/online\\\/magazin\\\/konyvajanlo\\\/life-in-photographs\\\/#breadcrumb\",\"itemListElement\":[{\"@type\":\"ListItem\",\"position\":1,\"name\":\"Kezd\u0151lap\",\"item\":\"https:\\\/\\\/photonet.hu\\\/online\\\/\"},{\"@type\":\"ListItem\",\"position\":2,\"name\":\"Life in Photographs\"}]},{\"@type\":\"WebSite\",\"@id\":\"\\\/#website\",\"url\":\"\\\/\",\"name\":\"Photonet\",\"description\":\"Photonet - online fot\u00f3s magazin\",\"publisher\":{\"@id\":\"\\\/#organization\"},\"potentialAction\":[{\"@type\":\"SearchAction\",\"target\":{\"@type\":\"EntryPoint\",\"urlTemplate\":\"\\\/?s={search_term_string}\"},\"query-input\":{\"@type\":\"PropertyValueSpecification\",\"valueRequired\":true,\"valueName\":\"search_term_string\"}}],\"inLanguage\":\"hu\"},{\"@type\":\"Organization\",\"@id\":\"\\\/#organization\",\"name\":\"Photonet\",\"url\":\"\\\/\",\"logo\":{\"@type\":\"ImageObject\",\"inLanguage\":\"hu\",\"@id\":\"\\\/#\\\/schema\\\/logo\\\/image\\\/\",\"url\":\"https:\\\/\\\/photonet.hu\\\/online\\\/wp-content\\\/uploads\\\/2026\\\/02\\\/photonet_lens_shutter_512.png\",\"contentUrl\":\"https:\\\/\\\/photonet.hu\\\/online\\\/wp-content\\\/uploads\\\/2026\\\/02\\\/photonet_lens_shutter_512.png\",\"width\":512,\"height\":512,\"caption\":\"Photonet\"},\"image\":{\"@id\":\"\\\/#\\\/schema\\\/logo\\\/image\\\/\"},\"sameAs\":[\"https:\\\/\\\/www.facebook.com\\\/photonet.hu\",\"https:\\\/\\\/x.com\\\/photonethu\",\"https:\\\/\\\/www.pinterest.com\\\/acsienator\\\/photography\\\/\"]},{\"@type\":\"Person\",\"@id\":\"\\\/#\\\/schema\\\/person\\\/b8065e4118b8cea4068716ccbdd92f94\",\"name\":\"photonet\",\"image\":{\"@type\":\"ImageObject\",\"inLanguage\":\"hu\",\"@id\":\"https:\\\/\\\/secure.gravatar.com\\\/avatar\\\/7c91ab952e1e196e2bf6641a013b7b971ffa12946ddbf0f05fb85f62d3433ce2?s=96&d=mm&r=g\",\"url\":\"https:\\\/\\\/secure.gravatar.com\\\/avatar\\\/7c91ab952e1e196e2bf6641a013b7b971ffa12946ddbf0f05fb85f62d3433ce2?s=96&d=mm&r=g\",\"contentUrl\":\"https:\\\/\\\/secure.gravatar.com\\\/avatar\\\/7c91ab952e1e196e2bf6641a013b7b971ffa12946ddbf0f05fb85f62d3433ce2?s=96&d=mm&r=g\",\"caption\":\"photonet\"},\"description\":\"szerkeszt\u0151 - photonet, online fot\u00f3s magazin\",\"sameAs\":[\"http:\\\/\\\/photonet.hu\",\"https:\\\/\\\/www.facebook.com\\\/photonet.hu\",\"https:\\\/\\\/x.com\\\/https:\\\/\\\/x.com\\\/photonethu\"],\"url\":\"https:\\\/\\\/photonet.hu\\\/online\\\/author\\\/photonet\\\/\"}]}<\/script>\n<!-- \/ Yoast SEO plugin. -->","yoast_head_json":{"title":"Life in Photographs - Photonet","robots":{"index":"index","follow":"follow","max-snippet":"max-snippet:-1","max-image-preview":"max-image-preview:large","max-video-preview":"max-video-preview:-1"},"canonical":"https:\/\/photonet.hu\/online\/magazin\/konyvajanlo\/life-in-photographs\/","og_locale":"hu_HU","og_type":"article","og_title":"Life in Photographs - Photonet","og_description":"1966-ban, amikor Linda Eastman a \"Town and Country\" magazin recepci\u00f3sa volt, szert tett egy sajt\u00f3 bel\u00e9p\u0151re, mely a Rolling Stones egy\u00fcttes exkl\u00faz\u00edv bemutat\u00f3j\u00e1ra sz\u00f3lt, egy yacht fed\u00e9lzet\u00e9re, a Hudson foly\u00f3n. \u00dajszer\u0171, leplezetlen fot\u00f3i a band\u00e1r\u00f3l sokkal jobban siker\u00fcltek, mint az egy\u00fcttes hivatalos fot\u00f3s\u00e1nak visszafogott k\u00e9pei \u00e9s ez azonnal el is ind\u00edtotta a karrierj\u00e9t, mint egy befutott rock'n'roll fot\u00f3s. &nbsp;","og_url":"https:\/\/photonet.hu\/online\/magazin\/konyvajanlo\/life-in-photographs\/","og_site_name":"Photonet","article_publisher":"https:\/\/www.facebook.com\/photonet.hu","article_author":"https:\/\/www.facebook.com\/photonet.hu","article_published_time":"2011-09-02T07:47:15+00:00","article_modified_time":"2025-03-31T17:10:19+00:00","og_image":[{"width":825,"height":550,"url":"https:\/\/photonet.hu\/online\/wp-content\/uploads\/2011\/09\/linda_mmcartney_life_in_photographs_konyvajanlo.jpg","type":"image\/jpeg"}],"author":"photonet","twitter_card":"summary_large_image","twitter_creator":"@https:\/\/x.com\/photonethu","twitter_site":"@photonethu","twitter_misc":{"Szerz\u0151:":"photonet","Becs\u00fclt olvas\u00e1si id\u0151":"1 perc"},"schema":{"@context":"https:\/\/schema.org","@graph":[{"@type":"Article","@id":"https:\/\/photonet.hu\/online\/magazin\/konyvajanlo\/life-in-photographs\/#article","isPartOf":{"@id":"https:\/\/photonet.hu\/online\/magazin\/konyvajanlo\/life-in-photographs\/"},"author":{"name":"photonet","@id":"\/#\/schema\/person\/b8065e4118b8cea4068716ccbdd92f94"},"headline":"Life in Photographs","datePublished":"2011-09-02T07:47:15+00:00","dateModified":"2025-03-31T17:10:19+00:00","mainEntityOfPage":{"@id":"https:\/\/photonet.hu\/online\/magazin\/konyvajanlo\/life-in-photographs\/"},"wordCount":214,"commentCount":0,"publisher":{"@id":"\/#organization"},"image":{"@id":"https:\/\/photonet.hu\/online\/magazin\/konyvajanlo\/life-in-photographs\/#primaryimage"},"thumbnailUrl":"https:\/\/photonet.hu\/online\/wp-content\/uploads\/2011\/09\/linda_mmcartney_life_in_photographs_konyvajanlo.jpg","articleSection":["K\u00f6nyvaj\u00e1nl\u00f3"],"inLanguage":"hu","potentialAction":[{"@type":"CommentAction","name":"Comment","target":["https:\/\/photonet.hu\/online\/magazin\/konyvajanlo\/life-in-photographs\/#respond"]}]},{"@type":"WebPage","@id":"https:\/\/photonet.hu\/online\/magazin\/konyvajanlo\/life-in-photographs\/","url":"https:\/\/photonet.hu\/online\/magazin\/konyvajanlo\/life-in-photographs\/","name":"Life in Photographs - Photonet","isPartOf":{"@id":"\/#website"},"primaryImageOfPage":{"@id":"https:\/\/photonet.hu\/online\/magazin\/konyvajanlo\/life-in-photographs\/#primaryimage"},"image":{"@id":"https:\/\/photonet.hu\/online\/magazin\/konyvajanlo\/life-in-photographs\/#primaryimage"},"thumbnailUrl":"https:\/\/photonet.hu\/online\/wp-content\/uploads\/2011\/09\/linda_mmcartney_life_in_photographs_konyvajanlo.jpg","datePublished":"2011-09-02T07:47:15+00:00","dateModified":"2025-03-31T17:10:19+00:00","breadcrumb":{"@id":"https:\/\/photonet.hu\/online\/magazin\/konyvajanlo\/life-in-photographs\/#breadcrumb"},"inLanguage":"hu","potentialAction":[{"@type":"ReadAction","target":["https:\/\/photonet.hu\/online\/magazin\/konyvajanlo\/life-in-photographs\/"]}]},{"@type":"ImageObject","inLanguage":"hu","@id":"https:\/\/photonet.hu\/online\/magazin\/konyvajanlo\/life-in-photographs\/#primaryimage","url":"https:\/\/photonet.hu\/online\/wp-content\/uploads\/2011\/09\/linda_mmcartney_life_in_photographs_konyvajanlo.jpg","contentUrl":"https:\/\/photonet.hu\/online\/wp-content\/uploads\/2011\/09\/linda_mmcartney_life_in_photographs_konyvajanlo.jpg","width":825,"height":550,"caption":"Linda McCartney: Life in Photographs album"},{"@type":"BreadcrumbList","@id":"https:\/\/photonet.hu\/online\/magazin\/konyvajanlo\/life-in-photographs\/#breadcrumb","itemListElement":[{"@type":"ListItem","position":1,"name":"Kezd\u0151lap","item":"https:\/\/photonet.hu\/online\/"},{"@type":"ListItem","position":2,"name":"Life in Photographs"}]},{"@type":"WebSite","@id":"\/#website","url":"\/","name":"Photonet","description":"Photonet - online fot\u00f3s magazin","publisher":{"@id":"\/#organization"},"potentialAction":[{"@type":"SearchAction","target":{"@type":"EntryPoint","urlTemplate":"\/?s={search_term_string}"},"query-input":{"@type":"PropertyValueSpecification","valueRequired":true,"valueName":"search_term_string"}}],"inLanguage":"hu"},{"@type":"Organization","@id":"\/#organization","name":"Photonet","url":"\/","logo":{"@type":"ImageObject","inLanguage":"hu","@id":"\/#\/schema\/logo\/image\/","url":"https:\/\/photonet.hu\/online\/wp-content\/uploads\/2026\/02\/photonet_lens_shutter_512.png","contentUrl":"https:\/\/photonet.hu\/online\/wp-content\/uploads\/2026\/02\/photonet_lens_shutter_512.png","width":512,"height":512,"caption":"Photonet"},"image":{"@id":"\/#\/schema\/logo\/image\/"},"sameAs":["https:\/\/www.facebook.com\/photonet.hu","https:\/\/x.com\/photonethu","https:\/\/www.pinterest.com\/acsienator\/photography\/"]},{"@type":"Person","@id":"\/#\/schema\/person\/b8065e4118b8cea4068716ccbdd92f94","name":"photonet","image":{"@type":"ImageObject","inLanguage":"hu","@id":"https:\/\/secure.gravatar.com\/avatar\/7c91ab952e1e196e2bf6641a013b7b971ffa12946ddbf0f05fb85f62d3433ce2?s=96&d=mm&r=g","url":"https:\/\/secure.gravatar.com\/avatar\/7c91ab952e1e196e2bf6641a013b7b971ffa12946ddbf0f05fb85f62d3433ce2?s=96&d=mm&r=g","contentUrl":"https:\/\/secure.gravatar.com\/avatar\/7c91ab952e1e196e2bf6641a013b7b971ffa12946ddbf0f05fb85f62d3433ce2?s=96&d=mm&r=g","caption":"photonet"},"description":"szerkeszt\u0151 - photonet, online fot\u00f3s magazin","sameAs":["http:\/\/photonet.hu","https:\/\/www.facebook.com\/photonet.hu","https:\/\/x.com\/https:\/\/x.com\/photonethu"],"url":"https:\/\/photonet.hu\/online\/author\/photonet\/"}]}},"_links":{"self":[{"href":"https:\/\/photonet.hu\/online\/wp-json\/wp\/v2\/posts\/327","targetHints":{"allow":["GET"]}}],"collection":[{"href":"https:\/\/photonet.hu\/online\/wp-json\/wp\/v2\/posts"}],"about":[{"href":"https:\/\/photonet.hu\/online\/wp-json\/wp\/v2\/types\/post"}],"author":[{"embeddable":true,"href":"https:\/\/photonet.hu\/online\/wp-json\/wp\/v2\/users\/1"}],"replies":[{"embeddable":true,"href":"https:\/\/photonet.hu\/online\/wp-json\/wp\/v2\/comments?post=327"}],"version-history":[{"count":0,"href":"https:\/\/photonet.hu\/online\/wp-json\/wp\/v2\/posts\/327\/revisions"}],"wp:featuredmedia":[{"embeddable":true,"href":"https:\/\/photonet.hu\/online\/wp-json\/wp\/v2\/media\/1616"}],"wp:attachment":[{"href":"https:\/\/photonet.hu\/online\/wp-json\/wp\/v2\/media?parent=327"}],"wp:term":[{"taxonomy":"category","embeddable":true,"href":"https:\/\/photonet.hu\/online\/wp-json\/wp\/v2\/categories?post=327"},{"taxonomy":"post_tag","embeddable":true,"href":"https:\/\/photonet.hu\/online\/wp-json\/wp\/v2\/tags?post=327"}],"curies":[{"name":"wp","href":"https:\/\/api.w.org\/{rel}","templated":true}]}}