{"id":323,"date":"2011-09-19T14:14:11","date_gmt":"2011-09-19T14:14:11","guid":{"rendered":"https:\/\/photonet.hu\/online\/elindult-az-ev-egyik-legnagyobb-fotopalyazata\/"},"modified":"2011-09-19T14:14:11","modified_gmt":"2011-09-19T14:14:11","slug":"elindult-az-ev-egyik-legnagyobb-fotopalyazata","status":"publish","type":"post","link":"https:\/\/photonet.hu\/online\/magazin\/fotopalyazatok\/elindult-az-ev-egyik-legnagyobb-fotopalyazata\/","title":{"rendered":"Elindult az \u00e9v egyik legnagyobb fot\u00f3p\u00e1ly\u00e1zata"},"content":{"rendered":"\n<div style=\"border-top: 1px solid #cccccc; border-bottom: 1px solid #cccccc; clear: both; padding-top: 5px; padding-bottom: 5px;\">{module 34}<\/div>\n<p style=\"text-align: justify;\">\u00a0<\/p>\n<div style=\"position: absolute; left: -10000px; top: 0px; width: 1px; height: 1px; overflow-x: hidden; overflow-y: hidden;\" id=\"_mcePaste\">A p\u00e1ly\u00e1zatra amat\u0151r \u00e9s hobbifot\u00f3sok jelentkez\u00e9s\u00e9t v\u00e1rjuk. A k\u00e9pek bek\u00fcld\u00e9si hat\u00e1rideje: november 14. 12 \u00f3ra, szavazni pedig november 21-ig, 12 \u00f3r\u00e1ig lehet.<\/div>\n<div style=\"position: absolute; left: -10000px; top: 0px; width: 1px; height: 1px; overflow-x: hidden; overflow-y: hidden;\" id=\"_mcePaste\"><\/div>\n<div style=\"position: absolute; left: -10000px; top: 0px; width: 1px; height: 1px; overflow-x: hidden; overflow-y: hidden;\" id=\"_mcePaste\">A p\u00e1ly\u00e1zati munk\u00e1k a www.facebook.com\/explorerworld oldalon tekinthet\u0151k meg, \u00e9s itt lehet a fot\u00f3kra szavazni is. B\u00e1rki szavazhat! A legt\u00f6bb szavazatot kapott k\u00e9p k\u00e9sz\u00edt\u0151j\u00e9nek d\u00edja egy Nikon D90-es f\u00e9nyk\u00e9pez\u0151g\u00e9p 18-105 utaz\u00f3 zoom objekt\u00edvvel, a szavaz\u00f3k pedig egy iPad 2-t sorsolunk ki.<\/div>\n<div style=\"position: absolute; left: -10000px; top: 0px; width: 1px; height: 1px; overflow-x: hidden; overflow-y: hidden;\" id=\"_mcePaste\"><\/div>\n<div style=\"position: absolute; left: -10000px; top: 0px; width: 1px; height: 1px; overflow-x: hidden; overflow-y: hidden;\" id=\"_mcePaste\">A The Explorer magazin szakmai k\u00fcl\u00f6nd\u00edjat is hirdet: a Juh\u00e1sz Bal\u00e1zs, N\u00e9meth P\u00e9ter \u00e9s Radisics Mil\u00e1n alkotta zs\u0171ri \u00e1ltal legjobbnak \u00edt\u00e9lt k\u00e9pek szakmai \u00e9rt\u00e9kel\u00e9st, valamint bemutatkoz\u00e1si lehet\u0151s\u00e9get kapnak a The Explorer magazin 2011. december-janu\u00e1ri sz\u00e1m\u00e1ban.<\/div>\n<div style=\"position: absolute; left: -10000px; top: 0px; width: 1px; height: 1px; overflow-x: hidden; overflow-y: hidden;\" id=\"_mcePaste\"><\/div>\n<div style=\"position: absolute; left: -10000px; top: 0px; width: 1px; height: 1px; overflow-x: hidden; overflow-y: hidden;\" id=\"_mcePaste\">A p\u00e1ly\u00e1zat r\u00e9szletes ki\u00edr\u00e1sa a www.facebook.com\/explorerworld oldalon olvashat\u00f3.<\/div>\n<p>A p\u00e1ly\u00e1zatra amat\u0151r \u00e9s hobbifot\u00f3sok jelentkez\u00e9s\u00e9t v\u00e1rjuk. A k\u00e9pek bek\u00fcld\u00e9si hat\u00e1rideje: november 14. 12 \u00f3ra, szavazni pedig november 21-ig, 12 \u00f3r\u00e1ig lehet.&nbsp;<\/p>\n<p>A p\u00e1ly\u00e1zati munk\u00e1k a <a target=\"_blank\" href=\"http:\/\/www.facebook.com\/explorerworld\">www.facebook.com\/explorerworld<\/a> oldalon tekinthet\u0151k meg, \u00e9s itt lehet a fot\u00f3kra szavazni is. B\u00e1rki szavazhat! A legt\u00f6bb szavazatot kapott k\u00e9p k\u00e9sz\u00edt\u0151j\u00e9nek d\u00edja egy Nikon D90-es f\u00e9nyk\u00e9pez\u0151g\u00e9p 18-105 utaz\u00f3 zoom objekt\u00edvvel, a szavaz\u00f3k pedig egy iPad 2-t sorsolunk ki.<\/p>\n<p>A The Explorer magazin szakmai k\u00fcl\u00f6nd\u00edjat is hirdet: a Juh\u00e1sz Bal\u00e1zs, N\u00e9meth P\u00e9ter \u00e9s Radisics Mil\u00e1n alkotta zs\u0171ri \u00e1ltal legjobbnak \u00edt\u00e9lt k\u00e9pek szakmai \u00e9rt\u00e9kel\u00e9st, valamint bemutatkoz\u00e1si lehet\u0151s\u00e9get kapnak a The Explorer magazin 2011. december-janu\u00e1ri sz\u00e1m\u00e1ban.<\/p>\n<p>A p\u00e1ly\u00e1zat r\u00e9szletes ki\u00edr\u00e1sa a <a target=\"_blank\" href=\"http:\/\/www.facebook.com\/explorerworld\">www.facebook.com\/explorerworld<\/a> oldalon olvashat\u00f3.<\/p>\n<p>\u00a0<\/p>\n<p>{{share}}<\/p>\n<p>{module 34}<\/p>\n","protected":false},"excerpt":{"rendered":"<p style=\"text-align: justify;\">A The Explorer magazin strat\u00e9giai partner\u00e9vel, a Nikon-nal k\u00f6z\u00f6s fot\u00f3p\u00e1ly\u00e1zatot hirdet a The Explorer Facebook k\u00f6z\u00f6ss\u00e9gi oldal\u00e1n. A p\u00e1ly\u00e1zat t\u00e9mak\u00f6re: a soksz\u00edn\u0171 kult\u00fara. Olyan fot\u00f3kat v\u00e1runk, melyek megragadj\u00e1k a klasszikus \u00e9rt\u00e9keket \u0151rz\u0151, r\u00e9gi hagyom\u00e1nyokb\u00f3l \u00e9p\u00edtkez\u0151 kult\u00far\u00e1k l\u00e9nyeg\u00e9t.<\/p>\n<p style=\"text-align: center;\">&nbsp;<img decoding=\"async\" src=\"images\/stories\/Cikkek\/2011\/09\/explorer_nikon_fotopalyazat.jpg\" alt=\"Elindult az \u00e9v egyik legnagyobb fot\u00f3p\u00e1ly\u00e1zata\" title=\"the explorer tehets\u00e9gvad\u00e1szat 2011\" \/><\/p>\n","protected":false},"author":1,"featured_media":0,"comment_status":"open","ping_status":"open","sticky":false,"template":"","format":"standard","meta":{"footnotes":""},"categories":[102],"tags":[],"class_list":{"0":"post-323","1":"post","2":"type-post","3":"status-publish","4":"format-standard","6":"category-fotopalyazatok"},"yoast_head":"<!-- This site is optimized with the Yoast SEO plugin v27.4 - https:\/\/yoast.com\/product\/yoast-seo-wordpress\/ -->\n<title>Elindult az \u00e9v egyik legnagyobb fot\u00f3p\u00e1ly\u00e1zata - Photonet<\/title>\n<meta name=\"robots\" content=\"index, follow, max-snippet:-1, max-image-preview:large, max-video-preview:-1\" \/>\n<link rel=\"canonical\" href=\"https:\/\/photonet.hu\/online\/magazin\/fotopalyazatok\/elindult-az-ev-egyik-legnagyobb-fotopalyazata\/\" \/>\n<meta property=\"og:locale\" content=\"hu_HU\" \/>\n<meta property=\"og:type\" content=\"article\" \/>\n<meta property=\"og:title\" content=\"Elindult az \u00e9v egyik legnagyobb fot\u00f3p\u00e1ly\u00e1zata - Photonet\" \/>\n<meta property=\"og:description\" content=\"A The Explorer magazin strat\u00e9giai partner\u00e9vel, a Nikon-nal k\u00f6z\u00f6s fot\u00f3p\u00e1ly\u00e1zatot hirdet a The Explorer Facebook k\u00f6z\u00f6ss\u00e9gi oldal\u00e1n. A p\u00e1ly\u00e1zat t\u00e9mak\u00f6re: a soksz\u00edn\u0171 kult\u00fara. Olyan fot\u00f3kat v\u00e1runk, melyek megragadj\u00e1k a klasszikus \u00e9rt\u00e9keket \u0151rz\u0151, r\u00e9gi hagyom\u00e1nyokb\u00f3l \u00e9p\u00edtkez\u0151 kult\u00far\u00e1k l\u00e9nyeg\u00e9t. &nbsp;\" \/>\n<meta property=\"og:url\" content=\"https:\/\/photonet.hu\/online\/magazin\/fotopalyazatok\/elindult-az-ev-egyik-legnagyobb-fotopalyazata\/\" \/>\n<meta property=\"og:site_name\" content=\"Photonet\" \/>\n<meta property=\"article:publisher\" content=\"https:\/\/www.facebook.com\/photonet.hu\" \/>\n<meta property=\"article:author\" content=\"https:\/\/www.facebook.com\/photonet.hu\" \/>\n<meta property=\"article:published_time\" content=\"2011-09-19T14:14:11+00:00\" \/>\n<meta name=\"author\" content=\"photonet\" \/>\n<meta name=\"twitter:card\" content=\"summary_large_image\" \/>\n<meta name=\"twitter:creator\" content=\"@https:\/\/x.com\/photonethu\" \/>\n<meta name=\"twitter:site\" content=\"@photonethu\" \/>\n<meta name=\"twitter:label1\" content=\"Szerz\u0151:\" \/>\n\t<meta name=\"twitter:data1\" content=\"photonet\" \/>\n\t<meta name=\"twitter:label2\" content=\"Becs\u00fclt olvas\u00e1si id\u0151\" \/>\n\t<meta name=\"twitter:data2\" content=\"2 perc\" \/>\n<script type=\"application\/ld+json\" class=\"yoast-schema-graph\">{\"@context\":\"https:\\\/\\\/schema.org\",\"@graph\":[{\"@type\":\"Article\",\"@id\":\"https:\\\/\\\/photonet.hu\\\/online\\\/magazin\\\/fotopalyazatok\\\/elindult-az-ev-egyik-legnagyobb-fotopalyazata\\\/#article\",\"isPartOf\":{\"@id\":\"https:\\\/\\\/photonet.hu\\\/online\\\/magazin\\\/fotopalyazatok\\\/elindult-az-ev-egyik-legnagyobb-fotopalyazata\\\/\"},\"author\":{\"name\":\"photonet\",\"@id\":\"\\\/#\\\/schema\\\/person\\\/b8065e4118b8cea4068716ccbdd92f94\"},\"headline\":\"Elindult az \u00e9v egyik legnagyobb fot\u00f3p\u00e1ly\u00e1zata\",\"datePublished\":\"2011-09-19T14:14:11+00:00\",\"mainEntityOfPage\":{\"@id\":\"https:\\\/\\\/photonet.hu\\\/online\\\/magazin\\\/fotopalyazatok\\\/elindult-az-ev-egyik-legnagyobb-fotopalyazata\\\/\"},\"wordCount\":339,\"commentCount\":0,\"publisher\":{\"@id\":\"\\\/#organization\"},\"articleSection\":[\"Fot\u00f3p\u00e1ly\u00e1zatok\"],\"inLanguage\":\"hu\",\"potentialAction\":[{\"@type\":\"CommentAction\",\"name\":\"Comment\",\"target\":[\"https:\\\/\\\/photonet.hu\\\/online\\\/magazin\\\/fotopalyazatok\\\/elindult-az-ev-egyik-legnagyobb-fotopalyazata\\\/#respond\"]}]},{\"@type\":\"WebPage\",\"@id\":\"https:\\\/\\\/photonet.hu\\\/online\\\/magazin\\\/fotopalyazatok\\\/elindult-az-ev-egyik-legnagyobb-fotopalyazata\\\/\",\"url\":\"https:\\\/\\\/photonet.hu\\\/online\\\/magazin\\\/fotopalyazatok\\\/elindult-az-ev-egyik-legnagyobb-fotopalyazata\\\/\",\"name\":\"Elindult az \u00e9v egyik legnagyobb fot\u00f3p\u00e1ly\u00e1zata - Photonet\",\"isPartOf\":{\"@id\":\"\\\/#website\"},\"datePublished\":\"2011-09-19T14:14:11+00:00\",\"breadcrumb\":{\"@id\":\"https:\\\/\\\/photonet.hu\\\/online\\\/magazin\\\/fotopalyazatok\\\/elindult-az-ev-egyik-legnagyobb-fotopalyazata\\\/#breadcrumb\"},\"inLanguage\":\"hu\",\"potentialAction\":[{\"@type\":\"ReadAction\",\"target\":[\"https:\\\/\\\/photonet.hu\\\/online\\\/magazin\\\/fotopalyazatok\\\/elindult-az-ev-egyik-legnagyobb-fotopalyazata\\\/\"]}]},{\"@type\":\"BreadcrumbList\",\"@id\":\"https:\\\/\\\/photonet.hu\\\/online\\\/magazin\\\/fotopalyazatok\\\/elindult-az-ev-egyik-legnagyobb-fotopalyazata\\\/#breadcrumb\",\"itemListElement\":[{\"@type\":\"ListItem\",\"position\":1,\"name\":\"Kezd\u0151lap\",\"item\":\"https:\\\/\\\/photonet.hu\\\/online\\\/\"},{\"@type\":\"ListItem\",\"position\":2,\"name\":\"Elindult az \u00e9v egyik legnagyobb fot\u00f3p\u00e1ly\u00e1zata\"}]},{\"@type\":\"WebSite\",\"@id\":\"\\\/#website\",\"url\":\"\\\/\",\"name\":\"Photonet\",\"description\":\"Photonet - online fot\u00f3s magazin\",\"publisher\":{\"@id\":\"\\\/#organization\"},\"potentialAction\":[{\"@type\":\"SearchAction\",\"target\":{\"@type\":\"EntryPoint\",\"urlTemplate\":\"\\\/?s={search_term_string}\"},\"query-input\":{\"@type\":\"PropertyValueSpecification\",\"valueRequired\":true,\"valueName\":\"search_term_string\"}}],\"inLanguage\":\"hu\"},{\"@type\":\"Organization\",\"@id\":\"\\\/#organization\",\"name\":\"Photonet\",\"url\":\"\\\/\",\"logo\":{\"@type\":\"ImageObject\",\"inLanguage\":\"hu\",\"@id\":\"\\\/#\\\/schema\\\/logo\\\/image\\\/\",\"url\":\"https:\\\/\\\/photonet.hu\\\/online\\\/wp-content\\\/uploads\\\/2026\\\/02\\\/photonet_lens_shutter_512.png\",\"contentUrl\":\"https:\\\/\\\/photonet.hu\\\/online\\\/wp-content\\\/uploads\\\/2026\\\/02\\\/photonet_lens_shutter_512.png\",\"width\":512,\"height\":512,\"caption\":\"Photonet\"},\"image\":{\"@id\":\"\\\/#\\\/schema\\\/logo\\\/image\\\/\"},\"sameAs\":[\"https:\\\/\\\/www.facebook.com\\\/photonet.hu\",\"https:\\\/\\\/x.com\\\/photonethu\",\"https:\\\/\\\/www.pinterest.com\\\/acsienator\\\/photography\\\/\"]},{\"@type\":\"Person\",\"@id\":\"\\\/#\\\/schema\\\/person\\\/b8065e4118b8cea4068716ccbdd92f94\",\"name\":\"photonet\",\"image\":{\"@type\":\"ImageObject\",\"inLanguage\":\"hu\",\"@id\":\"https:\\\/\\\/secure.gravatar.com\\\/avatar\\\/7c91ab952e1e196e2bf6641a013b7b971ffa12946ddbf0f05fb85f62d3433ce2?s=96&d=mm&r=g\",\"url\":\"https:\\\/\\\/secure.gravatar.com\\\/avatar\\\/7c91ab952e1e196e2bf6641a013b7b971ffa12946ddbf0f05fb85f62d3433ce2?s=96&d=mm&r=g\",\"contentUrl\":\"https:\\\/\\\/secure.gravatar.com\\\/avatar\\\/7c91ab952e1e196e2bf6641a013b7b971ffa12946ddbf0f05fb85f62d3433ce2?s=96&d=mm&r=g\",\"caption\":\"photonet\"},\"description\":\"szerkeszt\u0151 - photonet, online fot\u00f3s magazin\",\"sameAs\":[\"http:\\\/\\\/photonet.hu\",\"https:\\\/\\\/www.facebook.com\\\/photonet.hu\",\"https:\\\/\\\/x.com\\\/https:\\\/\\\/x.com\\\/photonethu\"],\"url\":\"https:\\\/\\\/photonet.hu\\\/online\\\/author\\\/photonet\\\/\"}]}<\/script>\n<!-- \/ Yoast SEO plugin. -->","yoast_head_json":{"title":"Elindult az \u00e9v egyik legnagyobb fot\u00f3p\u00e1ly\u00e1zata - Photonet","robots":{"index":"index","follow":"follow","max-snippet":"max-snippet:-1","max-image-preview":"max-image-preview:large","max-video-preview":"max-video-preview:-1"},"canonical":"https:\/\/photonet.hu\/online\/magazin\/fotopalyazatok\/elindult-az-ev-egyik-legnagyobb-fotopalyazata\/","og_locale":"hu_HU","og_type":"article","og_title":"Elindult az \u00e9v egyik legnagyobb fot\u00f3p\u00e1ly\u00e1zata - Photonet","og_description":"A The Explorer magazin strat\u00e9giai partner\u00e9vel, a Nikon-nal k\u00f6z\u00f6s fot\u00f3p\u00e1ly\u00e1zatot hirdet a The Explorer Facebook k\u00f6z\u00f6ss\u00e9gi oldal\u00e1n. A p\u00e1ly\u00e1zat t\u00e9mak\u00f6re: a soksz\u00edn\u0171 kult\u00fara. Olyan fot\u00f3kat v\u00e1runk, melyek megragadj\u00e1k a klasszikus \u00e9rt\u00e9keket \u0151rz\u0151, r\u00e9gi hagyom\u00e1nyokb\u00f3l \u00e9p\u00edtkez\u0151 kult\u00far\u00e1k l\u00e9nyeg\u00e9t. &nbsp;","og_url":"https:\/\/photonet.hu\/online\/magazin\/fotopalyazatok\/elindult-az-ev-egyik-legnagyobb-fotopalyazata\/","og_site_name":"Photonet","article_publisher":"https:\/\/www.facebook.com\/photonet.hu","article_author":"https:\/\/www.facebook.com\/photonet.hu","article_published_time":"2011-09-19T14:14:11+00:00","author":"photonet","twitter_card":"summary_large_image","twitter_creator":"@https:\/\/x.com\/photonethu","twitter_site":"@photonethu","twitter_misc":{"Szerz\u0151:":"photonet","Becs\u00fclt olvas\u00e1si id\u0151":"2 perc"},"schema":{"@context":"https:\/\/schema.org","@graph":[{"@type":"Article","@id":"https:\/\/photonet.hu\/online\/magazin\/fotopalyazatok\/elindult-az-ev-egyik-legnagyobb-fotopalyazata\/#article","isPartOf":{"@id":"https:\/\/photonet.hu\/online\/magazin\/fotopalyazatok\/elindult-az-ev-egyik-legnagyobb-fotopalyazata\/"},"author":{"name":"photonet","@id":"\/#\/schema\/person\/b8065e4118b8cea4068716ccbdd92f94"},"headline":"Elindult az \u00e9v egyik legnagyobb fot\u00f3p\u00e1ly\u00e1zata","datePublished":"2011-09-19T14:14:11+00:00","mainEntityOfPage":{"@id":"https:\/\/photonet.hu\/online\/magazin\/fotopalyazatok\/elindult-az-ev-egyik-legnagyobb-fotopalyazata\/"},"wordCount":339,"commentCount":0,"publisher":{"@id":"\/#organization"},"articleSection":["Fot\u00f3p\u00e1ly\u00e1zatok"],"inLanguage":"hu","potentialAction":[{"@type":"CommentAction","name":"Comment","target":["https:\/\/photonet.hu\/online\/magazin\/fotopalyazatok\/elindult-az-ev-egyik-legnagyobb-fotopalyazata\/#respond"]}]},{"@type":"WebPage","@id":"https:\/\/photonet.hu\/online\/magazin\/fotopalyazatok\/elindult-az-ev-egyik-legnagyobb-fotopalyazata\/","url":"https:\/\/photonet.hu\/online\/magazin\/fotopalyazatok\/elindult-az-ev-egyik-legnagyobb-fotopalyazata\/","name":"Elindult az \u00e9v egyik legnagyobb fot\u00f3p\u00e1ly\u00e1zata - Photonet","isPartOf":{"@id":"\/#website"},"datePublished":"2011-09-19T14:14:11+00:00","breadcrumb":{"@id":"https:\/\/photonet.hu\/online\/magazin\/fotopalyazatok\/elindult-az-ev-egyik-legnagyobb-fotopalyazata\/#breadcrumb"},"inLanguage":"hu","potentialAction":[{"@type":"ReadAction","target":["https:\/\/photonet.hu\/online\/magazin\/fotopalyazatok\/elindult-az-ev-egyik-legnagyobb-fotopalyazata\/"]}]},{"@type":"BreadcrumbList","@id":"https:\/\/photonet.hu\/online\/magazin\/fotopalyazatok\/elindult-az-ev-egyik-legnagyobb-fotopalyazata\/#breadcrumb","itemListElement":[{"@type":"ListItem","position":1,"name":"Kezd\u0151lap","item":"https:\/\/photonet.hu\/online\/"},{"@type":"ListItem","position":2,"name":"Elindult az \u00e9v egyik legnagyobb fot\u00f3p\u00e1ly\u00e1zata"}]},{"@type":"WebSite","@id":"\/#website","url":"\/","name":"Photonet","description":"Photonet - online fot\u00f3s magazin","publisher":{"@id":"\/#organization"},"potentialAction":[{"@type":"SearchAction","target":{"@type":"EntryPoint","urlTemplate":"\/?s={search_term_string}"},"query-input":{"@type":"PropertyValueSpecification","valueRequired":true,"valueName":"search_term_string"}}],"inLanguage":"hu"},{"@type":"Organization","@id":"\/#organization","name":"Photonet","url":"\/","logo":{"@type":"ImageObject","inLanguage":"hu","@id":"\/#\/schema\/logo\/image\/","url":"https:\/\/photonet.hu\/online\/wp-content\/uploads\/2026\/02\/photonet_lens_shutter_512.png","contentUrl":"https:\/\/photonet.hu\/online\/wp-content\/uploads\/2026\/02\/photonet_lens_shutter_512.png","width":512,"height":512,"caption":"Photonet"},"image":{"@id":"\/#\/schema\/logo\/image\/"},"sameAs":["https:\/\/www.facebook.com\/photonet.hu","https:\/\/x.com\/photonethu","https:\/\/www.pinterest.com\/acsienator\/photography\/"]},{"@type":"Person","@id":"\/#\/schema\/person\/b8065e4118b8cea4068716ccbdd92f94","name":"photonet","image":{"@type":"ImageObject","inLanguage":"hu","@id":"https:\/\/secure.gravatar.com\/avatar\/7c91ab952e1e196e2bf6641a013b7b971ffa12946ddbf0f05fb85f62d3433ce2?s=96&d=mm&r=g","url":"https:\/\/secure.gravatar.com\/avatar\/7c91ab952e1e196e2bf6641a013b7b971ffa12946ddbf0f05fb85f62d3433ce2?s=96&d=mm&r=g","contentUrl":"https:\/\/secure.gravatar.com\/avatar\/7c91ab952e1e196e2bf6641a013b7b971ffa12946ddbf0f05fb85f62d3433ce2?s=96&d=mm&r=g","caption":"photonet"},"description":"szerkeszt\u0151 - photonet, online fot\u00f3s magazin","sameAs":["http:\/\/photonet.hu","https:\/\/www.facebook.com\/photonet.hu","https:\/\/x.com\/https:\/\/x.com\/photonethu"],"url":"https:\/\/photonet.hu\/online\/author\/photonet\/"}]}},"_links":{"self":[{"href":"https:\/\/photonet.hu\/online\/wp-json\/wp\/v2\/posts\/323","targetHints":{"allow":["GET"]}}],"collection":[{"href":"https:\/\/photonet.hu\/online\/wp-json\/wp\/v2\/posts"}],"about":[{"href":"https:\/\/photonet.hu\/online\/wp-json\/wp\/v2\/types\/post"}],"author":[{"embeddable":true,"href":"https:\/\/photonet.hu\/online\/wp-json\/wp\/v2\/users\/1"}],"replies":[{"embeddable":true,"href":"https:\/\/photonet.hu\/online\/wp-json\/wp\/v2\/comments?post=323"}],"version-history":[{"count":0,"href":"https:\/\/photonet.hu\/online\/wp-json\/wp\/v2\/posts\/323\/revisions"}],"wp:attachment":[{"href":"https:\/\/photonet.hu\/online\/wp-json\/wp\/v2\/media?parent=323"}],"wp:term":[{"taxonomy":"category","embeddable":true,"href":"https:\/\/photonet.hu\/online\/wp-json\/wp\/v2\/categories?post=323"},{"taxonomy":"post_tag","embeddable":true,"href":"https:\/\/photonet.hu\/online\/wp-json\/wp\/v2\/tags?post=323"}],"curies":[{"name":"wp","href":"https:\/\/api.w.org\/{rel}","templated":true}]}}