{"id":1835,"date":"2026-04-02T16:50:33","date_gmt":"2026-04-02T14:50:33","guid":{"rendered":"https:\/\/photonet.hu\/online\/?p=1835"},"modified":"2026-04-02T16:50:35","modified_gmt":"2026-04-02T14:50:35","slug":"csodas-termeszet-a-termeszet-csodai-fotopalyazat-2026","status":"publish","type":"post","link":"https:\/\/photonet.hu\/online\/magazin\/fotopalyazatok\/csodas-termeszet-a-termeszet-csodai-fotopalyazat-2026\/","title":{"rendered":"Csod\u00e1s term\u00e9szet, a term\u00e9szet csod\u00e1i fot\u00f3p\u00e1ly\u00e1zat 2026"},"content":{"rendered":"\n<h1 class=\"wp-block-heading\">Kihirdett\u00e9k az Akad\u00e9mia Natura Mirabilis term\u00e9szetfot\u00f3 p\u00e1ly\u00e1zat 2026 nyerteseit<\/h1>\n\n\n\n<p>A term\u00e9szetfot\u00f3z\u00e1s hazai esem\u00e9nyei k\u00f6z\u00f6tt \u00faj kezdem\u00e9nyez\u00e9sk\u00e9nt jelent meg a \u201eNatura Mirabilis \u2013 Csod\u00e1latos term\u00e9szet\u201d fot\u00f3p\u00e1ly\u00e1zat, amelyet a Magyar Tudom\u00e1nyos Akad\u00e9mia (MTA) hirdetett meg. A p\u00e1ly\u00e1zat c\u00e9lja az \u00e9l\u0151vil\u00e1g soksz\u00edn\u0171s\u00e9g\u00e9nek bemutat\u00e1sa volt, tudom\u00e1nyos \u00e9s m\u0171v\u00e9szeti megk\u00f6zel\u00edt\u00e9s egy\u00fcttes alkalmaz\u00e1s\u00e1val. Az eredm\u00e9nyeket hivatalosan is kihirdett\u00e9k, a d\u00edjazott k\u00e9pek pedig ki\u00e1ll\u00edt\u00e1son \u00e9s online fel\u00fcleten is megtekinthet\u0151k.<\/p>\n\n\n\n<h2 class=\"wp-block-heading\">Natura Mirabilis fot\u00f3p\u00e1ly\u00e1zat 2026: tudom\u00e1ny \u00e9s fot\u00f3m\u0171v\u00e9szet tal\u00e1lkoz\u00e1sa<\/h2>\n\n\n\n<p>A p\u00e1ly\u00e1zat az MTA fenn\u00e1ll\u00e1s\u00e1nak 200. \u00e9vfordul\u00f3j\u00e1hoz kapcsol\u00f3dva j\u00f6tt l\u00e9tre, \u00e9s az int\u00e9zm\u00e9ny MTA Biol\u00f3giai Tudom\u00e1nyok Oszt\u00e1lya szervez\u00e9s\u00e9ben val\u00f3sult meg. A tematika sz\u00e9les spektrumot fedett le: az \u00e9l\u0151 term\u00e9szet jelens\u00e9geit a v\u00edrusokt\u00f3l eg\u00e9szen az emberig, valamint a k\u00f6rnyezeti \u00f6sszef\u00fcgg\u00e9sekig vizsg\u00e1lta.<\/p>\n\n\n\n<p>A kezdem\u00e9nyez\u00e9s szakmai partnere a naturArt \u2013 Magyar Term\u00e9szetfot\u00f3sok Sz\u00f6vets\u00e9ge volt, amely a hazai term\u00e9szetfot\u00f3s k\u00f6z\u00f6ss\u00e9g egyik meghat\u00e1roz\u00f3 szervezete. A partners\u00e9g biztos\u00edtotta a p\u00e1ly\u00e1zat szakmai sz\u00ednvonal\u00e1t \u00e9s a zs\u0171riz\u00e9si folyamat hiteless\u00e9g\u00e9t.<\/p>\n\n\n\n<h3 class=\"wp-block-heading\">Jelent\u0151s \u00e9rdekl\u0151d\u00e9s \u00e9s magas nevez\u00e9si sz\u00e1m<\/h3>\n\n\n\n<p>A p\u00e1ly\u00e1zatra \u00f6sszesen 195 alkot\u00f3 nevezett, k\u00f6zt\u00fck 64 fiatal p\u00e1ly\u00e1z\u00f3. A r\u00e9sztvev\u0151k \u00f6sszesen 2299 fot\u00f3t k\u00fcldtek be, ami j\u00f3l jelzi a term\u00e9szetfot\u00f3z\u00e1s ir\u00e1nti \u00e9l\u00e9nk hazai \u00e9rdekl\u0151d\u00e9st. A k\u00e9pek tematikailag \u00e9s technikailag is sz\u00e9les sk\u00e1l\u00e1n mozogtak, az \u00e9l\u0151vil\u00e1g dokumentarista megk\u00f6zel\u00edt\u00e9s\u00e9t\u0151l a kreat\u00edv, k\u00eds\u00e9rleti k\u00e9pi megold\u00e1sokig.<\/p>\n\n\n\n<h3 class=\"wp-block-heading\">T\u00f6bbl\u00e9pcs\u0151s zs\u0171riz\u00e9si folyamat<\/h3>\n\n\n\n<p>A be\u00e9rkezett p\u00e1lyam\u0171veket h\u00e1rom fordul\u00f3ban \u00e9rt\u00e9kelte a szakmai zs\u0171ri. A zs\u0171ri eln\u00f6ke, Kalot\u00e1s Zsolt kiemelte, hogy m\u00e1r a m\u00e1sodik fordul\u00f3ba jutott k\u00e9pek k\u00f6z\u00f6tt is sz\u00e1mos nemzetk\u00f6zi szinten is relev\u00e1ns alkot\u00e1s szerepelt.<\/p>\n\n\n\n<p>A kiv\u00e1laszt\u00e1si folyamat sor\u00e1n a zs\u0171ri nemcsak az eszt\u00e9tikai \u00e9rt\u00e9ket, hanem a tudom\u00e1nyos tartalmat, a megfigyel\u00e9s pontoss\u00e1g\u00e1t \u00e9s a term\u00e9szet bemutat\u00e1s\u00e1nak hiteless\u00e9g\u00e9t is figyelembe vette.<\/p>\n\n\n\n<h2 class=\"wp-block-heading\">D\u00edjazott term\u00e9szetfot\u00f3k \u00e9s kateg\u00f3ri\u00e1k<\/h2>\n\n\n\n<p>A p\u00e1ly\u00e1zaton kateg\u00f3ri\u00e1nk\u00e9nt h\u00e1rom helyezettet hirdettek ki, emellett k\u00fcl\u00f6n ifj\u00fas\u00e1gi d\u00edjat \u00e9s egy f\u0151d\u00edjat is kiosztottak. A d\u00edj\u00e1tad\u00f3ra az MTA Biol\u00f3giai Tudom\u00e1nyok Oszt\u00e1ly\u00e1nak bicenten\u00e1riumi h\u00f3napj\u00e1t megnyit\u00f3 esem\u00e9nyen ker\u00fclt sor.<\/p>\n\n\n\n<p>Az elismer\u00e9seket Freund Tam\u00e1s, az MTA eln\u00f6ke adta \u00e1t. Az esem\u00e9ny nemcsak a d\u00edjazottak sz\u00e1m\u00e1ra jelentett fontos szakmai visszaigazol\u00e1st, hanem a term\u00e9szetfot\u00f3z\u00e1s t\u00e1rsadalmi \u00e9s tudom\u00e1nyos jelent\u0151s\u00e9g\u00e9re is r\u00e1ir\u00e1ny\u00edtotta a figyelmet.<\/p>\n\n\n\n<h3 class=\"wp-block-heading\">Ismert \u00e9s felt\u00f6rekv\u0151 fot\u00f3sok egy mez\u0151nyben<\/h3>\n\n\n\n<p>A d\u00edjazottak k\u00f6z\u00f6tt t\u00f6bb olyan fot\u00f3s is szerepel, akik m\u00e1r kor\u00e1bban is sikereket \u00e9rtek el hazai \u00e9s nemzetk\u00f6zi p\u00e1ly\u00e1zatokon, p\u00e9ld\u00e1ul az \u201e\u00c9v Term\u00e9szetfot\u00f3sa\u201d versenyen. Ugyanakkor a mez\u0151nyben jelent\u0151s sz\u00e1mban jelentek meg \u00faj, felt\u00f6rekv\u0151 alkot\u00f3k is, k\u00fcl\u00f6n\u00f6sen a fiatalok kateg\u00f3ri\u00e1j\u00e1ban.<\/p>\n\n\n\n<p>Ez a kett\u0151ss\u00e9g j\u00f3l mutatja a hazai term\u00e9szetfot\u00f3s k\u00f6z\u00f6ss\u00e9g dinamizmus\u00e1t \u00e9s ut\u00e1np\u00f3tl\u00e1s\u00e1t.<\/p>\n\n\n\n<h2 class=\"wp-block-heading\">Technol\u00f3giai soksz\u00edn\u0171s\u00e9g a term\u00e9szetfot\u00f3z\u00e1sban<\/h2>\n\n\n\n<h3 class=\"wp-block-heading\">Dr\u00f3nfot\u00f3z\u00e1s \u00e9s akci\u00f3kamer\u00e1k szerepe<\/h3>\n\n\n\n<p>A ki\u00e1ll\u00edtott k\u00e9pek k\u00f6z\u00f6tt egyre nagyobb ar\u00e1nyban jelennek meg modern technol\u00f3gi\u00e1val k\u00e9sz\u00fclt felv\u00e9telek. A dr\u00f3nok \u00e9s akci\u00f3kamer\u00e1k alkalmaz\u00e1sa \u00faj perspekt\u00edv\u00e1kat nyit a term\u00e9szetfot\u00f3z\u00e1sban, lehet\u0151v\u00e9 t\u00e9ve olyan n\u00e9z\u0151pontok megjelen\u00edt\u00e9s\u00e9t, amelyek kor\u00e1bban nehezen vagy egy\u00e1ltal\u00e1n nem voltak el\u00e9rhet\u0151k.<\/p>\n\n\n\n<p>A technol\u00f3giai fejl\u0151d\u00e9s ugyanakkor \u00faj etikai \u00e9s term\u00e9szetv\u00e9delmi k\u00e9rd\u00e9seket is felvet, k\u00fcl\u00f6n\u00f6sen az \u00e9l\u0151vil\u00e1g zavar\u00e1s\u00e1nak minimaliz\u00e1l\u00e1sa kapcs\u00e1n.<\/p>\n\n\n\n<h3 class=\"wp-block-heading\">A k\u00e9sz\u00edt\u00e9s k\u00f6r\u00fclm\u00e9nyeinek dokument\u00e1l\u00e1sa<\/h3>\n\n\n\n<p>A ki\u00e1ll\u00edt\u00e1son minden egyes k\u00e9phez r\u00f6vid le\u00edr\u00e1s tartozik, amely bemutatja a fot\u00f3 k\u00e9sz\u00edt\u00e9s\u00e9nek k\u00f6r\u00fclm\u00e9nyeit \u00e9s a meg\u00f6r\u00f6k\u00edtett jelens\u00e9get. Ez a megk\u00f6zel\u00edt\u00e9s nemcsak a laikus l\u00e1togat\u00f3k sz\u00e1m\u00e1ra teszi \u00e9rthet\u0151bb\u00e9 a k\u00e9peket, hanem a term\u00e9szetfot\u00f3z\u00e1s ir\u00e1nt \u00e9rdekl\u0151d\u0151k sz\u00e1m\u00e1ra is hasznos inform\u00e1ci\u00f3kat ny\u00fajt.<\/p>\n\n\n\n<p>A technikai adatok \u2013 p\u00e9ld\u00e1ul z\u00e1rid\u0151, rekesz\u00e9rt\u00e9k vagy haszn\u00e1lt felszerel\u00e9s \u2013 szint\u00e9n el\u00e9rhet\u0151k, ami k\u00fcl\u00f6n\u00f6sen \u00e9rt\u00e9kes a gyakorl\u00f3 fot\u00f3sok sz\u00e1m\u00e1ra.<\/p>\n\n\n\n<h2 class=\"wp-block-heading\">Ki\u00e1ll\u00edt\u00e1s \u00e9s online el\u00e9rhet\u0151s\u00e9g<\/h2>\n\n\n\n<h3 class=\"wp-block-heading\">Fot\u00f3ki\u00e1ll\u00edt\u00e1s az MTA sz\u00e9kh\u00e1z\u00e1ban<\/h3>\n\n\n\n<p>A d\u00edjazott \u00e9s v\u00e1logatott k\u00e9pek ki\u00e1ll\u00edt\u00e1sa az MTA budapesti sz\u00e9kh\u00e1z\u00e1ban tekinthet\u0151 meg. A t\u00e1rlat lehet\u0151s\u00e9get biztos\u00edt arra, hogy a l\u00e1togat\u00f3k egy helyen tal\u00e1lkozzanak a p\u00e1ly\u00e1zat legjobb alkot\u00e1saival, \u00e9s \u00e1tfog\u00f3 k\u00e9pet kapjanak a hazai term\u00e9szetfot\u00f3z\u00e1s aktu\u00e1lis \u00e1llapot\u00e1r\u00f3l.<\/p>\n\n\n\n<h3 class=\"wp-block-heading\">Online gal\u00e9ria \u00e9s digit\u00e1lis hozz\u00e1f\u00e9r\u00e9s<\/h3>\n\n\n\n<p>A szervez\u0151k a digit\u00e1lis el\u00e9rhet\u0151s\u00e9gre is hangs\u00falyt helyeztek: a d\u00edjnyertes k\u00e9pek online gal\u00e9ri\u00e1ban is megtekinthet\u0151k. Ez k\u00fcl\u00f6n\u00f6sen fontos a sz\u00e9lesebb k\u00f6z\u00f6ns\u00e9g el\u00e9r\u00e9se szempontj\u00e1b\u00f3l, valamint a nemzetk\u00f6zi l\u00e1that\u00f3s\u00e1g n\u00f6vel\u00e9s\u00e9ben.<\/p>\n\n\n\n<p>A p\u00e1ly\u00e1zat d\u00edjnyertes fot\u00f3i az al\u00e1bbi linken \u00e9rhet\u0151k el:<br><a href=\"https:\/\/mta.hu\/mta_hirei\/az-mta-natura-mirabilis-orszagos-termeszetfoto-palyazatanak-dijnyertes-kepei-115266\" target=\"_blank\" rel=\"noreferrer noopener\">https:\/\/mta.hu\/mta_hirei\/az-mta-natura-mirabilis-orszagos-termeszetfoto-palyazatanak-dijnyertes-kepei-115266<\/a><\/p>\n\n\n\n<h2 class=\"wp-block-heading\">A term\u00e9szetfot\u00f3 p\u00e1ly\u00e1zat jelent\u0151s\u00e9ge<\/h2>\n\n\n\n<h3 class=\"wp-block-heading\">Tudom\u00e1nyos \u00e9s vizu\u00e1lis kommunik\u00e1ci\u00f3<\/h3>\n\n\n\n<p>A Natura Mirabilis p\u00e1ly\u00e1zat egyik fontos saj\u00e1toss\u00e1ga, hogy hidat k\u00e9pez a tudom\u00e1nyos kutat\u00e1s \u00e9s a vizu\u00e1lis m\u0171v\u00e9szet k\u00f6z\u00f6tt. A term\u00e9szetfot\u00f3k nem csup\u00e1n eszt\u00e9tikai \u00e9lm\u00e9nyt ny\u00fajtanak, hanem inform\u00e1ci\u00f3t is k\u00f6zvet\u00edtenek az \u00e9l\u0151vil\u00e1g m\u0171k\u00f6d\u00e9s\u00e9r\u0151l \u00e9s sokf\u00e9les\u00e9g\u00e9r\u0151l.<\/p>\n\n\n\n<h3 class=\"wp-block-heading\">Hozz\u00e1j\u00e1rul\u00e1s a term\u00e9szetv\u00e9delemhez<\/h3>\n\n\n\n<p>A p\u00e1ly\u00e1zat k\u00f6zvetett m\u00f3don a term\u00e9szetv\u00e9delem \u00fcgy\u00e9t is t\u00e1mogatja. Az\u00e1ltal, hogy bemutatja a term\u00e9szeti \u00e9rt\u00e9keket \u00e9s azok s\u00e9r\u00fcl\u00e9kenys\u00e9g\u00e9t, hozz\u00e1j\u00e1rulhat a t\u00e1rsadalmi tudatoss\u00e1g n\u00f6vel\u00e9s\u00e9hez.<\/p>\n\n\n\n<h2 class=\"wp-block-heading\">Natura Mirabilis 2026 a hazai fot\u00f3s \u00e9letben<\/h2>\n\n\n\n<p>A Natura Mirabilis term\u00e9szetfot\u00f3 p\u00e1ly\u00e1zat 2026-os ki\u00edr\u00e1sa \u00faj sz\u00ednt hozott a magyar fot\u00f3s \u00e9letbe. A magas nevez\u00e9si sz\u00e1m, a szakmai sz\u00ednvonal \u00e9s a technol\u00f3giai soksz\u00edn\u0171s\u00e9g egyar\u00e1nt azt jelzi, hogy a term\u00e9szetfot\u00f3z\u00e1s tov\u00e1bbra is dinamikusan fejl\u0151d\u0151 ter\u00fclet.<\/p>\n\n\n\n<p>A ki\u00e1ll\u00edt\u00e1s \u00e9s az online gal\u00e9ria r\u00e9v\u00e9n a p\u00e1ly\u00e1zat nemcsak a szakmai k\u00f6z\u00f6ns\u00e9g, hanem a sz\u00e9lesebb nyilv\u00e1noss\u00e1g sz\u00e1m\u00e1ra is hozz\u00e1f\u00e9rhet\u0151v\u00e9 teszi a legjobb alkot\u00e1sokat, er\u0151s\u00edtve ezzel a term\u00e9szet \u00e9s a fot\u00f3m\u0171v\u00e9szet kapcsolat\u00e1t.<\/p>\n\n\n\n<p>\u00a9 Fot\u00f3: MTA \/ Palcsek Istv\u00e1n<br>Palcsek Istv\u00e1n f\u0151d\u00edjas fot\u00f3ja: Egyenletes eloszl\u00e1s<\/p>\n","protected":false},"excerpt":{"rendered":"<p>Kihirdett\u00e9k az Akad\u00e9mia Natura Mirabilis term\u00e9szetfot\u00f3 p\u00e1ly\u00e1zat 2026 nyerteseit A term\u00e9szetfot\u00f3z\u00e1s hazai esem\u00e9nyei k\u00f6z\u00f6tt \u00faj kezdem\u00e9nyez\u00e9sk\u00e9nt jelent meg a \u201eNatura Mirabilis \u2013 Csod\u00e1latos term\u00e9szet\u201d fot\u00f3p\u00e1ly\u00e1zat, amelyet a Magyar Tudom\u00e1nyos Akad\u00e9mia (MTA) hirdetett meg. A p\u00e1ly\u00e1zat c\u00e9lja az \u00e9l\u0151vil\u00e1g soksz\u00edn\u0171s\u00e9g\u00e9nek bemutat\u00e1sa volt, tudom\u00e1nyos \u00e9s m\u0171v\u00e9szeti megk\u00f6zel\u00edt\u00e9s egy\u00fcttes alkalmaz\u00e1s\u00e1val. Az eredm\u00e9nyeket hivatalosan is kihirdett\u00e9k, a d\u00edjazott k\u00e9pek [&hellip;]<\/p>\n","protected":false},"author":1,"featured_media":1836,"comment_status":"closed","ping_status":"open","sticky":false,"template":"","format":"standard","meta":{"footnotes":""},"categories":[102],"tags":[112,182,113,117],"class_list":{"0":"post-1835","1":"post","2":"type-post","3":"status-publish","4":"format-standard","5":"has-post-thumbnail","7":"category-fotopalyazatok","8":"tag-fotozas","9":"tag-hirek-1","10":"tag-kiallitas","11":"tag-palyazat"},"yoast_head":"<!-- This site is optimized with the Yoast SEO plugin v27.4 - https:\/\/yoast.com\/product\/yoast-seo-wordpress\/ -->\n<title>Csod\u00e1s term\u00e9szet, a term\u00e9szet csod\u00e1i fot\u00f3p\u00e1ly\u00e1zat 2026 - Photonet<\/title>\n<meta name=\"description\" content=\"Natura Mirabilis term\u00e9szetfot\u00f3 p\u00e1ly\u00e1zat 2026: az MTA kihirdette a nyerteseket, bemutatjuk a d\u00edjazott term\u00e9szetfot\u00f3kat \u00e9s a ki\u00e1ll\u00edt\u00e1st.\" \/>\n<meta name=\"robots\" content=\"index, follow, max-snippet:-1, max-image-preview:large, max-video-preview:-1\" \/>\n<link rel=\"canonical\" href=\"https:\/\/photonet.hu\/online\/magazin\/fotopalyazatok\/csodas-termeszet-a-termeszet-csodai-fotopalyazat-2026\/\" \/>\n<meta property=\"og:locale\" content=\"hu_HU\" \/>\n<meta property=\"og:type\" content=\"article\" \/>\n<meta property=\"og:title\" content=\"Csod\u00e1s term\u00e9szet, a term\u00e9szet csod\u00e1i fot\u00f3p\u00e1ly\u00e1zat 2026 - Photonet\" \/>\n<meta property=\"og:description\" content=\"Natura Mirabilis term\u00e9szetfot\u00f3 p\u00e1ly\u00e1zat 2026: az MTA kihirdette a nyerteseket, bemutatjuk a d\u00edjazott term\u00e9szetfot\u00f3kat \u00e9s a ki\u00e1ll\u00edt\u00e1st.\" \/>\n<meta property=\"og:url\" content=\"https:\/\/photonet.hu\/online\/magazin\/fotopalyazatok\/csodas-termeszet-a-termeszet-csodai-fotopalyazat-2026\/\" \/>\n<meta property=\"og:site_name\" content=\"Photonet\" \/>\n<meta property=\"article:publisher\" content=\"https:\/\/www.facebook.com\/photonet.hu\" \/>\n<meta property=\"article:author\" content=\"https:\/\/www.facebook.com\/photonet.hu\" \/>\n<meta property=\"article:published_time\" content=\"2026-04-02T14:50:33+00:00\" \/>\n<meta property=\"article:modified_time\" content=\"2026-04-02T14:50:35+00:00\" \/>\n<meta property=\"og:image\" content=\"https:\/\/photonet.hu\/online\/wp-content\/uploads\/2026\/04\/akademia_csodas_termeszet_termeszet_csodai_fotopalyazat_2026.webp\" \/>\n\t<meta property=\"og:image:width\" content=\"825\" \/>\n\t<meta property=\"og:image:height\" content=\"537\" \/>\n\t<meta property=\"og:image:type\" content=\"image\/webp\" \/>\n<meta name=\"author\" content=\"photonet\" \/>\n<meta name=\"twitter:card\" content=\"summary_large_image\" \/>\n<meta name=\"twitter:creator\" content=\"@https:\/\/x.com\/photonethu\" \/>\n<meta name=\"twitter:site\" content=\"@photonethu\" \/>\n<meta name=\"twitter:label1\" content=\"Szerz\u0151:\" \/>\n\t<meta name=\"twitter:data1\" content=\"photonet\" \/>\n\t<meta name=\"twitter:label2\" content=\"Becs\u00fclt olvas\u00e1si id\u0151\" \/>\n\t<meta name=\"twitter:data2\" content=\"5 perc\" \/>\n<script type=\"application\/ld+json\" class=\"yoast-schema-graph\">{\"@context\":\"https:\\\/\\\/schema.org\",\"@graph\":[{\"@type\":\"Article\",\"@id\":\"https:\\\/\\\/photonet.hu\\\/online\\\/magazin\\\/fotopalyazatok\\\/csodas-termeszet-a-termeszet-csodai-fotopalyazat-2026\\\/#article\",\"isPartOf\":{\"@id\":\"https:\\\/\\\/photonet.hu\\\/online\\\/magazin\\\/fotopalyazatok\\\/csodas-termeszet-a-termeszet-csodai-fotopalyazat-2026\\\/\"},\"author\":{\"name\":\"photonet\",\"@id\":\"\\\/#\\\/schema\\\/person\\\/b8065e4118b8cea4068716ccbdd92f94\"},\"headline\":\"Csod\u00e1s term\u00e9szet, a term\u00e9szet csod\u00e1i fot\u00f3p\u00e1ly\u00e1zat 2026\",\"datePublished\":\"2026-04-02T14:50:33+00:00\",\"dateModified\":\"2026-04-02T14:50:35+00:00\",\"mainEntityOfPage\":{\"@id\":\"https:\\\/\\\/photonet.hu\\\/online\\\/magazin\\\/fotopalyazatok\\\/csodas-termeszet-a-termeszet-csodai-fotopalyazat-2026\\\/\"},\"wordCount\":1345,\"publisher\":{\"@id\":\"\\\/#organization\"},\"image\":{\"@id\":\"https:\\\/\\\/photonet.hu\\\/online\\\/magazin\\\/fotopalyazatok\\\/csodas-termeszet-a-termeszet-csodai-fotopalyazat-2026\\\/#primaryimage\"},\"thumbnailUrl\":\"https:\\\/\\\/photonet.hu\\\/online\\\/wp-content\\\/uploads\\\/2026\\\/04\\\/akademia_csodas_termeszet_termeszet_csodai_fotopalyazat_2026.webp\",\"keywords\":[\"fot\u00f3z\u00e1s\",\"h\u00edrek\",\"ki\u00e1ll\u00edt\u00e1s\",\"p\u00e1ly\u00e1zat\"],\"articleSection\":[\"Fot\u00f3p\u00e1ly\u00e1zatok\"],\"inLanguage\":\"hu\"},{\"@type\":\"WebPage\",\"@id\":\"https:\\\/\\\/photonet.hu\\\/online\\\/magazin\\\/fotopalyazatok\\\/csodas-termeszet-a-termeszet-csodai-fotopalyazat-2026\\\/\",\"url\":\"https:\\\/\\\/photonet.hu\\\/online\\\/magazin\\\/fotopalyazatok\\\/csodas-termeszet-a-termeszet-csodai-fotopalyazat-2026\\\/\",\"name\":\"Csod\u00e1s term\u00e9szet, a term\u00e9szet csod\u00e1i fot\u00f3p\u00e1ly\u00e1zat 2026 - Photonet\",\"isPartOf\":{\"@id\":\"\\\/#website\"},\"primaryImageOfPage\":{\"@id\":\"https:\\\/\\\/photonet.hu\\\/online\\\/magazin\\\/fotopalyazatok\\\/csodas-termeszet-a-termeszet-csodai-fotopalyazat-2026\\\/#primaryimage\"},\"image\":{\"@id\":\"https:\\\/\\\/photonet.hu\\\/online\\\/magazin\\\/fotopalyazatok\\\/csodas-termeszet-a-termeszet-csodai-fotopalyazat-2026\\\/#primaryimage\"},\"thumbnailUrl\":\"https:\\\/\\\/photonet.hu\\\/online\\\/wp-content\\\/uploads\\\/2026\\\/04\\\/akademia_csodas_termeszet_termeszet_csodai_fotopalyazat_2026.webp\",\"datePublished\":\"2026-04-02T14:50:33+00:00\",\"dateModified\":\"2026-04-02T14:50:35+00:00\",\"description\":\"Natura Mirabilis term\u00e9szetfot\u00f3 p\u00e1ly\u00e1zat 2026: az MTA kihirdette a nyerteseket, bemutatjuk a d\u00edjazott term\u00e9szetfot\u00f3kat \u00e9s a ki\u00e1ll\u00edt\u00e1st.\",\"breadcrumb\":{\"@id\":\"https:\\\/\\\/photonet.hu\\\/online\\\/magazin\\\/fotopalyazatok\\\/csodas-termeszet-a-termeszet-csodai-fotopalyazat-2026\\\/#breadcrumb\"},\"inLanguage\":\"hu\",\"potentialAction\":[{\"@type\":\"ReadAction\",\"target\":[\"https:\\\/\\\/photonet.hu\\\/online\\\/magazin\\\/fotopalyazatok\\\/csodas-termeszet-a-termeszet-csodai-fotopalyazat-2026\\\/\"]}]},{\"@type\":\"ImageObject\",\"inLanguage\":\"hu\",\"@id\":\"https:\\\/\\\/photonet.hu\\\/online\\\/magazin\\\/fotopalyazatok\\\/csodas-termeszet-a-termeszet-csodai-fotopalyazat-2026\\\/#primaryimage\",\"url\":\"https:\\\/\\\/photonet.hu\\\/online\\\/wp-content\\\/uploads\\\/2026\\\/04\\\/akademia_csodas_termeszet_termeszet_csodai_fotopalyazat_2026.webp\",\"contentUrl\":\"https:\\\/\\\/photonet.hu\\\/online\\\/wp-content\\\/uploads\\\/2026\\\/04\\\/akademia_csodas_termeszet_termeszet_csodai_fotopalyazat_2026.webp\",\"width\":825,\"height\":537,\"caption\":\"Palcsek Istv\u00e1n f\u0151d\u00edjas fot\u00f3ja: Egyenletes eloszl\u00e1s - Natura Mirabilis term\u00e9szetfot\u00f3 p\u00e1ly\u00e1zat 2026\"},{\"@type\":\"BreadcrumbList\",\"@id\":\"https:\\\/\\\/photonet.hu\\\/online\\\/magazin\\\/fotopalyazatok\\\/csodas-termeszet-a-termeszet-csodai-fotopalyazat-2026\\\/#breadcrumb\",\"itemListElement\":[{\"@type\":\"ListItem\",\"position\":1,\"name\":\"Kezd\u0151lap\",\"item\":\"https:\\\/\\\/photonet.hu\\\/online\\\/\"},{\"@type\":\"ListItem\",\"position\":2,\"name\":\"Csod\u00e1s term\u00e9szet, a term\u00e9szet csod\u00e1i fot\u00f3p\u00e1ly\u00e1zat 2026\"}]},{\"@type\":\"WebSite\",\"@id\":\"\\\/#website\",\"url\":\"\\\/\",\"name\":\"Photonet\",\"description\":\"Photonet - online fot\u00f3s magazin\",\"publisher\":{\"@id\":\"\\\/#organization\"},\"potentialAction\":[{\"@type\":\"SearchAction\",\"target\":{\"@type\":\"EntryPoint\",\"urlTemplate\":\"\\\/?s={search_term_string}\"},\"query-input\":{\"@type\":\"PropertyValueSpecification\",\"valueRequired\":true,\"valueName\":\"search_term_string\"}}],\"inLanguage\":\"hu\"},{\"@type\":\"Organization\",\"@id\":\"\\\/#organization\",\"name\":\"Photonet\",\"url\":\"\\\/\",\"logo\":{\"@type\":\"ImageObject\",\"inLanguage\":\"hu\",\"@id\":\"\\\/#\\\/schema\\\/logo\\\/image\\\/\",\"url\":\"https:\\\/\\\/photonet.hu\\\/online\\\/wp-content\\\/uploads\\\/2026\\\/02\\\/photonet_lens_shutter_512.png\",\"contentUrl\":\"https:\\\/\\\/photonet.hu\\\/online\\\/wp-content\\\/uploads\\\/2026\\\/02\\\/photonet_lens_shutter_512.png\",\"width\":512,\"height\":512,\"caption\":\"Photonet\"},\"image\":{\"@id\":\"\\\/#\\\/schema\\\/logo\\\/image\\\/\"},\"sameAs\":[\"https:\\\/\\\/www.facebook.com\\\/photonet.hu\",\"https:\\\/\\\/x.com\\\/photonethu\",\"https:\\\/\\\/www.pinterest.com\\\/acsienator\\\/photography\\\/\"]},{\"@type\":\"Person\",\"@id\":\"\\\/#\\\/schema\\\/person\\\/b8065e4118b8cea4068716ccbdd92f94\",\"name\":\"photonet\",\"image\":{\"@type\":\"ImageObject\",\"inLanguage\":\"hu\",\"@id\":\"https:\\\/\\\/secure.gravatar.com\\\/avatar\\\/7c91ab952e1e196e2bf6641a013b7b971ffa12946ddbf0f05fb85f62d3433ce2?s=96&d=mm&r=g\",\"url\":\"https:\\\/\\\/secure.gravatar.com\\\/avatar\\\/7c91ab952e1e196e2bf6641a013b7b971ffa12946ddbf0f05fb85f62d3433ce2?s=96&d=mm&r=g\",\"contentUrl\":\"https:\\\/\\\/secure.gravatar.com\\\/avatar\\\/7c91ab952e1e196e2bf6641a013b7b971ffa12946ddbf0f05fb85f62d3433ce2?s=96&d=mm&r=g\",\"caption\":\"photonet\"},\"description\":\"szerkeszt\u0151 - photonet, online fot\u00f3s magazin\",\"sameAs\":[\"http:\\\/\\\/photonet.hu\",\"https:\\\/\\\/www.facebook.com\\\/photonet.hu\",\"https:\\\/\\\/x.com\\\/https:\\\/\\\/x.com\\\/photonethu\"],\"url\":\"https:\\\/\\\/photonet.hu\\\/online\\\/author\\\/photonet\\\/\"}]}<\/script>\n<!-- \/ Yoast SEO plugin. -->","yoast_head_json":{"title":"Csod\u00e1s term\u00e9szet, a term\u00e9szet csod\u00e1i fot\u00f3p\u00e1ly\u00e1zat 2026 - Photonet","description":"Natura Mirabilis term\u00e9szetfot\u00f3 p\u00e1ly\u00e1zat 2026: az MTA kihirdette a nyerteseket, bemutatjuk a d\u00edjazott term\u00e9szetfot\u00f3kat \u00e9s a ki\u00e1ll\u00edt\u00e1st.","robots":{"index":"index","follow":"follow","max-snippet":"max-snippet:-1","max-image-preview":"max-image-preview:large","max-video-preview":"max-video-preview:-1"},"canonical":"https:\/\/photonet.hu\/online\/magazin\/fotopalyazatok\/csodas-termeszet-a-termeszet-csodai-fotopalyazat-2026\/","og_locale":"hu_HU","og_type":"article","og_title":"Csod\u00e1s term\u00e9szet, a term\u00e9szet csod\u00e1i fot\u00f3p\u00e1ly\u00e1zat 2026 - Photonet","og_description":"Natura Mirabilis term\u00e9szetfot\u00f3 p\u00e1ly\u00e1zat 2026: az MTA kihirdette a nyerteseket, bemutatjuk a d\u00edjazott term\u00e9szetfot\u00f3kat \u00e9s a ki\u00e1ll\u00edt\u00e1st.","og_url":"https:\/\/photonet.hu\/online\/magazin\/fotopalyazatok\/csodas-termeszet-a-termeszet-csodai-fotopalyazat-2026\/","og_site_name":"Photonet","article_publisher":"https:\/\/www.facebook.com\/photonet.hu","article_author":"https:\/\/www.facebook.com\/photonet.hu","article_published_time":"2026-04-02T14:50:33+00:00","article_modified_time":"2026-04-02T14:50:35+00:00","og_image":[{"width":825,"height":537,"url":"https:\/\/photonet.hu\/online\/wp-content\/uploads\/2026\/04\/akademia_csodas_termeszet_termeszet_csodai_fotopalyazat_2026.webp","type":"image\/webp"}],"author":"photonet","twitter_card":"summary_large_image","twitter_creator":"@https:\/\/x.com\/photonethu","twitter_site":"@photonethu","twitter_misc":{"Szerz\u0151:":"photonet","Becs\u00fclt olvas\u00e1si id\u0151":"5 perc"},"schema":{"@context":"https:\/\/schema.org","@graph":[{"@type":"Article","@id":"https:\/\/photonet.hu\/online\/magazin\/fotopalyazatok\/csodas-termeszet-a-termeszet-csodai-fotopalyazat-2026\/#article","isPartOf":{"@id":"https:\/\/photonet.hu\/online\/magazin\/fotopalyazatok\/csodas-termeszet-a-termeszet-csodai-fotopalyazat-2026\/"},"author":{"name":"photonet","@id":"\/#\/schema\/person\/b8065e4118b8cea4068716ccbdd92f94"},"headline":"Csod\u00e1s term\u00e9szet, a term\u00e9szet csod\u00e1i fot\u00f3p\u00e1ly\u00e1zat 2026","datePublished":"2026-04-02T14:50:33+00:00","dateModified":"2026-04-02T14:50:35+00:00","mainEntityOfPage":{"@id":"https:\/\/photonet.hu\/online\/magazin\/fotopalyazatok\/csodas-termeszet-a-termeszet-csodai-fotopalyazat-2026\/"},"wordCount":1345,"publisher":{"@id":"\/#organization"},"image":{"@id":"https:\/\/photonet.hu\/online\/magazin\/fotopalyazatok\/csodas-termeszet-a-termeszet-csodai-fotopalyazat-2026\/#primaryimage"},"thumbnailUrl":"https:\/\/photonet.hu\/online\/wp-content\/uploads\/2026\/04\/akademia_csodas_termeszet_termeszet_csodai_fotopalyazat_2026.webp","keywords":["fot\u00f3z\u00e1s","h\u00edrek","ki\u00e1ll\u00edt\u00e1s","p\u00e1ly\u00e1zat"],"articleSection":["Fot\u00f3p\u00e1ly\u00e1zatok"],"inLanguage":"hu"},{"@type":"WebPage","@id":"https:\/\/photonet.hu\/online\/magazin\/fotopalyazatok\/csodas-termeszet-a-termeszet-csodai-fotopalyazat-2026\/","url":"https:\/\/photonet.hu\/online\/magazin\/fotopalyazatok\/csodas-termeszet-a-termeszet-csodai-fotopalyazat-2026\/","name":"Csod\u00e1s term\u00e9szet, a term\u00e9szet csod\u00e1i fot\u00f3p\u00e1ly\u00e1zat 2026 - Photonet","isPartOf":{"@id":"\/#website"},"primaryImageOfPage":{"@id":"https:\/\/photonet.hu\/online\/magazin\/fotopalyazatok\/csodas-termeszet-a-termeszet-csodai-fotopalyazat-2026\/#primaryimage"},"image":{"@id":"https:\/\/photonet.hu\/online\/magazin\/fotopalyazatok\/csodas-termeszet-a-termeszet-csodai-fotopalyazat-2026\/#primaryimage"},"thumbnailUrl":"https:\/\/photonet.hu\/online\/wp-content\/uploads\/2026\/04\/akademia_csodas_termeszet_termeszet_csodai_fotopalyazat_2026.webp","datePublished":"2026-04-02T14:50:33+00:00","dateModified":"2026-04-02T14:50:35+00:00","description":"Natura Mirabilis term\u00e9szetfot\u00f3 p\u00e1ly\u00e1zat 2026: az MTA kihirdette a nyerteseket, bemutatjuk a d\u00edjazott term\u00e9szetfot\u00f3kat \u00e9s a ki\u00e1ll\u00edt\u00e1st.","breadcrumb":{"@id":"https:\/\/photonet.hu\/online\/magazin\/fotopalyazatok\/csodas-termeszet-a-termeszet-csodai-fotopalyazat-2026\/#breadcrumb"},"inLanguage":"hu","potentialAction":[{"@type":"ReadAction","target":["https:\/\/photonet.hu\/online\/magazin\/fotopalyazatok\/csodas-termeszet-a-termeszet-csodai-fotopalyazat-2026\/"]}]},{"@type":"ImageObject","inLanguage":"hu","@id":"https:\/\/photonet.hu\/online\/magazin\/fotopalyazatok\/csodas-termeszet-a-termeszet-csodai-fotopalyazat-2026\/#primaryimage","url":"https:\/\/photonet.hu\/online\/wp-content\/uploads\/2026\/04\/akademia_csodas_termeszet_termeszet_csodai_fotopalyazat_2026.webp","contentUrl":"https:\/\/photonet.hu\/online\/wp-content\/uploads\/2026\/04\/akademia_csodas_termeszet_termeszet_csodai_fotopalyazat_2026.webp","width":825,"height":537,"caption":"Palcsek Istv\u00e1n f\u0151d\u00edjas fot\u00f3ja: Egyenletes eloszl\u00e1s - Natura Mirabilis term\u00e9szetfot\u00f3 p\u00e1ly\u00e1zat 2026"},{"@type":"BreadcrumbList","@id":"https:\/\/photonet.hu\/online\/magazin\/fotopalyazatok\/csodas-termeszet-a-termeszet-csodai-fotopalyazat-2026\/#breadcrumb","itemListElement":[{"@type":"ListItem","position":1,"name":"Kezd\u0151lap","item":"https:\/\/photonet.hu\/online\/"},{"@type":"ListItem","position":2,"name":"Csod\u00e1s term\u00e9szet, a term\u00e9szet csod\u00e1i fot\u00f3p\u00e1ly\u00e1zat 2026"}]},{"@type":"WebSite","@id":"\/#website","url":"\/","name":"Photonet","description":"Photonet - online fot\u00f3s magazin","publisher":{"@id":"\/#organization"},"potentialAction":[{"@type":"SearchAction","target":{"@type":"EntryPoint","urlTemplate":"\/?s={search_term_string}"},"query-input":{"@type":"PropertyValueSpecification","valueRequired":true,"valueName":"search_term_string"}}],"inLanguage":"hu"},{"@type":"Organization","@id":"\/#organization","name":"Photonet","url":"\/","logo":{"@type":"ImageObject","inLanguage":"hu","@id":"\/#\/schema\/logo\/image\/","url":"https:\/\/photonet.hu\/online\/wp-content\/uploads\/2026\/02\/photonet_lens_shutter_512.png","contentUrl":"https:\/\/photonet.hu\/online\/wp-content\/uploads\/2026\/02\/photonet_lens_shutter_512.png","width":512,"height":512,"caption":"Photonet"},"image":{"@id":"\/#\/schema\/logo\/image\/"},"sameAs":["https:\/\/www.facebook.com\/photonet.hu","https:\/\/x.com\/photonethu","https:\/\/www.pinterest.com\/acsienator\/photography\/"]},{"@type":"Person","@id":"\/#\/schema\/person\/b8065e4118b8cea4068716ccbdd92f94","name":"photonet","image":{"@type":"ImageObject","inLanguage":"hu","@id":"https:\/\/secure.gravatar.com\/avatar\/7c91ab952e1e196e2bf6641a013b7b971ffa12946ddbf0f05fb85f62d3433ce2?s=96&d=mm&r=g","url":"https:\/\/secure.gravatar.com\/avatar\/7c91ab952e1e196e2bf6641a013b7b971ffa12946ddbf0f05fb85f62d3433ce2?s=96&d=mm&r=g","contentUrl":"https:\/\/secure.gravatar.com\/avatar\/7c91ab952e1e196e2bf6641a013b7b971ffa12946ddbf0f05fb85f62d3433ce2?s=96&d=mm&r=g","caption":"photonet"},"description":"szerkeszt\u0151 - photonet, online fot\u00f3s magazin","sameAs":["http:\/\/photonet.hu","https:\/\/www.facebook.com\/photonet.hu","https:\/\/x.com\/https:\/\/x.com\/photonethu"],"url":"https:\/\/photonet.hu\/online\/author\/photonet\/"}]}},"_links":{"self":[{"href":"https:\/\/photonet.hu\/online\/wp-json\/wp\/v2\/posts\/1835","targetHints":{"allow":["GET"]}}],"collection":[{"href":"https:\/\/photonet.hu\/online\/wp-json\/wp\/v2\/posts"}],"about":[{"href":"https:\/\/photonet.hu\/online\/wp-json\/wp\/v2\/types\/post"}],"author":[{"embeddable":true,"href":"https:\/\/photonet.hu\/online\/wp-json\/wp\/v2\/users\/1"}],"replies":[{"embeddable":true,"href":"https:\/\/photonet.hu\/online\/wp-json\/wp\/v2\/comments?post=1835"}],"version-history":[{"count":1,"href":"https:\/\/photonet.hu\/online\/wp-json\/wp\/v2\/posts\/1835\/revisions"}],"predecessor-version":[{"id":1837,"href":"https:\/\/photonet.hu\/online\/wp-json\/wp\/v2\/posts\/1835\/revisions\/1837"}],"wp:featuredmedia":[{"embeddable":true,"href":"https:\/\/photonet.hu\/online\/wp-json\/wp\/v2\/media\/1836"}],"wp:attachment":[{"href":"https:\/\/photonet.hu\/online\/wp-json\/wp\/v2\/media?parent=1835"}],"wp:term":[{"taxonomy":"category","embeddable":true,"href":"https:\/\/photonet.hu\/online\/wp-json\/wp\/v2\/categories?post=1835"},{"taxonomy":"post_tag","embeddable":true,"href":"https:\/\/photonet.hu\/online\/wp-json\/wp\/v2\/tags?post=1835"}],"curies":[{"name":"wp","href":"https:\/\/api.w.org\/{rel}","templated":true}]}}