{"id":1681,"date":"2025-04-16T18:33:20","date_gmt":"2025-04-16T16:33:20","guid":{"rendered":"https:\/\/photonet.hu\/online\/?p=1681"},"modified":"2025-04-16T18:33:22","modified_gmt":"2025-04-16T16:33:22","slug":"peter-lindbergh-fotokiallitas-a-mucsarnokban","status":"publish","type":"post","link":"https:\/\/photonet.hu\/online\/magazin\/esemenyek\/peter-lindbergh-fotokiallitas-a-mucsarnokban\/","title":{"rendered":"Peter Lindbergh fot\u00f3ki\u00e1ll\u00edt\u00e1s a M\u0171csarnokban"},"content":{"rendered":"<h2>A Budapest Fot\u00f3fesztiv\u00e1l 2025-\u00f6s nyit\u00f3esem\u00e9nye a vil\u00e1gh\u00edr\u0171 n\u00e9met divatfotogr\u00e1fus munk\u00e1it mutatja be a Fot\u00f3fesztiv\u00e1l \u00e9s a M\u0171csarnok szakmai egy\u00fcttm\u0171k\u00f6d\u00e9s\u00e9ben<\/h2>\n<p>A Budapest Fot\u00f3fesztiv\u00e1l 2025-ben Peter Lindbergh ki\u00e1ll\u00edt\u00e1s\u00e1val ind\u00edtotta kilencedik \u00e9vad\u00e1t. A M\u0171csarnok \u00e9s a fesztiv\u00e1l szervez\u0151inek egy\u00fcttm\u0171k\u00f6d\u00e9s\u00e9ben megval\u00f3sult t\u00e1rlat az els\u0151 alkalom, hogy Magyarorsz\u00e1gon \u00f6n\u00e1ll\u00f3 ki\u00e1ll\u00edt\u00e1son l\u00e1that\u00f3k a vil\u00e1gh\u00edr\u0171 n\u00e9met divatfotogr\u00e1fus munk\u00e1i. A v\u00e1logat\u00e1s t\u00f6bb mint \u00f6tven ikonikus fotogr\u00e1fi\u00e1t mutat be, k\u00f6zt\u00fck olyan felv\u00e9teleket is, amelyek d\u00f6nt\u0151en befoly\u00e1solt\u00e1k a divatfot\u00f3z\u00e1s fejl\u0151d\u00e9s\u00e9t az elm\u00falt \u00e9vtizedekben.<\/p>\n<p>Peter Lindbergh neve az 1980-as \u00e9vekt\u0151l kezdve v\u00e1lt meghat\u00e1roz\u00f3v\u00e1 a nemzetk\u00f6zi fot\u00f3m\u0171v\u00e9szetben. Munk\u00e1i els\u0151sorban fekete-feh\u00e9r portr\u00e9k, melyeken a modell szem\u00e9lyis\u00e9g\u00e9nek megmutat\u00e1sa fontosabb szerepet kapott, mint a hagyom\u00e1nyos sz\u00e9ps\u00e9gide\u00e1l, vagy a divatbemutat\u00f3 kontextusa. Minimalista megk\u00f6zel\u00edt\u00e9se, a p\u00f3zol\u00e1s elhagy\u00e1sa, valamint az \u0151szinte pillanatok keres\u00e9se \u00faj ir\u00e1nyt jel\u00f6lt ki a divatfotogr\u00e1fi\u00e1ban.<\/p>\n<p>A t\u00e1rlat egyik kiemelt darabja az a 1988-as felv\u00e9tel, amelyet Lindbergh az American Vogue sz\u00e1m\u00e1ra k\u00e9sz\u00edtett. A fot\u00f3n hat modell l\u00e1that\u00f3 egyszer\u0171 feh\u00e9r ingben a tengerparton. A k\u00e9pen nem a ruh\u00e1zat vagy a styling kap hangs\u00falyt, hanem a term\u00e9szetess\u00e9g \u00e9s az emberi kapcsolat. Ez a kompoz\u00edci\u00f3 m\u00e1ra a divatfot\u00f3z\u00e1s egyik legismertebb szimb\u00f3lum\u00e1v\u00e1 v\u00e1lt.<\/p>\n<p>Szint\u00e9n k\u00f6zponti szerepet kap a British Vogue 1990. janu\u00e1ri sz\u00e1m\u00e1nak c\u00edmlapfot\u00f3ja. Ezen Naomi Campbell, Cindy Crawford, Linda Evangelista, Tatjana Patitz \u00e9s Christy Turlington k\u00f6z\u00f6sen jelennek meg, ami nemcsak egy \u00faj korszakot nyitott a szupermodellek t\u00f6rt\u00e9net\u00e9ben, hanem a divatfot\u00f3 narrat\u00edv szerep\u00e9t is \u00fajra\u00e9rtelmezte. A k\u00e9pen megjelen\u0151 filmcsillagszer\u0171 karakterek a szem\u00e9lyis\u00e9g hangs\u00falyoz\u00e1s\u00e1val emelt\u00e9k ki Lindbergh megk\u00f6zel\u00edt\u00e9s\u00e9nek l\u00e9nyeg\u00e9t.<\/p>\n<p>A ki\u00e1ll\u00edt\u00e1s k\u00fcl\u00f6n fejezetet szentel a n\u0151i archet\u00edpusok \u00e1br\u00e1zol\u00e1s\u00e1nak. A t\u00e1ncosn\u0151, a femme fatale \u00e9s a h\u0151sn\u0151 mot\u00edvumai nem csup\u00e1n vizu\u00e1lis t\u00e9m\u00e1k, hanem a szerepj\u00e1t\u00e9k \u00e9s karakter\u00e1br\u00e1zol\u00e1s eszk\u00f6zei is. Ezek a karakterek a fotogr\u00e1fus k\u00e9pein kereszt\u00fcl gyakran a narrat\u00edv fot\u00f3z\u00e1s fel\u00e9 mozdulnak el, amit a fekete-feh\u00e9r eszk\u00f6zt\u00e1r m\u00e9g ink\u00e1bb kiemel.<\/p>\n<p>A M\u0171csarnok t\u00e1rlat\u00e1n sz\u00e1mos ismert arccal tal\u00e1lkozhat a l\u00e1togat\u00f3. Kate Moss, Monica Bellucci, Nicole Kidman \u00e9s Adrien Brody portr\u00e9i egyar\u00e1nt szerepelnek a v\u00e1logat\u00e1sban. Ezek a k\u00e9pek nemcsak h\u00edress\u00e9geket mutatnak, hanem a karakter m\u00f6g\u00f6tti embert is felt\u00e1rj\u00e1k, gyakran a film \u00e9s a sz\u00ednh\u00e1z hat\u00e1srendszer\u00e9t felid\u00e9zve.<\/p>\n<p>Az Angel Story c\u00edm\u0171 sorozat Lindbergh egyik szem\u00e9lyes kedvence. A k\u00e9psorozatot Wim Wenders \u201eBerlin felett az \u00e9g\u201d c\u00edm\u0171 filmje inspir\u00e1lta. A k\u00e9pek melankolikus, lebeg\u0151 hangulata, a v\u00e1rosi h\u00e1tt\u00e9r \u00e9s az emberi alakok egym\u00e1shoz val\u00f3 viszonya \u00faj r\u00e9tegekkel gazdag\u00edtja a klasszikus portr\u00e9fot\u00f3 eszk\u00f6zt\u00e1r\u00e1t.<\/p>\n<p>A fot\u00f3ki\u00e1ll\u00edt\u00e1s szervez\u00e9s\u00e9\u00e9rt Tulip\u00e1n Zsuzsanna kur\u00e1tor \u00e9s Mucsy Szilvia, a Budapest Fot\u00f3fesztiv\u00e1l vezet\u0151je felel\u0151s. A kur\u00e1tori koncepci\u00f3 kiemelten kezeli a fotogr\u00e1fus m\u0171v\u00e9szi sz\u00e1nd\u00e9kait, \u00e9s igyekszik olyan tematikus egys\u00e9geket l\u00e9trehozni, amelyek a l\u00e1togat\u00f3k sz\u00e1m\u00e1ra is j\u00f3l k\u00f6vethet\u0151ek.<\/p>\n<p>A M\u0171csarnok ki\u00e1ll\u00edt\u00f3terei t\u00f6bb z\u00f3n\u00e1ra tagol\u00f3dnak. Az egyes termek k\u00fcl\u00f6n tematikus egys\u00e9geket mutatnak be. A klasszikus divatfot\u00f3k mellett szerepet kapnak a filmes ihlet\u00e9s\u0171 munk\u00e1k, a portr\u00e9k, valamint az experiment\u00e1lis k\u00e9psorozatok is. A l\u00e1togat\u00f3k sz\u00e1m\u00e1ra ez a koncepci\u00f3 lehet\u0151v\u00e9 teszi a Lindbergh-\u00e9letm\u0171 k\u00fcl\u00f6nb\u00f6z\u0151 korszakainak \u00e9s t\u00e9m\u00e1inak \u00f6sszehasonl\u00edt\u00e1s\u00e1t.<\/p>\n<p>A t\u00e1rlat nemcsak eszt\u00e9tikai \u00e9lm\u00e9nyt k\u00edn\u00e1l, hanem fot\u00f3t\u00f6rt\u00e9neti betekint\u00e9st is ny\u00fajt. A l\u00e1togat\u00f3k megismerhetik a divatfot\u00f3z\u00e1s azon korszak\u00e1t, amelyben a rekl\u00e1m c\u00e9l\u00fa, idealiz\u00e1lt k\u00e9pi vil\u00e1g hely\u00e9t az \u0151szinte \u00e1br\u00e1zol\u00e1s, az egy\u00e9ni l\u00e1t\u00e1sm\u00f3d \u00e9s a karakter\u00e1br\u00e1zol\u00e1s vette \u00e1t.<\/p>\n<p>A Budapest Fot\u00f3fesztiv\u00e1l nyit\u00f3esem\u00e9nye nemcsak egy ki\u00e1ll\u00edt\u00e1s, hanem egy olyan szakmai platform, amely lehet\u0151s\u00e9get ad a divatfot\u00f3 \u00e9s portr\u00e9fot\u00f3 ir\u00e1nt \u00e9rdekl\u0151d\u0151 k\u00f6z\u00f6ns\u00e9g sz\u00e1m\u00e1ra a n\u00e9met divatfot\u00f3s nemzetk\u00f6zi m\u00e9rc\u00e9vel is kiemelked\u0151 \u00e9letm\u0171v\u00e9nek megismer\u00e9s\u00e9re.<\/p>\n<p>A Peter Lindbergh fot\u00f3ki\u00e1ll\u00edt\u00e1s 2025. m\u00e1rcius 29. \u00e9s j\u00fanius 22. k\u00f6z\u00f6tt l\u00e1togathat\u00f3 a M\u0171csarnokban.<\/p>\n<p>A fot\u00f3n Estelle Lefebure, Karen Alexander, Rachel Williams, Tatjana Patitz, Christy Turlington, Vogue Usa, Los Angeles, 1988. \/ Peter Lindbergh<\/p>\n<h3>Peter Lindbergh fot\u00f3ki\u00e1ll\u00edt\u00e1s<\/h3>\n<p>2025 m\u00e1rcius 29. \u2013 j\u00fanius 22.<br \/>\n<b>M\u0171csarnok<\/b><br \/>\nBudapest, D\u00f3zsa Gy\u00f6rgy \u00fat 37.<br \/>\nNyitvatart\u00e1s: kedd-vas\u00e1rnap: 10-18 \u00f3ra, cs\u00fct\u00f6rt\u00f6k 12-20 \u00f3ra<\/p>\n","protected":false},"excerpt":{"rendered":"<p>A Budapest Fot\u00f3fesztiv\u00e1l 2025-\u00f6s nyit\u00f3esem\u00e9nye a vil\u00e1gh\u00edr\u0171 n\u00e9met divatfotogr\u00e1fus munk\u00e1it mutatja be a Fot\u00f3fesztiv\u00e1l \u00e9s a M\u0171csarnok szakmai egy\u00fcttm\u0171k\u00f6d\u00e9s\u00e9ben A Budapest Fot\u00f3fesztiv\u00e1l 2025-ben Peter Lindbergh ki\u00e1ll\u00edt\u00e1s\u00e1val ind\u00edtotta kilencedik \u00e9vad\u00e1t. A M\u0171csarnok \u00e9s a fesztiv\u00e1l szervez\u0151inek egy\u00fcttm\u0171k\u00f6d\u00e9s\u00e9ben megval\u00f3sult t\u00e1rlat az els\u0151 alkalom, hogy Magyarorsz\u00e1gon \u00f6n\u00e1ll\u00f3 ki\u00e1ll\u00edt\u00e1son l\u00e1that\u00f3k a vil\u00e1gh\u00edr\u0171 n\u00e9met divatfotogr\u00e1fus munk\u00e1i. A v\u00e1logat\u00e1s t\u00f6bb mint [&hellip;]<\/p>\n","protected":false},"author":1,"featured_media":1682,"comment_status":"closed","ping_status":"open","sticky":false,"template":"","format":"standard","meta":{"footnotes":""},"categories":[99],"tags":[250,111,113,115,120],"class_list":{"0":"post-1681","1":"post","2":"type-post","3":"status-publish","4":"format-standard","5":"has-post-thumbnail","7":"category-esemenyek","8":"tag-divat","9":"tag-fotomuveszet-2","10":"tag-kiallitas","11":"tag-muzeum","12":"tag-reklam"},"yoast_head":"<!-- This site is optimized with the Yoast SEO plugin v27.4 - https:\/\/yoast.com\/product\/yoast-seo-wordpress\/ -->\n<title>Peter Lindbergh fot\u00f3ki\u00e1ll\u00edt\u00e1s a M\u0171csarnokban - Photonet<\/title>\n<meta name=\"robots\" content=\"index, follow, max-snippet:-1, max-image-preview:large, max-video-preview:-1\" \/>\n<link rel=\"canonical\" href=\"https:\/\/photonet.hu\/online\/magazin\/esemenyek\/peter-lindbergh-fotokiallitas-a-mucsarnokban\/\" \/>\n<meta property=\"og:locale\" content=\"hu_HU\" \/>\n<meta property=\"og:type\" content=\"article\" \/>\n<meta property=\"og:title\" content=\"Peter Lindbergh fot\u00f3ki\u00e1ll\u00edt\u00e1s a M\u0171csarnokban - Photonet\" \/>\n<meta property=\"og:description\" content=\"A Budapest Fot\u00f3fesztiv\u00e1l 2025-\u00f6s nyit\u00f3esem\u00e9nye a vil\u00e1gh\u00edr\u0171 n\u00e9met divatfotogr\u00e1fus munk\u00e1it mutatja be a Fot\u00f3fesztiv\u00e1l \u00e9s a M\u0171csarnok szakmai egy\u00fcttm\u0171k\u00f6d\u00e9s\u00e9ben A Budapest Fot\u00f3fesztiv\u00e1l 2025-ben Peter Lindbergh ki\u00e1ll\u00edt\u00e1s\u00e1val ind\u00edtotta kilencedik \u00e9vad\u00e1t. A M\u0171csarnok \u00e9s a fesztiv\u00e1l szervez\u0151inek egy\u00fcttm\u0171k\u00f6d\u00e9s\u00e9ben megval\u00f3sult t\u00e1rlat az els\u0151 alkalom, hogy Magyarorsz\u00e1gon \u00f6n\u00e1ll\u00f3 ki\u00e1ll\u00edt\u00e1son l\u00e1that\u00f3k a vil\u00e1gh\u00edr\u0171 n\u00e9met divatfotogr\u00e1fus munk\u00e1i. A v\u00e1logat\u00e1s t\u00f6bb mint [&hellip;]\" \/>\n<meta property=\"og:url\" content=\"https:\/\/photonet.hu\/online\/magazin\/esemenyek\/peter-lindbergh-fotokiallitas-a-mucsarnokban\/\" \/>\n<meta property=\"og:site_name\" content=\"Photonet\" \/>\n<meta property=\"article:publisher\" content=\"https:\/\/www.facebook.com\/photonet.hu\" \/>\n<meta property=\"article:author\" content=\"https:\/\/www.facebook.com\/photonet.hu\" \/>\n<meta property=\"article:published_time\" content=\"2025-04-16T16:33:20+00:00\" \/>\n<meta property=\"article:modified_time\" content=\"2025-04-16T16:33:22+00:00\" \/>\n<meta property=\"og:image\" content=\"https:\/\/photonet.hu\/online\/wp-content\/uploads\/2025\/04\/peter_lindbergh_divatfoto_fotokiallitas_mucsarnok.jpg\" \/>\n\t<meta property=\"og:image:width\" content=\"825\" \/>\n\t<meta property=\"og:image:height\" content=\"550\" \/>\n\t<meta property=\"og:image:type\" content=\"image\/jpeg\" \/>\n<meta name=\"author\" content=\"photonet\" \/>\n<meta name=\"twitter:card\" content=\"summary_large_image\" \/>\n<meta name=\"twitter:creator\" content=\"@https:\/\/x.com\/photonethu\" \/>\n<meta name=\"twitter:site\" content=\"@photonethu\" \/>\n<meta name=\"twitter:label1\" content=\"Szerz\u0151:\" \/>\n\t<meta name=\"twitter:data1\" content=\"photonet\" \/>\n\t<meta name=\"twitter:label2\" content=\"Becs\u00fclt olvas\u00e1si id\u0151\" \/>\n\t<meta name=\"twitter:data2\" content=\"5 perc\" \/>\n<script type=\"application\/ld+json\" class=\"yoast-schema-graph\">{\"@context\":\"https:\\\/\\\/schema.org\",\"@graph\":[{\"@type\":\"Article\",\"@id\":\"https:\\\/\\\/photonet.hu\\\/online\\\/magazin\\\/esemenyek\\\/peter-lindbergh-fotokiallitas-a-mucsarnokban\\\/#article\",\"isPartOf\":{\"@id\":\"https:\\\/\\\/photonet.hu\\\/online\\\/magazin\\\/esemenyek\\\/peter-lindbergh-fotokiallitas-a-mucsarnokban\\\/\"},\"author\":{\"name\":\"photonet\",\"@id\":\"\\\/#\\\/schema\\\/person\\\/b8065e4118b8cea4068716ccbdd92f94\"},\"headline\":\"Peter Lindbergh fot\u00f3ki\u00e1ll\u00edt\u00e1s a M\u0171csarnokban\",\"datePublished\":\"2025-04-16T16:33:20+00:00\",\"dateModified\":\"2025-04-16T16:33:22+00:00\",\"mainEntityOfPage\":{\"@id\":\"https:\\\/\\\/photonet.hu\\\/online\\\/magazin\\\/esemenyek\\\/peter-lindbergh-fotokiallitas-a-mucsarnokban\\\/\"},\"wordCount\":928,\"publisher\":{\"@id\":\"\\\/#organization\"},\"image\":{\"@id\":\"https:\\\/\\\/photonet.hu\\\/online\\\/magazin\\\/esemenyek\\\/peter-lindbergh-fotokiallitas-a-mucsarnokban\\\/#primaryimage\"},\"thumbnailUrl\":\"https:\\\/\\\/photonet.hu\\\/online\\\/wp-content\\\/uploads\\\/2025\\\/04\\\/peter_lindbergh_divatfoto_fotokiallitas_mucsarnok.jpg\",\"keywords\":[\"divat\",\"fot\u00f3m\u0171v\u00e9szet\",\"ki\u00e1ll\u00edt\u00e1s\",\"m\u00fazeum\",\"rekl\u00e1m\"],\"articleSection\":[\"Esem\u00e9nyek\"],\"inLanguage\":\"hu\"},{\"@type\":\"WebPage\",\"@id\":\"https:\\\/\\\/photonet.hu\\\/online\\\/magazin\\\/esemenyek\\\/peter-lindbergh-fotokiallitas-a-mucsarnokban\\\/\",\"url\":\"https:\\\/\\\/photonet.hu\\\/online\\\/magazin\\\/esemenyek\\\/peter-lindbergh-fotokiallitas-a-mucsarnokban\\\/\",\"name\":\"Peter Lindbergh fot\u00f3ki\u00e1ll\u00edt\u00e1s a M\u0171csarnokban - Photonet\",\"isPartOf\":{\"@id\":\"\\\/#website\"},\"primaryImageOfPage\":{\"@id\":\"https:\\\/\\\/photonet.hu\\\/online\\\/magazin\\\/esemenyek\\\/peter-lindbergh-fotokiallitas-a-mucsarnokban\\\/#primaryimage\"},\"image\":{\"@id\":\"https:\\\/\\\/photonet.hu\\\/online\\\/magazin\\\/esemenyek\\\/peter-lindbergh-fotokiallitas-a-mucsarnokban\\\/#primaryimage\"},\"thumbnailUrl\":\"https:\\\/\\\/photonet.hu\\\/online\\\/wp-content\\\/uploads\\\/2025\\\/04\\\/peter_lindbergh_divatfoto_fotokiallitas_mucsarnok.jpg\",\"datePublished\":\"2025-04-16T16:33:20+00:00\",\"dateModified\":\"2025-04-16T16:33:22+00:00\",\"breadcrumb\":{\"@id\":\"https:\\\/\\\/photonet.hu\\\/online\\\/magazin\\\/esemenyek\\\/peter-lindbergh-fotokiallitas-a-mucsarnokban\\\/#breadcrumb\"},\"inLanguage\":\"hu\",\"potentialAction\":[{\"@type\":\"ReadAction\",\"target\":[\"https:\\\/\\\/photonet.hu\\\/online\\\/magazin\\\/esemenyek\\\/peter-lindbergh-fotokiallitas-a-mucsarnokban\\\/\"]}]},{\"@type\":\"ImageObject\",\"inLanguage\":\"hu\",\"@id\":\"https:\\\/\\\/photonet.hu\\\/online\\\/magazin\\\/esemenyek\\\/peter-lindbergh-fotokiallitas-a-mucsarnokban\\\/#primaryimage\",\"url\":\"https:\\\/\\\/photonet.hu\\\/online\\\/wp-content\\\/uploads\\\/2025\\\/04\\\/peter_lindbergh_divatfoto_fotokiallitas_mucsarnok.jpg\",\"contentUrl\":\"https:\\\/\\\/photonet.hu\\\/online\\\/wp-content\\\/uploads\\\/2025\\\/04\\\/peter_lindbergh_divatfoto_fotokiallitas_mucsarnok.jpg\",\"width\":825,\"height\":550,\"caption\":\"Estelle Lefebure, Karen Alexander, Rachel Williams, Tatjana Patitz, Christy Turlington, Vogue Usa, Los Angeles, 1988. \\\/ Peter Lindbergh\"},{\"@type\":\"BreadcrumbList\",\"@id\":\"https:\\\/\\\/photonet.hu\\\/online\\\/magazin\\\/esemenyek\\\/peter-lindbergh-fotokiallitas-a-mucsarnokban\\\/#breadcrumb\",\"itemListElement\":[{\"@type\":\"ListItem\",\"position\":1,\"name\":\"Kezd\u0151lap\",\"item\":\"https:\\\/\\\/photonet.hu\\\/online\\\/\"},{\"@type\":\"ListItem\",\"position\":2,\"name\":\"Peter Lindbergh fot\u00f3ki\u00e1ll\u00edt\u00e1s a M\u0171csarnokban\"}]},{\"@type\":\"WebSite\",\"@id\":\"\\\/#website\",\"url\":\"\\\/\",\"name\":\"Photonet\",\"description\":\"Photonet - online fot\u00f3s magazin\",\"publisher\":{\"@id\":\"\\\/#organization\"},\"potentialAction\":[{\"@type\":\"SearchAction\",\"target\":{\"@type\":\"EntryPoint\",\"urlTemplate\":\"\\\/?s={search_term_string}\"},\"query-input\":{\"@type\":\"PropertyValueSpecification\",\"valueRequired\":true,\"valueName\":\"search_term_string\"}}],\"inLanguage\":\"hu\"},{\"@type\":\"Organization\",\"@id\":\"\\\/#organization\",\"name\":\"Photonet\",\"url\":\"\\\/\",\"logo\":{\"@type\":\"ImageObject\",\"inLanguage\":\"hu\",\"@id\":\"\\\/#\\\/schema\\\/logo\\\/image\\\/\",\"url\":\"https:\\\/\\\/photonet.hu\\\/online\\\/wp-content\\\/uploads\\\/2026\\\/02\\\/photonet_lens_shutter_512.png\",\"contentUrl\":\"https:\\\/\\\/photonet.hu\\\/online\\\/wp-content\\\/uploads\\\/2026\\\/02\\\/photonet_lens_shutter_512.png\",\"width\":512,\"height\":512,\"caption\":\"Photonet\"},\"image\":{\"@id\":\"\\\/#\\\/schema\\\/logo\\\/image\\\/\"},\"sameAs\":[\"https:\\\/\\\/www.facebook.com\\\/photonet.hu\",\"https:\\\/\\\/x.com\\\/photonethu\",\"https:\\\/\\\/www.pinterest.com\\\/acsienator\\\/photography\\\/\"]},{\"@type\":\"Person\",\"@id\":\"\\\/#\\\/schema\\\/person\\\/b8065e4118b8cea4068716ccbdd92f94\",\"name\":\"photonet\",\"image\":{\"@type\":\"ImageObject\",\"inLanguage\":\"hu\",\"@id\":\"https:\\\/\\\/secure.gravatar.com\\\/avatar\\\/7c91ab952e1e196e2bf6641a013b7b971ffa12946ddbf0f05fb85f62d3433ce2?s=96&d=mm&r=g\",\"url\":\"https:\\\/\\\/secure.gravatar.com\\\/avatar\\\/7c91ab952e1e196e2bf6641a013b7b971ffa12946ddbf0f05fb85f62d3433ce2?s=96&d=mm&r=g\",\"contentUrl\":\"https:\\\/\\\/secure.gravatar.com\\\/avatar\\\/7c91ab952e1e196e2bf6641a013b7b971ffa12946ddbf0f05fb85f62d3433ce2?s=96&d=mm&r=g\",\"caption\":\"photonet\"},\"description\":\"szerkeszt\u0151 - photonet, online fot\u00f3s magazin\",\"sameAs\":[\"http:\\\/\\\/photonet.hu\",\"https:\\\/\\\/www.facebook.com\\\/photonet.hu\",\"https:\\\/\\\/x.com\\\/https:\\\/\\\/x.com\\\/photonethu\"],\"url\":\"https:\\\/\\\/photonet.hu\\\/online\\\/author\\\/photonet\\\/\"}]}<\/script>\n<!-- \/ Yoast SEO plugin. -->","yoast_head_json":{"title":"Peter Lindbergh fot\u00f3ki\u00e1ll\u00edt\u00e1s a M\u0171csarnokban - Photonet","robots":{"index":"index","follow":"follow","max-snippet":"max-snippet:-1","max-image-preview":"max-image-preview:large","max-video-preview":"max-video-preview:-1"},"canonical":"https:\/\/photonet.hu\/online\/magazin\/esemenyek\/peter-lindbergh-fotokiallitas-a-mucsarnokban\/","og_locale":"hu_HU","og_type":"article","og_title":"Peter Lindbergh fot\u00f3ki\u00e1ll\u00edt\u00e1s a M\u0171csarnokban - Photonet","og_description":"A Budapest Fot\u00f3fesztiv\u00e1l 2025-\u00f6s nyit\u00f3esem\u00e9nye a vil\u00e1gh\u00edr\u0171 n\u00e9met divatfotogr\u00e1fus munk\u00e1it mutatja be a Fot\u00f3fesztiv\u00e1l \u00e9s a M\u0171csarnok szakmai egy\u00fcttm\u0171k\u00f6d\u00e9s\u00e9ben A Budapest Fot\u00f3fesztiv\u00e1l 2025-ben Peter Lindbergh ki\u00e1ll\u00edt\u00e1s\u00e1val ind\u00edtotta kilencedik \u00e9vad\u00e1t. A M\u0171csarnok \u00e9s a fesztiv\u00e1l szervez\u0151inek egy\u00fcttm\u0171k\u00f6d\u00e9s\u00e9ben megval\u00f3sult t\u00e1rlat az els\u0151 alkalom, hogy Magyarorsz\u00e1gon \u00f6n\u00e1ll\u00f3 ki\u00e1ll\u00edt\u00e1son l\u00e1that\u00f3k a vil\u00e1gh\u00edr\u0171 n\u00e9met divatfotogr\u00e1fus munk\u00e1i. A v\u00e1logat\u00e1s t\u00f6bb mint [&hellip;]","og_url":"https:\/\/photonet.hu\/online\/magazin\/esemenyek\/peter-lindbergh-fotokiallitas-a-mucsarnokban\/","og_site_name":"Photonet","article_publisher":"https:\/\/www.facebook.com\/photonet.hu","article_author":"https:\/\/www.facebook.com\/photonet.hu","article_published_time":"2025-04-16T16:33:20+00:00","article_modified_time":"2025-04-16T16:33:22+00:00","og_image":[{"width":825,"height":550,"url":"https:\/\/photonet.hu\/online\/wp-content\/uploads\/2025\/04\/peter_lindbergh_divatfoto_fotokiallitas_mucsarnok.jpg","type":"image\/jpeg"}],"author":"photonet","twitter_card":"summary_large_image","twitter_creator":"@https:\/\/x.com\/photonethu","twitter_site":"@photonethu","twitter_misc":{"Szerz\u0151:":"photonet","Becs\u00fclt olvas\u00e1si id\u0151":"5 perc"},"schema":{"@context":"https:\/\/schema.org","@graph":[{"@type":"Article","@id":"https:\/\/photonet.hu\/online\/magazin\/esemenyek\/peter-lindbergh-fotokiallitas-a-mucsarnokban\/#article","isPartOf":{"@id":"https:\/\/photonet.hu\/online\/magazin\/esemenyek\/peter-lindbergh-fotokiallitas-a-mucsarnokban\/"},"author":{"name":"photonet","@id":"\/#\/schema\/person\/b8065e4118b8cea4068716ccbdd92f94"},"headline":"Peter Lindbergh fot\u00f3ki\u00e1ll\u00edt\u00e1s a M\u0171csarnokban","datePublished":"2025-04-16T16:33:20+00:00","dateModified":"2025-04-16T16:33:22+00:00","mainEntityOfPage":{"@id":"https:\/\/photonet.hu\/online\/magazin\/esemenyek\/peter-lindbergh-fotokiallitas-a-mucsarnokban\/"},"wordCount":928,"publisher":{"@id":"\/#organization"},"image":{"@id":"https:\/\/photonet.hu\/online\/magazin\/esemenyek\/peter-lindbergh-fotokiallitas-a-mucsarnokban\/#primaryimage"},"thumbnailUrl":"https:\/\/photonet.hu\/online\/wp-content\/uploads\/2025\/04\/peter_lindbergh_divatfoto_fotokiallitas_mucsarnok.jpg","keywords":["divat","fot\u00f3m\u0171v\u00e9szet","ki\u00e1ll\u00edt\u00e1s","m\u00fazeum","rekl\u00e1m"],"articleSection":["Esem\u00e9nyek"],"inLanguage":"hu"},{"@type":"WebPage","@id":"https:\/\/photonet.hu\/online\/magazin\/esemenyek\/peter-lindbergh-fotokiallitas-a-mucsarnokban\/","url":"https:\/\/photonet.hu\/online\/magazin\/esemenyek\/peter-lindbergh-fotokiallitas-a-mucsarnokban\/","name":"Peter Lindbergh fot\u00f3ki\u00e1ll\u00edt\u00e1s a M\u0171csarnokban - Photonet","isPartOf":{"@id":"\/#website"},"primaryImageOfPage":{"@id":"https:\/\/photonet.hu\/online\/magazin\/esemenyek\/peter-lindbergh-fotokiallitas-a-mucsarnokban\/#primaryimage"},"image":{"@id":"https:\/\/photonet.hu\/online\/magazin\/esemenyek\/peter-lindbergh-fotokiallitas-a-mucsarnokban\/#primaryimage"},"thumbnailUrl":"https:\/\/photonet.hu\/online\/wp-content\/uploads\/2025\/04\/peter_lindbergh_divatfoto_fotokiallitas_mucsarnok.jpg","datePublished":"2025-04-16T16:33:20+00:00","dateModified":"2025-04-16T16:33:22+00:00","breadcrumb":{"@id":"https:\/\/photonet.hu\/online\/magazin\/esemenyek\/peter-lindbergh-fotokiallitas-a-mucsarnokban\/#breadcrumb"},"inLanguage":"hu","potentialAction":[{"@type":"ReadAction","target":["https:\/\/photonet.hu\/online\/magazin\/esemenyek\/peter-lindbergh-fotokiallitas-a-mucsarnokban\/"]}]},{"@type":"ImageObject","inLanguage":"hu","@id":"https:\/\/photonet.hu\/online\/magazin\/esemenyek\/peter-lindbergh-fotokiallitas-a-mucsarnokban\/#primaryimage","url":"https:\/\/photonet.hu\/online\/wp-content\/uploads\/2025\/04\/peter_lindbergh_divatfoto_fotokiallitas_mucsarnok.jpg","contentUrl":"https:\/\/photonet.hu\/online\/wp-content\/uploads\/2025\/04\/peter_lindbergh_divatfoto_fotokiallitas_mucsarnok.jpg","width":825,"height":550,"caption":"Estelle Lefebure, Karen Alexander, Rachel Williams, Tatjana Patitz, Christy Turlington, Vogue Usa, Los Angeles, 1988. \/ Peter Lindbergh"},{"@type":"BreadcrumbList","@id":"https:\/\/photonet.hu\/online\/magazin\/esemenyek\/peter-lindbergh-fotokiallitas-a-mucsarnokban\/#breadcrumb","itemListElement":[{"@type":"ListItem","position":1,"name":"Kezd\u0151lap","item":"https:\/\/photonet.hu\/online\/"},{"@type":"ListItem","position":2,"name":"Peter Lindbergh fot\u00f3ki\u00e1ll\u00edt\u00e1s a M\u0171csarnokban"}]},{"@type":"WebSite","@id":"\/#website","url":"\/","name":"Photonet","description":"Photonet - online fot\u00f3s magazin","publisher":{"@id":"\/#organization"},"potentialAction":[{"@type":"SearchAction","target":{"@type":"EntryPoint","urlTemplate":"\/?s={search_term_string}"},"query-input":{"@type":"PropertyValueSpecification","valueRequired":true,"valueName":"search_term_string"}}],"inLanguage":"hu"},{"@type":"Organization","@id":"\/#organization","name":"Photonet","url":"\/","logo":{"@type":"ImageObject","inLanguage":"hu","@id":"\/#\/schema\/logo\/image\/","url":"https:\/\/photonet.hu\/online\/wp-content\/uploads\/2026\/02\/photonet_lens_shutter_512.png","contentUrl":"https:\/\/photonet.hu\/online\/wp-content\/uploads\/2026\/02\/photonet_lens_shutter_512.png","width":512,"height":512,"caption":"Photonet"},"image":{"@id":"\/#\/schema\/logo\/image\/"},"sameAs":["https:\/\/www.facebook.com\/photonet.hu","https:\/\/x.com\/photonethu","https:\/\/www.pinterest.com\/acsienator\/photography\/"]},{"@type":"Person","@id":"\/#\/schema\/person\/b8065e4118b8cea4068716ccbdd92f94","name":"photonet","image":{"@type":"ImageObject","inLanguage":"hu","@id":"https:\/\/secure.gravatar.com\/avatar\/7c91ab952e1e196e2bf6641a013b7b971ffa12946ddbf0f05fb85f62d3433ce2?s=96&d=mm&r=g","url":"https:\/\/secure.gravatar.com\/avatar\/7c91ab952e1e196e2bf6641a013b7b971ffa12946ddbf0f05fb85f62d3433ce2?s=96&d=mm&r=g","contentUrl":"https:\/\/secure.gravatar.com\/avatar\/7c91ab952e1e196e2bf6641a013b7b971ffa12946ddbf0f05fb85f62d3433ce2?s=96&d=mm&r=g","caption":"photonet"},"description":"szerkeszt\u0151 - photonet, online fot\u00f3s magazin","sameAs":["http:\/\/photonet.hu","https:\/\/www.facebook.com\/photonet.hu","https:\/\/x.com\/https:\/\/x.com\/photonethu"],"url":"https:\/\/photonet.hu\/online\/author\/photonet\/"}]}},"_links":{"self":[{"href":"https:\/\/photonet.hu\/online\/wp-json\/wp\/v2\/posts\/1681","targetHints":{"allow":["GET"]}}],"collection":[{"href":"https:\/\/photonet.hu\/online\/wp-json\/wp\/v2\/posts"}],"about":[{"href":"https:\/\/photonet.hu\/online\/wp-json\/wp\/v2\/types\/post"}],"author":[{"embeddable":true,"href":"https:\/\/photonet.hu\/online\/wp-json\/wp\/v2\/users\/1"}],"replies":[{"embeddable":true,"href":"https:\/\/photonet.hu\/online\/wp-json\/wp\/v2\/comments?post=1681"}],"version-history":[{"count":0,"href":"https:\/\/photonet.hu\/online\/wp-json\/wp\/v2\/posts\/1681\/revisions"}],"wp:featuredmedia":[{"embeddable":true,"href":"https:\/\/photonet.hu\/online\/wp-json\/wp\/v2\/media\/1682"}],"wp:attachment":[{"href":"https:\/\/photonet.hu\/online\/wp-json\/wp\/v2\/media?parent=1681"}],"wp:term":[{"taxonomy":"category","embeddable":true,"href":"https:\/\/photonet.hu\/online\/wp-json\/wp\/v2\/categories?post=1681"},{"taxonomy":"post_tag","embeddable":true,"href":"https:\/\/photonet.hu\/online\/wp-json\/wp\/v2\/tags?post=1681"}],"curies":[{"name":"wp","href":"https:\/\/api.w.org\/{rel}","templated":true}]}}