{"id":1593,"date":"2025-03-25T16:53:47","date_gmt":"2025-03-25T14:53:47","guid":{"rendered":"https:\/\/photonet.hu\/online\/?p=1593"},"modified":"2025-03-25T16:55:03","modified_gmt":"2025-03-25T14:55:03","slug":"mathieu-bitton-paris-blues-fotos-konyv","status":"publish","type":"post","link":"https:\/\/photonet.hu\/online\/magazin\/konyvajanlo\/mathieu-bitton-paris-blues-fotos-konyv\/","title":{"rendered":"Mathieu Bitton: Paris Blues fot\u00f3s k\u00f6nyv"},"content":{"rendered":"\n<h2 class=\"wp-block-heading\">P\u00e1rizs lelke egyetlen k\u00e9psorozatban; Mesterkurzus a st\u00edlus, a kult\u00fara \u00e9s a filmes fotogr\u00e1fia vil\u00e1g\u00e1ban<\/h2>\n\n\n\n<p>Mathieu Bitton neve m\u00e1r \u00e9vtizedek \u00f3ta ismer\u0151sen cseng a zenei \u00e9s vizu\u00e1lis m\u0171v\u00e9szeti k\u00f6zegben. A Grammy-d\u00edjas fot\u00f3s \u00e9s m\u0171v\u00e9szeti igazgat\u00f3 leg\u00fajabb alkot\u00e1s\u00e1val, a Paris Blues c\u00edm\u0171 fot\u00f3albummal visszat\u00e9r sz\u00fcl\u0151v\u00e1ros\u00e1hoz, hogy annak l\u00e9nyeg\u00e9t fekete-feh\u00e9r \u00e9s sz\u00ednes k\u00e9pek form\u00e1j\u00e1ban \u00f6r\u00f6k\u00edtse meg. A fot\u00f3album m\u00e1r most kiemelked\u0151 figyelmet kapott a szakma \u00e9s a kritikusok k\u00f6r\u00e9ben.<\/p>\n\n\n\n<h2 class=\"wp-block-heading\">A Paris Blues sz\u00fclet\u00e9se<\/h2>\n\n\n\n<p>Bitton, aki P\u00e1rizsban sz\u00fclett \u00e9s ott n\u0151tt fel, majd tin\u00e9dzserk\u00e9nt k\u00f6lt\u00f6z\u00f6tt az Egyes\u00fclt \u00c1llamokba, mindig is meghat\u00e1roz\u00f3 kapcsolatot \u00e1polt a francia f\u0151v\u00e1rossal. Fot\u00f3albuma egyfajta id\u0151utaz\u00e1s, amely r\u00e9gi eml\u00e9keket \u00e9s kort\u00e1rs pillanatokat \u00f6tv\u00f6z. Az album 200 k\u00e9p seg\u00edts\u00e9g\u00e9vel mutatja be a v\u00e1ros esszenci\u00e1j\u00e1t, a jazzklubok f\u00fcstj\u00e9t\u0151l a divat utca lenyomat\u00e1ig.<\/p>\n\n\n\n<p>&#8222;Ez a k\u00f6nyv egy szerelmeslev\u00e9l a v\u00e1roshoz, amely megtan\u00edtott arra, hogyan l\u00e1ssam meg egy pillanat l\u00e9nyeg\u00e9t&#8221; \u2013 fogalmazott Bitton. A kiadv\u00e1ny el\u0151szav\u00e1t Naomi Campbell \u00edrta, aki a fot\u00f3m\u0171v\u00e9sz munk\u00e1j\u00e1t nosztalgikus, de egyben \u00e9lettel teli alkot\u00e1sk\u00e9nt jellemezte.<\/p>\n\n\n\n<h2 class=\"wp-block-heading\">K\u00e9pek, amelyek t\u00f6rt\u00e9neteket mes\u00e9lnek<\/h2>\n\n\n\n<p>A Paris Blues fot\u00f3i nem csup\u00e1n k\u00e9pek, hanem narrat\u00edv\u00e1k. Bitton k\u00e9pes arra, hogy a legegyszer\u0171bb utcai jeleneteket is \u00e9rzelemmel teli, m\u00e9ly jelent\u00e9s\u0171 kompoz\u00edci\u00f3v\u00e1 alak\u00edtsa. Az alkot\u00e1sok egyfajta vizu\u00e1lis napl\u00f3k, amelyekben a nosztalgia keveredik a modern p\u00e1rizsi \u00e9let ritmus\u00e1val.<\/p>\n\n\n\n<p>A fot\u00f3m\u0171v\u00e9sz munk\u00e1j\u00e1t a Los Angeles Times is kiemelte, amely szerint Bitton egyedi l\u00e1t\u00e1sm\u00f3ddal k\u00e9pes meg\u00f6r\u00f6k\u00edteni az id\u0151tlen pillanatokat. Az album p\u00e1rizsi ki\u00e1ll\u00edt\u00e1sai jelent\u0151s sikert arattak, ak\u00e1rcsak a Los Angeles-i \u00e9s New York-i bemutat\u00f3k.<\/p>\n\n\n\n<figure class=\"wp-block-gallery has-nested-images columns-default is-cropped wp-block-gallery-1 is-layout-flex wp-block-gallery-is-layout-flex\">\n<figure class=\"wp-block-image size-large\"><img decoding=\"async\" width=\"696\" height=\"825\" data-id=\"1596\" src=\"https:\/\/photonet.hu\/online\/wp-content\/uploads\/2025\/03\/mathieu_bitton_paris_blues_fotoalbum_cover.jpg\" alt=\"\" class=\"wp-image-1596\" srcset=\"https:\/\/photonet.hu\/online\/wp-content\/uploads\/2025\/03\/mathieu_bitton_paris_blues_fotoalbum_cover.jpg 696w, https:\/\/photonet.hu\/online\/wp-content\/uploads\/2025\/03\/mathieu_bitton_paris_blues_fotoalbum_cover-150x178.jpg 150w, https:\/\/photonet.hu\/online\/wp-content\/uploads\/2025\/03\/mathieu_bitton_paris_blues_fotoalbum_cover-300x356.jpg 300w, https:\/\/photonet.hu\/online\/wp-content\/uploads\/2025\/03\/mathieu_bitton_paris_blues_fotoalbum_cover-253x300.jpg 253w, https:\/\/photonet.hu\/online\/wp-content\/uploads\/2025\/03\/mathieu_bitton_paris_blues_fotoalbum_cover-354x420.jpg 354w\" sizes=\"(max-width: 696px) 100vw, 696px\" \/><\/figure>\n\n\n\n<figure class=\"wp-block-image size-large\"><img decoding=\"async\" width=\"549\" height=\"825\" data-id=\"1598\" src=\"https:\/\/photonet.hu\/online\/wp-content\/uploads\/2025\/03\/mathieu_bitton_paris_blues_lenny_kravitz_photo.jpg\" alt=\"\" class=\"wp-image-1598\" srcset=\"https:\/\/photonet.hu\/online\/wp-content\/uploads\/2025\/03\/mathieu_bitton_paris_blues_lenny_kravitz_photo.jpg 549w, https:\/\/photonet.hu\/online\/wp-content\/uploads\/2025\/03\/mathieu_bitton_paris_blues_lenny_kravitz_photo-150x225.jpg 150w, https:\/\/photonet.hu\/online\/wp-content\/uploads\/2025\/03\/mathieu_bitton_paris_blues_lenny_kravitz_photo-300x451.jpg 300w, https:\/\/photonet.hu\/online\/wp-content\/uploads\/2025\/03\/mathieu_bitton_paris_blues_lenny_kravitz_photo-200x300.jpg 200w, https:\/\/photonet.hu\/online\/wp-content\/uploads\/2025\/03\/mathieu_bitton_paris_blues_lenny_kravitz_photo-279x420.jpg 279w\" sizes=\"(max-width: 549px) 100vw, 549px\" \/><\/figure>\n\n\n\n<figure class=\"wp-block-image size-large\"><img decoding=\"async\" width=\"550\" height=\"827\" data-id=\"1597\" src=\"https:\/\/photonet.hu\/online\/wp-content\/uploads\/2025\/03\/mathieu_bitton_portrait_by_jason_roman.jpg\" alt=\"\" class=\"wp-image-1597\" srcset=\"https:\/\/photonet.hu\/online\/wp-content\/uploads\/2025\/03\/mathieu_bitton_portrait_by_jason_roman.jpg 550w, https:\/\/photonet.hu\/online\/wp-content\/uploads\/2025\/03\/mathieu_bitton_portrait_by_jason_roman-150x226.jpg 150w, https:\/\/photonet.hu\/online\/wp-content\/uploads\/2025\/03\/mathieu_bitton_portrait_by_jason_roman-300x451.jpg 300w, https:\/\/photonet.hu\/online\/wp-content\/uploads\/2025\/03\/mathieu_bitton_portrait_by_jason_roman-200x300.jpg 200w, https:\/\/photonet.hu\/online\/wp-content\/uploads\/2025\/03\/mathieu_bitton_portrait_by_jason_roman-279x420.jpg 279w\" sizes=\"(max-width: 550px) 100vw, 550px\" \/><\/figure>\n<\/figure>\n\n\n\n<h2 class=\"wp-block-heading\">Bitton hat\u00e1sa a fot\u00f3m\u0171v\u00e9szetre<\/h2>\n\n\n\n<p>Bitton nem csup\u00e1n fot\u00f3sk\u00e9nt v\u00e1lt elismertt\u00e9, hanem zenei albumbor\u00edt\u00f3k, filmplak\u00e1tok \u00e9s m\u0171v\u00e9szeti rendez\u00e9sek ter\u00e9n is maradand\u00f3t alkotott. Az olyan ikonikus el\u0151ad\u00f3kkal val\u00f3 egy\u00fcttm\u0171k\u00f6d\u00e9sei, mint Quincy Jones, Lenny Kravitz vagy Dave Chappelle, jelent\u0151s hat\u00e1ssal voltak a vizu\u00e1lis kult\u00far\u00e1ra.<\/p>\n\n\n\n<h2 class=\"wp-block-heading\">Mathieu Bitton \u00e9let\u00fatja<\/h2>\n\n\n\n<p>Mathieu Bitton 1973-ban sz\u00fcletett P\u00e1rizsban, ahol m\u00e1r fiatalon kapcsolatba ker\u00fclt a m\u0171v\u00e9szeti vil\u00e1ggal. Tizen\u00e9vesen az Egyes\u00fclt \u00c1llamokba k\u00f6lt\u00f6z\u00f6tt, ahol vizu\u00e1lis kommunik\u00e1ci\u00f3t tanult, majd gyorsan a zenei \u00e9s m\u0171v\u00e9szeti ipar egyik meghat\u00e1roz\u00f3 alakj\u00e1v\u00e1 n\u0151tte ki mag\u00e1t.<\/p>\n\n\n\n<p>Karrierje sor\u00e1n olyan m\u0171v\u00e9szekkel dolgozott, mint Stevie Wonder, The Rolling Stones, Lady Gaga, Bruce Springsteen, Jay-Z, Chris Rock \u00e9s Morgan Freeman. Emellett \u00e9veken \u00e1t Lenny Kravitz hivatalos fot\u00f3sa \u00e9s m\u0171v\u00e9szeti igazgat\u00f3ja volt.<\/p>\n\n\n\n<p>Bitton elnyerte a francia Becs\u00fcletrend m\u0171v\u00e9szeti \u00e9rdemrend lovagi fokozat\u00e1t, valamint t\u00f6bb Grammy-d\u00edjat \u00e9s jel\u00f6l\u00e9st kapott a vizu\u00e1lis m\u0171v\u00e9szeti alkot\u00e1sai\u00e9rt. A dokumentumfot\u00f3z\u00e1sban is kiemelked\u0151 teljes\u00edtm\u00e9nyt ny\u00fajtott, melynek eredm\u00e9nyek\u00e9nt a Feh\u00e9r H\u00e1z is elismer\u00e9sben r\u00e9szes\u00edtette a munk\u00e1j\u00e1t.<\/p>\n\n\n\n<p>A Paris Blues hivatalosan 2025. m\u00e1rcius 25-\u00e9n jelenik meg \u00e9s vil\u00e1gszerte el\u00e9rhet\u0151 lesz a Barnes &amp; Noble, az Amazon \u00e9s m\u00e1s kiemelt k\u00f6nyvkeresked\u0151k k\u00edn\u00e1lat\u00e1ban.<\/p>\n\n\n\n<p>fot\u00f3: Mathieu Bitton, teNeues Publishing<\/p>\n","protected":false},"excerpt":{"rendered":"<p>P\u00e1rizs lelke egyetlen k\u00e9psorozatban; Mesterkurzus a st\u00edlus, a kult\u00fara \u00e9s a filmes fotogr\u00e1fia vil\u00e1g\u00e1ban Mathieu Bitton neve m\u00e1r \u00e9vtizedek \u00f3ta ismer\u0151sen cseng a zenei \u00e9s vizu\u00e1lis m\u0171v\u00e9szeti k\u00f6zegben. A Grammy-d\u00edjas fot\u00f3s \u00e9s m\u0171v\u00e9szeti igazgat\u00f3 leg\u00fajabb alkot\u00e1s\u00e1val, a Paris Blues c\u00edm\u0171 fot\u00f3albummal visszat\u00e9r sz\u00fcl\u0151v\u00e1ros\u00e1hoz, hogy annak l\u00e9nyeg\u00e9t fekete-feh\u00e9r \u00e9s sz\u00ednes k\u00e9pek form\u00e1j\u00e1ban \u00f6r\u00f6k\u00edtse meg. A fot\u00f3album [&hellip;]<\/p>\n","protected":false},"author":1,"featured_media":1594,"comment_status":"open","ping_status":"open","sticky":false,"template":"","format":"standard","meta":{"footnotes":""},"categories":[104],"tags":[110,111,112,240],"class_list":{"0":"post-1593","1":"post","2":"type-post","3":"status-publish","4":"format-standard","5":"has-post-thumbnail","7":"category-konyvajanlo","8":"tag-fotoalbum","9":"tag-fotomuveszet-2","10":"tag-fotozas","11":"tag-konyv"},"yoast_head":"<!-- This site is optimized with the Yoast SEO plugin v27.4 - https:\/\/yoast.com\/product\/yoast-seo-wordpress\/ -->\n<title>Mathieu Bitton: Paris Blues fot\u00f3s k\u00f6nyv - Photonet<\/title>\n<meta name=\"robots\" content=\"index, follow, max-snippet:-1, max-image-preview:large, max-video-preview:-1\" \/>\n<link rel=\"canonical\" href=\"https:\/\/photonet.hu\/online\/magazin\/konyvajanlo\/mathieu-bitton-paris-blues-fotos-konyv\/\" \/>\n<meta property=\"og:locale\" content=\"hu_HU\" \/>\n<meta property=\"og:type\" content=\"article\" \/>\n<meta property=\"og:title\" content=\"Mathieu Bitton: Paris Blues fot\u00f3s k\u00f6nyv - Photonet\" \/>\n<meta property=\"og:description\" content=\"P\u00e1rizs lelke egyetlen k\u00e9psorozatban; Mesterkurzus a st\u00edlus, a kult\u00fara \u00e9s a filmes fotogr\u00e1fia vil\u00e1g\u00e1ban Mathieu Bitton neve m\u00e1r \u00e9vtizedek \u00f3ta ismer\u0151sen cseng a zenei \u00e9s vizu\u00e1lis m\u0171v\u00e9szeti k\u00f6zegben. A Grammy-d\u00edjas fot\u00f3s \u00e9s m\u0171v\u00e9szeti igazgat\u00f3 leg\u00fajabb alkot\u00e1s\u00e1val, a Paris Blues c\u00edm\u0171 fot\u00f3albummal visszat\u00e9r sz\u00fcl\u0151v\u00e1ros\u00e1hoz, hogy annak l\u00e9nyeg\u00e9t fekete-feh\u00e9r \u00e9s sz\u00ednes k\u00e9pek form\u00e1j\u00e1ban \u00f6r\u00f6k\u00edtse meg. A fot\u00f3album [&hellip;]\" \/>\n<meta property=\"og:url\" content=\"https:\/\/photonet.hu\/online\/magazin\/konyvajanlo\/mathieu-bitton-paris-blues-fotos-konyv\/\" \/>\n<meta property=\"og:site_name\" content=\"Photonet\" \/>\n<meta property=\"article:publisher\" content=\"https:\/\/www.facebook.com\/photonet.hu\" \/>\n<meta property=\"article:author\" content=\"https:\/\/www.facebook.com\/photonet.hu\" \/>\n<meta property=\"article:published_time\" content=\"2025-03-25T14:53:47+00:00\" \/>\n<meta property=\"article:modified_time\" content=\"2025-03-25T14:55:03+00:00\" \/>\n<meta property=\"og:image\" content=\"https:\/\/photonet.hu\/online\/wp-content\/uploads\/2025\/03\/mathieu_bitton_paris_blues_fotoalbum.jpg\" \/>\n\t<meta property=\"og:image:width\" content=\"825\" \/>\n\t<meta property=\"og:image:height\" content=\"608\" \/>\n\t<meta property=\"og:image:type\" content=\"image\/jpeg\" \/>\n<meta name=\"author\" content=\"photonet\" \/>\n<meta name=\"twitter:card\" content=\"summary_large_image\" \/>\n<meta name=\"twitter:creator\" content=\"@https:\/\/x.com\/photonethu\" \/>\n<meta name=\"twitter:site\" content=\"@photonethu\" \/>\n<meta name=\"twitter:label1\" content=\"Szerz\u0151:\" \/>\n\t<meta name=\"twitter:data1\" content=\"photonet\" \/>\n\t<meta name=\"twitter:label2\" content=\"Becs\u00fclt olvas\u00e1si id\u0151\" \/>\n\t<meta name=\"twitter:data2\" content=\"3 perc\" \/>\n<script type=\"application\/ld+json\" class=\"yoast-schema-graph\">{\"@context\":\"https:\\\/\\\/schema.org\",\"@graph\":[{\"@type\":\"Article\",\"@id\":\"https:\\\/\\\/photonet.hu\\\/online\\\/magazin\\\/konyvajanlo\\\/mathieu-bitton-paris-blues-fotos-konyv\\\/#article\",\"isPartOf\":{\"@id\":\"https:\\\/\\\/photonet.hu\\\/online\\\/magazin\\\/konyvajanlo\\\/mathieu-bitton-paris-blues-fotos-konyv\\\/\"},\"author\":{\"name\":\"photonet\",\"@id\":\"\\\/#\\\/schema\\\/person\\\/b8065e4118b8cea4068716ccbdd92f94\"},\"headline\":\"Mathieu Bitton: Paris Blues fot\u00f3s k\u00f6nyv\",\"datePublished\":\"2025-03-25T14:53:47+00:00\",\"dateModified\":\"2025-03-25T14:55:03+00:00\",\"mainEntityOfPage\":{\"@id\":\"https:\\\/\\\/photonet.hu\\\/online\\\/magazin\\\/konyvajanlo\\\/mathieu-bitton-paris-blues-fotos-konyv\\\/\"},\"wordCount\":634,\"commentCount\":1,\"publisher\":{\"@id\":\"\\\/#organization\"},\"image\":{\"@id\":\"https:\\\/\\\/photonet.hu\\\/online\\\/magazin\\\/konyvajanlo\\\/mathieu-bitton-paris-blues-fotos-konyv\\\/#primaryimage\"},\"thumbnailUrl\":\"https:\\\/\\\/photonet.hu\\\/online\\\/wp-content\\\/uploads\\\/2025\\\/03\\\/mathieu_bitton_paris_blues_fotoalbum.jpg\",\"keywords\":[\"fot\u00f3album\",\"fot\u00f3m\u0171v\u00e9szet\",\"fot\u00f3z\u00e1s\",\"k\u00f6nyv\"],\"articleSection\":[\"K\u00f6nyvaj\u00e1nl\u00f3\"],\"inLanguage\":\"hu\",\"potentialAction\":[{\"@type\":\"CommentAction\",\"name\":\"Comment\",\"target\":[\"https:\\\/\\\/photonet.hu\\\/online\\\/magazin\\\/konyvajanlo\\\/mathieu-bitton-paris-blues-fotos-konyv\\\/#respond\"]}]},{\"@type\":\"WebPage\",\"@id\":\"https:\\\/\\\/photonet.hu\\\/online\\\/magazin\\\/konyvajanlo\\\/mathieu-bitton-paris-blues-fotos-konyv\\\/\",\"url\":\"https:\\\/\\\/photonet.hu\\\/online\\\/magazin\\\/konyvajanlo\\\/mathieu-bitton-paris-blues-fotos-konyv\\\/\",\"name\":\"Mathieu Bitton: Paris Blues fot\u00f3s k\u00f6nyv - Photonet\",\"isPartOf\":{\"@id\":\"\\\/#website\"},\"primaryImageOfPage\":{\"@id\":\"https:\\\/\\\/photonet.hu\\\/online\\\/magazin\\\/konyvajanlo\\\/mathieu-bitton-paris-blues-fotos-konyv\\\/#primaryimage\"},\"image\":{\"@id\":\"https:\\\/\\\/photonet.hu\\\/online\\\/magazin\\\/konyvajanlo\\\/mathieu-bitton-paris-blues-fotos-konyv\\\/#primaryimage\"},\"thumbnailUrl\":\"https:\\\/\\\/photonet.hu\\\/online\\\/wp-content\\\/uploads\\\/2025\\\/03\\\/mathieu_bitton_paris_blues_fotoalbum.jpg\",\"datePublished\":\"2025-03-25T14:53:47+00:00\",\"dateModified\":\"2025-03-25T14:55:03+00:00\",\"breadcrumb\":{\"@id\":\"https:\\\/\\\/photonet.hu\\\/online\\\/magazin\\\/konyvajanlo\\\/mathieu-bitton-paris-blues-fotos-konyv\\\/#breadcrumb\"},\"inLanguage\":\"hu\",\"potentialAction\":[{\"@type\":\"ReadAction\",\"target\":[\"https:\\\/\\\/photonet.hu\\\/online\\\/magazin\\\/konyvajanlo\\\/mathieu-bitton-paris-blues-fotos-konyv\\\/\"]}]},{\"@type\":\"ImageObject\",\"inLanguage\":\"hu\",\"@id\":\"https:\\\/\\\/photonet.hu\\\/online\\\/magazin\\\/konyvajanlo\\\/mathieu-bitton-paris-blues-fotos-konyv\\\/#primaryimage\",\"url\":\"https:\\\/\\\/photonet.hu\\\/online\\\/wp-content\\\/uploads\\\/2025\\\/03\\\/mathieu_bitton_paris_blues_fotoalbum.jpg\",\"contentUrl\":\"https:\\\/\\\/photonet.hu\\\/online\\\/wp-content\\\/uploads\\\/2025\\\/03\\\/mathieu_bitton_paris_blues_fotoalbum.jpg\",\"width\":825,\"height\":608,\"caption\":\"Mathieu Bitton: Paris Blues fot\u00f3album\"},{\"@type\":\"BreadcrumbList\",\"@id\":\"https:\\\/\\\/photonet.hu\\\/online\\\/magazin\\\/konyvajanlo\\\/mathieu-bitton-paris-blues-fotos-konyv\\\/#breadcrumb\",\"itemListElement\":[{\"@type\":\"ListItem\",\"position\":1,\"name\":\"Kezd\u0151lap\",\"item\":\"https:\\\/\\\/photonet.hu\\\/online\\\/\"},{\"@type\":\"ListItem\",\"position\":2,\"name\":\"Mathieu Bitton: Paris Blues fot\u00f3s k\u00f6nyv\"}]},{\"@type\":\"WebSite\",\"@id\":\"\\\/#website\",\"url\":\"\\\/\",\"name\":\"Photonet\",\"description\":\"Photonet - online fot\u00f3s magazin\",\"publisher\":{\"@id\":\"\\\/#organization\"},\"potentialAction\":[{\"@type\":\"SearchAction\",\"target\":{\"@type\":\"EntryPoint\",\"urlTemplate\":\"\\\/?s={search_term_string}\"},\"query-input\":{\"@type\":\"PropertyValueSpecification\",\"valueRequired\":true,\"valueName\":\"search_term_string\"}}],\"inLanguage\":\"hu\"},{\"@type\":\"Organization\",\"@id\":\"\\\/#organization\",\"name\":\"Photonet\",\"url\":\"\\\/\",\"logo\":{\"@type\":\"ImageObject\",\"inLanguage\":\"hu\",\"@id\":\"\\\/#\\\/schema\\\/logo\\\/image\\\/\",\"url\":\"https:\\\/\\\/photonet.hu\\\/online\\\/wp-content\\\/uploads\\\/2026\\\/02\\\/photonet_lens_shutter_512.png\",\"contentUrl\":\"https:\\\/\\\/photonet.hu\\\/online\\\/wp-content\\\/uploads\\\/2026\\\/02\\\/photonet_lens_shutter_512.png\",\"width\":512,\"height\":512,\"caption\":\"Photonet\"},\"image\":{\"@id\":\"\\\/#\\\/schema\\\/logo\\\/image\\\/\"},\"sameAs\":[\"https:\\\/\\\/www.facebook.com\\\/photonet.hu\",\"https:\\\/\\\/x.com\\\/photonethu\",\"https:\\\/\\\/www.pinterest.com\\\/acsienator\\\/photography\\\/\"]},{\"@type\":\"Person\",\"@id\":\"\\\/#\\\/schema\\\/person\\\/b8065e4118b8cea4068716ccbdd92f94\",\"name\":\"photonet\",\"image\":{\"@type\":\"ImageObject\",\"inLanguage\":\"hu\",\"@id\":\"https:\\\/\\\/secure.gravatar.com\\\/avatar\\\/7c91ab952e1e196e2bf6641a013b7b971ffa12946ddbf0f05fb85f62d3433ce2?s=96&d=mm&r=g\",\"url\":\"https:\\\/\\\/secure.gravatar.com\\\/avatar\\\/7c91ab952e1e196e2bf6641a013b7b971ffa12946ddbf0f05fb85f62d3433ce2?s=96&d=mm&r=g\",\"contentUrl\":\"https:\\\/\\\/secure.gravatar.com\\\/avatar\\\/7c91ab952e1e196e2bf6641a013b7b971ffa12946ddbf0f05fb85f62d3433ce2?s=96&d=mm&r=g\",\"caption\":\"photonet\"},\"description\":\"szerkeszt\u0151 - photonet, online fot\u00f3s magazin\",\"sameAs\":[\"http:\\\/\\\/photonet.hu\",\"https:\\\/\\\/www.facebook.com\\\/photonet.hu\",\"https:\\\/\\\/x.com\\\/https:\\\/\\\/x.com\\\/photonethu\"],\"url\":\"https:\\\/\\\/photonet.hu\\\/online\\\/author\\\/photonet\\\/\"}]}<\/script>\n<!-- \/ Yoast SEO plugin. -->","yoast_head_json":{"title":"Mathieu Bitton: Paris Blues fot\u00f3s k\u00f6nyv - Photonet","robots":{"index":"index","follow":"follow","max-snippet":"max-snippet:-1","max-image-preview":"max-image-preview:large","max-video-preview":"max-video-preview:-1"},"canonical":"https:\/\/photonet.hu\/online\/magazin\/konyvajanlo\/mathieu-bitton-paris-blues-fotos-konyv\/","og_locale":"hu_HU","og_type":"article","og_title":"Mathieu Bitton: Paris Blues fot\u00f3s k\u00f6nyv - Photonet","og_description":"P\u00e1rizs lelke egyetlen k\u00e9psorozatban; Mesterkurzus a st\u00edlus, a kult\u00fara \u00e9s a filmes fotogr\u00e1fia vil\u00e1g\u00e1ban Mathieu Bitton neve m\u00e1r \u00e9vtizedek \u00f3ta ismer\u0151sen cseng a zenei \u00e9s vizu\u00e1lis m\u0171v\u00e9szeti k\u00f6zegben. A Grammy-d\u00edjas fot\u00f3s \u00e9s m\u0171v\u00e9szeti igazgat\u00f3 leg\u00fajabb alkot\u00e1s\u00e1val, a Paris Blues c\u00edm\u0171 fot\u00f3albummal visszat\u00e9r sz\u00fcl\u0151v\u00e1ros\u00e1hoz, hogy annak l\u00e9nyeg\u00e9t fekete-feh\u00e9r \u00e9s sz\u00ednes k\u00e9pek form\u00e1j\u00e1ban \u00f6r\u00f6k\u00edtse meg. A fot\u00f3album [&hellip;]","og_url":"https:\/\/photonet.hu\/online\/magazin\/konyvajanlo\/mathieu-bitton-paris-blues-fotos-konyv\/","og_site_name":"Photonet","article_publisher":"https:\/\/www.facebook.com\/photonet.hu","article_author":"https:\/\/www.facebook.com\/photonet.hu","article_published_time":"2025-03-25T14:53:47+00:00","article_modified_time":"2025-03-25T14:55:03+00:00","og_image":[{"width":825,"height":608,"url":"https:\/\/photonet.hu\/online\/wp-content\/uploads\/2025\/03\/mathieu_bitton_paris_blues_fotoalbum.jpg","type":"image\/jpeg"}],"author":"photonet","twitter_card":"summary_large_image","twitter_creator":"@https:\/\/x.com\/photonethu","twitter_site":"@photonethu","twitter_misc":{"Szerz\u0151:":"photonet","Becs\u00fclt olvas\u00e1si id\u0151":"3 perc"},"schema":{"@context":"https:\/\/schema.org","@graph":[{"@type":"Article","@id":"https:\/\/photonet.hu\/online\/magazin\/konyvajanlo\/mathieu-bitton-paris-blues-fotos-konyv\/#article","isPartOf":{"@id":"https:\/\/photonet.hu\/online\/magazin\/konyvajanlo\/mathieu-bitton-paris-blues-fotos-konyv\/"},"author":{"name":"photonet","@id":"\/#\/schema\/person\/b8065e4118b8cea4068716ccbdd92f94"},"headline":"Mathieu Bitton: Paris Blues fot\u00f3s k\u00f6nyv","datePublished":"2025-03-25T14:53:47+00:00","dateModified":"2025-03-25T14:55:03+00:00","mainEntityOfPage":{"@id":"https:\/\/photonet.hu\/online\/magazin\/konyvajanlo\/mathieu-bitton-paris-blues-fotos-konyv\/"},"wordCount":634,"commentCount":1,"publisher":{"@id":"\/#organization"},"image":{"@id":"https:\/\/photonet.hu\/online\/magazin\/konyvajanlo\/mathieu-bitton-paris-blues-fotos-konyv\/#primaryimage"},"thumbnailUrl":"https:\/\/photonet.hu\/online\/wp-content\/uploads\/2025\/03\/mathieu_bitton_paris_blues_fotoalbum.jpg","keywords":["fot\u00f3album","fot\u00f3m\u0171v\u00e9szet","fot\u00f3z\u00e1s","k\u00f6nyv"],"articleSection":["K\u00f6nyvaj\u00e1nl\u00f3"],"inLanguage":"hu","potentialAction":[{"@type":"CommentAction","name":"Comment","target":["https:\/\/photonet.hu\/online\/magazin\/konyvajanlo\/mathieu-bitton-paris-blues-fotos-konyv\/#respond"]}]},{"@type":"WebPage","@id":"https:\/\/photonet.hu\/online\/magazin\/konyvajanlo\/mathieu-bitton-paris-blues-fotos-konyv\/","url":"https:\/\/photonet.hu\/online\/magazin\/konyvajanlo\/mathieu-bitton-paris-blues-fotos-konyv\/","name":"Mathieu Bitton: Paris Blues fot\u00f3s k\u00f6nyv - Photonet","isPartOf":{"@id":"\/#website"},"primaryImageOfPage":{"@id":"https:\/\/photonet.hu\/online\/magazin\/konyvajanlo\/mathieu-bitton-paris-blues-fotos-konyv\/#primaryimage"},"image":{"@id":"https:\/\/photonet.hu\/online\/magazin\/konyvajanlo\/mathieu-bitton-paris-blues-fotos-konyv\/#primaryimage"},"thumbnailUrl":"https:\/\/photonet.hu\/online\/wp-content\/uploads\/2025\/03\/mathieu_bitton_paris_blues_fotoalbum.jpg","datePublished":"2025-03-25T14:53:47+00:00","dateModified":"2025-03-25T14:55:03+00:00","breadcrumb":{"@id":"https:\/\/photonet.hu\/online\/magazin\/konyvajanlo\/mathieu-bitton-paris-blues-fotos-konyv\/#breadcrumb"},"inLanguage":"hu","potentialAction":[{"@type":"ReadAction","target":["https:\/\/photonet.hu\/online\/magazin\/konyvajanlo\/mathieu-bitton-paris-blues-fotos-konyv\/"]}]},{"@type":"ImageObject","inLanguage":"hu","@id":"https:\/\/photonet.hu\/online\/magazin\/konyvajanlo\/mathieu-bitton-paris-blues-fotos-konyv\/#primaryimage","url":"https:\/\/photonet.hu\/online\/wp-content\/uploads\/2025\/03\/mathieu_bitton_paris_blues_fotoalbum.jpg","contentUrl":"https:\/\/photonet.hu\/online\/wp-content\/uploads\/2025\/03\/mathieu_bitton_paris_blues_fotoalbum.jpg","width":825,"height":608,"caption":"Mathieu Bitton: Paris Blues fot\u00f3album"},{"@type":"BreadcrumbList","@id":"https:\/\/photonet.hu\/online\/magazin\/konyvajanlo\/mathieu-bitton-paris-blues-fotos-konyv\/#breadcrumb","itemListElement":[{"@type":"ListItem","position":1,"name":"Kezd\u0151lap","item":"https:\/\/photonet.hu\/online\/"},{"@type":"ListItem","position":2,"name":"Mathieu Bitton: Paris Blues fot\u00f3s k\u00f6nyv"}]},{"@type":"WebSite","@id":"\/#website","url":"\/","name":"Photonet","description":"Photonet - online fot\u00f3s magazin","publisher":{"@id":"\/#organization"},"potentialAction":[{"@type":"SearchAction","target":{"@type":"EntryPoint","urlTemplate":"\/?s={search_term_string}"},"query-input":{"@type":"PropertyValueSpecification","valueRequired":true,"valueName":"search_term_string"}}],"inLanguage":"hu"},{"@type":"Organization","@id":"\/#organization","name":"Photonet","url":"\/","logo":{"@type":"ImageObject","inLanguage":"hu","@id":"\/#\/schema\/logo\/image\/","url":"https:\/\/photonet.hu\/online\/wp-content\/uploads\/2026\/02\/photonet_lens_shutter_512.png","contentUrl":"https:\/\/photonet.hu\/online\/wp-content\/uploads\/2026\/02\/photonet_lens_shutter_512.png","width":512,"height":512,"caption":"Photonet"},"image":{"@id":"\/#\/schema\/logo\/image\/"},"sameAs":["https:\/\/www.facebook.com\/photonet.hu","https:\/\/x.com\/photonethu","https:\/\/www.pinterest.com\/acsienator\/photography\/"]},{"@type":"Person","@id":"\/#\/schema\/person\/b8065e4118b8cea4068716ccbdd92f94","name":"photonet","image":{"@type":"ImageObject","inLanguage":"hu","@id":"https:\/\/secure.gravatar.com\/avatar\/7c91ab952e1e196e2bf6641a013b7b971ffa12946ddbf0f05fb85f62d3433ce2?s=96&d=mm&r=g","url":"https:\/\/secure.gravatar.com\/avatar\/7c91ab952e1e196e2bf6641a013b7b971ffa12946ddbf0f05fb85f62d3433ce2?s=96&d=mm&r=g","contentUrl":"https:\/\/secure.gravatar.com\/avatar\/7c91ab952e1e196e2bf6641a013b7b971ffa12946ddbf0f05fb85f62d3433ce2?s=96&d=mm&r=g","caption":"photonet"},"description":"szerkeszt\u0151 - photonet, online fot\u00f3s magazin","sameAs":["http:\/\/photonet.hu","https:\/\/www.facebook.com\/photonet.hu","https:\/\/x.com\/https:\/\/x.com\/photonethu"],"url":"https:\/\/photonet.hu\/online\/author\/photonet\/"}]}},"_links":{"self":[{"href":"https:\/\/photonet.hu\/online\/wp-json\/wp\/v2\/posts\/1593","targetHints":{"allow":["GET"]}}],"collection":[{"href":"https:\/\/photonet.hu\/online\/wp-json\/wp\/v2\/posts"}],"about":[{"href":"https:\/\/photonet.hu\/online\/wp-json\/wp\/v2\/types\/post"}],"author":[{"embeddable":true,"href":"https:\/\/photonet.hu\/online\/wp-json\/wp\/v2\/users\/1"}],"replies":[{"embeddable":true,"href":"https:\/\/photonet.hu\/online\/wp-json\/wp\/v2\/comments?post=1593"}],"version-history":[{"count":0,"href":"https:\/\/photonet.hu\/online\/wp-json\/wp\/v2\/posts\/1593\/revisions"}],"wp:featuredmedia":[{"embeddable":true,"href":"https:\/\/photonet.hu\/online\/wp-json\/wp\/v2\/media\/1594"}],"wp:attachment":[{"href":"https:\/\/photonet.hu\/online\/wp-json\/wp\/v2\/media?parent=1593"}],"wp:term":[{"taxonomy":"category","embeddable":true,"href":"https:\/\/photonet.hu\/online\/wp-json\/wp\/v2\/categories?post=1593"},{"taxonomy":"post_tag","embeddable":true,"href":"https:\/\/photonet.hu\/online\/wp-json\/wp\/v2\/tags?post=1593"}],"curies":[{"name":"wp","href":"https:\/\/api.w.org\/{rel}","templated":true}]}}