{"id":1277,"date":"2016-03-24T12:27:48","date_gmt":"2016-03-24T10:27:48","guid":{"rendered":"https:\/\/photonet.hu\/online\/?p=1277"},"modified":"2016-03-24T12:27:48","modified_gmt":"2016-03-24T10:27:48","slug":"eltulajdonitott-studiotechnikai-eszkozok","status":"publish","type":"post","link":"https:\/\/photonet.hu\/online\/magazin\/fekete-lista\/eltulajdonitott-studiotechnikai-eszkozok\/","title":{"rendered":"Eltulajdon\u00edtott st\u00fadi\u00f3technikai eszk\u00f6z\u00f6k"},"content":{"rendered":"<p>A Facebookon jelent meg a felh\u00edv\u00e1s ellopott st\u00fadi\u00f3technikai eszk\u00f6z\u00f6kr\u0151l, melyet v\u00e1ltoztat\u00e1s n\u00e9lk\u00fcl k\u00f6zz\u00e9 adunk.<!--more--><\/p>\n<p>[quote style=&#8221;1&#8243; author=&#8221;Everlight Kft.&#8221;]<\/p>\n<p>Egyik partnerc\u00e9g\u00fcnkt\u0151l, a Cinematic Studio-t\u00f3l elloptak eszk\u00f6z\u00f6ket.<\/p>\n<p>Ismeretlen tettes, Ungi R\u00f3bert n\u00e9ven b\u00e9relt eszk\u00f6z\u00f6ket \u00e9s lel\u00e9pett vel\u00fck. Kamu email c\u00edm, szem\u00e9lyazonoss\u00e1g minden volt&#8230;<br \/>\nK\u00e9r\u00fcnk mindenkit, hogy nyitott szemmel figyeljen h\u00e1tha elad\u00e1sra k\u00edn\u00e1lj\u00e1k az eszk\u00f6z\u00f6ket.<\/p>\n<p>Ezek lenn\u00e9nek:<\/p>\n<ul>\n<li>Sony PMW-FS7 +kieg\u00e9sz\u00edt\u0151k &#8211; akkumul\u00e1torok, 128, 64GB XQD, t\u00e1ska (SN: p-84352050-9\/s01-0030406)<\/li>\n<li>Sony A7S2 +kieg\u00e9sz\u00edt\u0151k (Tilta cage, 5 akku, t\u00f6lt\u0151, gurul\u00f3s koffer (SN: P-32828330-B)<\/li>\n<li>DJI RONIN M + 2 akku, gurul\u00f3s koffer (SN: CE181513279089)<\/li>\n<li>Canon 70-200 F4 IS USM (SN: 551534)<\/li>\n<li>Canon 16-35 F2.8<\/li>\n<li>SIGMA ART F4 24-105 OS (SN: 50234714)<\/li>\n<\/ul>\n<p>[\/quote]<\/p>\n","protected":false},"excerpt":{"rendered":"<p>A Facebookon jelent meg a felh\u00edv\u00e1s ellopott st\u00fadi\u00f3technikai eszk\u00f6z\u00f6kr\u0151l, melyet v\u00e1ltoztat\u00e1s n\u00e9lk\u00fcl k\u00f6zz\u00e9 adunk.<\/p>\n","protected":false},"author":1,"featured_media":1278,"comment_status":"open","ping_status":"open","sticky":false,"template":"","format":"standard","meta":{"footnotes":""},"categories":[100],"tags":[137,174,182,223,123,136],"class_list":{"0":"post-1277","1":"post","2":"type-post","3":"status-publish","4":"format-standard","5":"has-post-thumbnail","7":"category-fekete-lista","8":"tag-canon","9":"tag-fekete-lista-2","10":"tag-hirek-1","11":"tag-sigma","12":"tag-sony","13":"tag-video"},"yoast_head":"<!-- This site is optimized with the Yoast SEO plugin v27.4 - https:\/\/yoast.com\/product\/yoast-seo-wordpress\/ -->\n<title>Eltulajdon\u00edtott st\u00fadi\u00f3technikai eszk\u00f6z\u00f6k - Photonet<\/title>\n<meta name=\"robots\" content=\"index, follow, max-snippet:-1, max-image-preview:large, max-video-preview:-1\" \/>\n<link rel=\"canonical\" href=\"https:\/\/photonet.hu\/online\/magazin\/fekete-lista\/eltulajdonitott-studiotechnikai-eszkozok\/\" \/>\n<meta property=\"og:locale\" content=\"hu_HU\" \/>\n<meta property=\"og:type\" content=\"article\" \/>\n<meta property=\"og:title\" content=\"Eltulajdon\u00edtott st\u00fadi\u00f3technikai eszk\u00f6z\u00f6k - Photonet\" \/>\n<meta property=\"og:description\" content=\"A Facebookon jelent meg a felh\u00edv\u00e1s ellopott st\u00fadi\u00f3technikai eszk\u00f6z\u00f6kr\u0151l, melyet v\u00e1ltoztat\u00e1s n\u00e9lk\u00fcl k\u00f6zz\u00e9 adunk.\" \/>\n<meta property=\"og:url\" content=\"https:\/\/photonet.hu\/online\/magazin\/fekete-lista\/eltulajdonitott-studiotechnikai-eszkozok\/\" \/>\n<meta property=\"og:site_name\" content=\"Photonet\" \/>\n<meta property=\"article:publisher\" content=\"https:\/\/www.facebook.com\/photonet.hu\" \/>\n<meta property=\"article:author\" content=\"https:\/\/www.facebook.com\/photonet.hu\" \/>\n<meta property=\"article:published_time\" content=\"2016-03-24T10:27:48+00:00\" \/>\n<meta property=\"og:image\" content=\"https:\/\/photonet.hu\/online\/wp-content\/uploads\/2016\/03\/fekete_lista_elloptak.jpg\" \/>\n\t<meta property=\"og:image:width\" content=\"700\" \/>\n\t<meta property=\"og:image:height\" content=\"700\" \/>\n\t<meta property=\"og:image:type\" content=\"image\/jpeg\" \/>\n<meta name=\"author\" content=\"photonet\" \/>\n<meta name=\"twitter:card\" content=\"summary_large_image\" \/>\n<meta name=\"twitter:creator\" content=\"@https:\/\/x.com\/photonethu\" \/>\n<meta name=\"twitter:site\" content=\"@photonethu\" \/>\n<meta name=\"twitter:label1\" content=\"Szerz\u0151:\" \/>\n\t<meta name=\"twitter:data1\" content=\"photonet\" \/>\n\t<meta name=\"twitter:label2\" content=\"Becs\u00fclt olvas\u00e1si id\u0151\" \/>\n\t<meta name=\"twitter:data2\" content=\"1 perc\" \/>\n<script type=\"application\/ld+json\" class=\"yoast-schema-graph\">{\"@context\":\"https:\\\/\\\/schema.org\",\"@graph\":[{\"@type\":\"Article\",\"@id\":\"https:\\\/\\\/photonet.hu\\\/online\\\/magazin\\\/fekete-lista\\\/eltulajdonitott-studiotechnikai-eszkozok\\\/#article\",\"isPartOf\":{\"@id\":\"https:\\\/\\\/photonet.hu\\\/online\\\/magazin\\\/fekete-lista\\\/eltulajdonitott-studiotechnikai-eszkozok\\\/\"},\"author\":{\"name\":\"photonet\",\"@id\":\"\\\/#\\\/schema\\\/person\\\/b8065e4118b8cea4068716ccbdd92f94\"},\"headline\":\"Eltulajdon\u00edtott st\u00fadi\u00f3technikai eszk\u00f6z\u00f6k\",\"datePublished\":\"2016-03-24T10:27:48+00:00\",\"mainEntityOfPage\":{\"@id\":\"https:\\\/\\\/photonet.hu\\\/online\\\/magazin\\\/fekete-lista\\\/eltulajdonitott-studiotechnikai-eszkozok\\\/\"},\"wordCount\":162,\"commentCount\":0,\"publisher\":{\"@id\":\"\\\/#organization\"},\"image\":{\"@id\":\"https:\\\/\\\/photonet.hu\\\/online\\\/magazin\\\/fekete-lista\\\/eltulajdonitott-studiotechnikai-eszkozok\\\/#primaryimage\"},\"thumbnailUrl\":\"https:\\\/\\\/photonet.hu\\\/online\\\/wp-content\\\/uploads\\\/2016\\\/03\\\/fekete_lista_elloptak.jpg\",\"keywords\":[\"canon\",\"fekete lista\",\"h\u00edrek\",\"sigma\",\"sony\",\"video\"],\"articleSection\":[\"Fekete lista\"],\"inLanguage\":\"hu\",\"potentialAction\":[{\"@type\":\"CommentAction\",\"name\":\"Comment\",\"target\":[\"https:\\\/\\\/photonet.hu\\\/online\\\/magazin\\\/fekete-lista\\\/eltulajdonitott-studiotechnikai-eszkozok\\\/#respond\"]}]},{\"@type\":\"WebPage\",\"@id\":\"https:\\\/\\\/photonet.hu\\\/online\\\/magazin\\\/fekete-lista\\\/eltulajdonitott-studiotechnikai-eszkozok\\\/\",\"url\":\"https:\\\/\\\/photonet.hu\\\/online\\\/magazin\\\/fekete-lista\\\/eltulajdonitott-studiotechnikai-eszkozok\\\/\",\"name\":\"Eltulajdon\u00edtott st\u00fadi\u00f3technikai eszk\u00f6z\u00f6k - Photonet\",\"isPartOf\":{\"@id\":\"\\\/#website\"},\"primaryImageOfPage\":{\"@id\":\"https:\\\/\\\/photonet.hu\\\/online\\\/magazin\\\/fekete-lista\\\/eltulajdonitott-studiotechnikai-eszkozok\\\/#primaryimage\"},\"image\":{\"@id\":\"https:\\\/\\\/photonet.hu\\\/online\\\/magazin\\\/fekete-lista\\\/eltulajdonitott-studiotechnikai-eszkozok\\\/#primaryimage\"},\"thumbnailUrl\":\"https:\\\/\\\/photonet.hu\\\/online\\\/wp-content\\\/uploads\\\/2016\\\/03\\\/fekete_lista_elloptak.jpg\",\"datePublished\":\"2016-03-24T10:27:48+00:00\",\"breadcrumb\":{\"@id\":\"https:\\\/\\\/photonet.hu\\\/online\\\/magazin\\\/fekete-lista\\\/eltulajdonitott-studiotechnikai-eszkozok\\\/#breadcrumb\"},\"inLanguage\":\"hu\",\"potentialAction\":[{\"@type\":\"ReadAction\",\"target\":[\"https:\\\/\\\/photonet.hu\\\/online\\\/magazin\\\/fekete-lista\\\/eltulajdonitott-studiotechnikai-eszkozok\\\/\"]}]},{\"@type\":\"ImageObject\",\"inLanguage\":\"hu\",\"@id\":\"https:\\\/\\\/photonet.hu\\\/online\\\/magazin\\\/fekete-lista\\\/eltulajdonitott-studiotechnikai-eszkozok\\\/#primaryimage\",\"url\":\"https:\\\/\\\/photonet.hu\\\/online\\\/wp-content\\\/uploads\\\/2016\\\/03\\\/fekete_lista_elloptak.jpg\",\"contentUrl\":\"https:\\\/\\\/photonet.hu\\\/online\\\/wp-content\\\/uploads\\\/2016\\\/03\\\/fekete_lista_elloptak.jpg\",\"width\":700,\"height\":700,\"caption\":\"Fekete lista\"},{\"@type\":\"BreadcrumbList\",\"@id\":\"https:\\\/\\\/photonet.hu\\\/online\\\/magazin\\\/fekete-lista\\\/eltulajdonitott-studiotechnikai-eszkozok\\\/#breadcrumb\",\"itemListElement\":[{\"@type\":\"ListItem\",\"position\":1,\"name\":\"Kezd\u0151lap\",\"item\":\"https:\\\/\\\/photonet.hu\\\/online\\\/\"},{\"@type\":\"ListItem\",\"position\":2,\"name\":\"Eltulajdon\u00edtott st\u00fadi\u00f3technikai eszk\u00f6z\u00f6k\"}]},{\"@type\":\"WebSite\",\"@id\":\"\\\/#website\",\"url\":\"\\\/\",\"name\":\"Photonet\",\"description\":\"Photonet - online fot\u00f3s magazin\",\"publisher\":{\"@id\":\"\\\/#organization\"},\"potentialAction\":[{\"@type\":\"SearchAction\",\"target\":{\"@type\":\"EntryPoint\",\"urlTemplate\":\"\\\/?s={search_term_string}\"},\"query-input\":{\"@type\":\"PropertyValueSpecification\",\"valueRequired\":true,\"valueName\":\"search_term_string\"}}],\"inLanguage\":\"hu\"},{\"@type\":\"Organization\",\"@id\":\"\\\/#organization\",\"name\":\"Photonet\",\"url\":\"\\\/\",\"logo\":{\"@type\":\"ImageObject\",\"inLanguage\":\"hu\",\"@id\":\"\\\/#\\\/schema\\\/logo\\\/image\\\/\",\"url\":\"https:\\\/\\\/photonet.hu\\\/online\\\/wp-content\\\/uploads\\\/2026\\\/02\\\/photonet_lens_shutter_512.png\",\"contentUrl\":\"https:\\\/\\\/photonet.hu\\\/online\\\/wp-content\\\/uploads\\\/2026\\\/02\\\/photonet_lens_shutter_512.png\",\"width\":512,\"height\":512,\"caption\":\"Photonet\"},\"image\":{\"@id\":\"\\\/#\\\/schema\\\/logo\\\/image\\\/\"},\"sameAs\":[\"https:\\\/\\\/www.facebook.com\\\/photonet.hu\",\"https:\\\/\\\/x.com\\\/photonethu\",\"https:\\\/\\\/www.pinterest.com\\\/acsienator\\\/photography\\\/\"]},{\"@type\":\"Person\",\"@id\":\"\\\/#\\\/schema\\\/person\\\/b8065e4118b8cea4068716ccbdd92f94\",\"name\":\"photonet\",\"image\":{\"@type\":\"ImageObject\",\"inLanguage\":\"hu\",\"@id\":\"https:\\\/\\\/secure.gravatar.com\\\/avatar\\\/7c91ab952e1e196e2bf6641a013b7b971ffa12946ddbf0f05fb85f62d3433ce2?s=96&d=mm&r=g\",\"url\":\"https:\\\/\\\/secure.gravatar.com\\\/avatar\\\/7c91ab952e1e196e2bf6641a013b7b971ffa12946ddbf0f05fb85f62d3433ce2?s=96&d=mm&r=g\",\"contentUrl\":\"https:\\\/\\\/secure.gravatar.com\\\/avatar\\\/7c91ab952e1e196e2bf6641a013b7b971ffa12946ddbf0f05fb85f62d3433ce2?s=96&d=mm&r=g\",\"caption\":\"photonet\"},\"description\":\"szerkeszt\u0151 - photonet, online fot\u00f3s magazin\",\"sameAs\":[\"http:\\\/\\\/photonet.hu\",\"https:\\\/\\\/www.facebook.com\\\/photonet.hu\",\"https:\\\/\\\/x.com\\\/https:\\\/\\\/x.com\\\/photonethu\"],\"url\":\"https:\\\/\\\/photonet.hu\\\/online\\\/author\\\/photonet\\\/\"}]}<\/script>\n<!-- \/ Yoast SEO plugin. -->","yoast_head_json":{"title":"Eltulajdon\u00edtott st\u00fadi\u00f3technikai eszk\u00f6z\u00f6k - Photonet","robots":{"index":"index","follow":"follow","max-snippet":"max-snippet:-1","max-image-preview":"max-image-preview:large","max-video-preview":"max-video-preview:-1"},"canonical":"https:\/\/photonet.hu\/online\/magazin\/fekete-lista\/eltulajdonitott-studiotechnikai-eszkozok\/","og_locale":"hu_HU","og_type":"article","og_title":"Eltulajdon\u00edtott st\u00fadi\u00f3technikai eszk\u00f6z\u00f6k - Photonet","og_description":"A Facebookon jelent meg a felh\u00edv\u00e1s ellopott st\u00fadi\u00f3technikai eszk\u00f6z\u00f6kr\u0151l, melyet v\u00e1ltoztat\u00e1s n\u00e9lk\u00fcl k\u00f6zz\u00e9 adunk.","og_url":"https:\/\/photonet.hu\/online\/magazin\/fekete-lista\/eltulajdonitott-studiotechnikai-eszkozok\/","og_site_name":"Photonet","article_publisher":"https:\/\/www.facebook.com\/photonet.hu","article_author":"https:\/\/www.facebook.com\/photonet.hu","article_published_time":"2016-03-24T10:27:48+00:00","og_image":[{"width":700,"height":700,"url":"https:\/\/photonet.hu\/online\/wp-content\/uploads\/2016\/03\/fekete_lista_elloptak.jpg","type":"image\/jpeg"}],"author":"photonet","twitter_card":"summary_large_image","twitter_creator":"@https:\/\/x.com\/photonethu","twitter_site":"@photonethu","twitter_misc":{"Szerz\u0151:":"photonet","Becs\u00fclt olvas\u00e1si id\u0151":"1 perc"},"schema":{"@context":"https:\/\/schema.org","@graph":[{"@type":"Article","@id":"https:\/\/photonet.hu\/online\/magazin\/fekete-lista\/eltulajdonitott-studiotechnikai-eszkozok\/#article","isPartOf":{"@id":"https:\/\/photonet.hu\/online\/magazin\/fekete-lista\/eltulajdonitott-studiotechnikai-eszkozok\/"},"author":{"name":"photonet","@id":"\/#\/schema\/person\/b8065e4118b8cea4068716ccbdd92f94"},"headline":"Eltulajdon\u00edtott st\u00fadi\u00f3technikai eszk\u00f6z\u00f6k","datePublished":"2016-03-24T10:27:48+00:00","mainEntityOfPage":{"@id":"https:\/\/photonet.hu\/online\/magazin\/fekete-lista\/eltulajdonitott-studiotechnikai-eszkozok\/"},"wordCount":162,"commentCount":0,"publisher":{"@id":"\/#organization"},"image":{"@id":"https:\/\/photonet.hu\/online\/magazin\/fekete-lista\/eltulajdonitott-studiotechnikai-eszkozok\/#primaryimage"},"thumbnailUrl":"https:\/\/photonet.hu\/online\/wp-content\/uploads\/2016\/03\/fekete_lista_elloptak.jpg","keywords":["canon","fekete lista","h\u00edrek","sigma","sony","video"],"articleSection":["Fekete lista"],"inLanguage":"hu","potentialAction":[{"@type":"CommentAction","name":"Comment","target":["https:\/\/photonet.hu\/online\/magazin\/fekete-lista\/eltulajdonitott-studiotechnikai-eszkozok\/#respond"]}]},{"@type":"WebPage","@id":"https:\/\/photonet.hu\/online\/magazin\/fekete-lista\/eltulajdonitott-studiotechnikai-eszkozok\/","url":"https:\/\/photonet.hu\/online\/magazin\/fekete-lista\/eltulajdonitott-studiotechnikai-eszkozok\/","name":"Eltulajdon\u00edtott st\u00fadi\u00f3technikai eszk\u00f6z\u00f6k - Photonet","isPartOf":{"@id":"\/#website"},"primaryImageOfPage":{"@id":"https:\/\/photonet.hu\/online\/magazin\/fekete-lista\/eltulajdonitott-studiotechnikai-eszkozok\/#primaryimage"},"image":{"@id":"https:\/\/photonet.hu\/online\/magazin\/fekete-lista\/eltulajdonitott-studiotechnikai-eszkozok\/#primaryimage"},"thumbnailUrl":"https:\/\/photonet.hu\/online\/wp-content\/uploads\/2016\/03\/fekete_lista_elloptak.jpg","datePublished":"2016-03-24T10:27:48+00:00","breadcrumb":{"@id":"https:\/\/photonet.hu\/online\/magazin\/fekete-lista\/eltulajdonitott-studiotechnikai-eszkozok\/#breadcrumb"},"inLanguage":"hu","potentialAction":[{"@type":"ReadAction","target":["https:\/\/photonet.hu\/online\/magazin\/fekete-lista\/eltulajdonitott-studiotechnikai-eszkozok\/"]}]},{"@type":"ImageObject","inLanguage":"hu","@id":"https:\/\/photonet.hu\/online\/magazin\/fekete-lista\/eltulajdonitott-studiotechnikai-eszkozok\/#primaryimage","url":"https:\/\/photonet.hu\/online\/wp-content\/uploads\/2016\/03\/fekete_lista_elloptak.jpg","contentUrl":"https:\/\/photonet.hu\/online\/wp-content\/uploads\/2016\/03\/fekete_lista_elloptak.jpg","width":700,"height":700,"caption":"Fekete lista"},{"@type":"BreadcrumbList","@id":"https:\/\/photonet.hu\/online\/magazin\/fekete-lista\/eltulajdonitott-studiotechnikai-eszkozok\/#breadcrumb","itemListElement":[{"@type":"ListItem","position":1,"name":"Kezd\u0151lap","item":"https:\/\/photonet.hu\/online\/"},{"@type":"ListItem","position":2,"name":"Eltulajdon\u00edtott st\u00fadi\u00f3technikai eszk\u00f6z\u00f6k"}]},{"@type":"WebSite","@id":"\/#website","url":"\/","name":"Photonet","description":"Photonet - online fot\u00f3s magazin","publisher":{"@id":"\/#organization"},"potentialAction":[{"@type":"SearchAction","target":{"@type":"EntryPoint","urlTemplate":"\/?s={search_term_string}"},"query-input":{"@type":"PropertyValueSpecification","valueRequired":true,"valueName":"search_term_string"}}],"inLanguage":"hu"},{"@type":"Organization","@id":"\/#organization","name":"Photonet","url":"\/","logo":{"@type":"ImageObject","inLanguage":"hu","@id":"\/#\/schema\/logo\/image\/","url":"https:\/\/photonet.hu\/online\/wp-content\/uploads\/2026\/02\/photonet_lens_shutter_512.png","contentUrl":"https:\/\/photonet.hu\/online\/wp-content\/uploads\/2026\/02\/photonet_lens_shutter_512.png","width":512,"height":512,"caption":"Photonet"},"image":{"@id":"\/#\/schema\/logo\/image\/"},"sameAs":["https:\/\/www.facebook.com\/photonet.hu","https:\/\/x.com\/photonethu","https:\/\/www.pinterest.com\/acsienator\/photography\/"]},{"@type":"Person","@id":"\/#\/schema\/person\/b8065e4118b8cea4068716ccbdd92f94","name":"photonet","image":{"@type":"ImageObject","inLanguage":"hu","@id":"https:\/\/secure.gravatar.com\/avatar\/7c91ab952e1e196e2bf6641a013b7b971ffa12946ddbf0f05fb85f62d3433ce2?s=96&d=mm&r=g","url":"https:\/\/secure.gravatar.com\/avatar\/7c91ab952e1e196e2bf6641a013b7b971ffa12946ddbf0f05fb85f62d3433ce2?s=96&d=mm&r=g","contentUrl":"https:\/\/secure.gravatar.com\/avatar\/7c91ab952e1e196e2bf6641a013b7b971ffa12946ddbf0f05fb85f62d3433ce2?s=96&d=mm&r=g","caption":"photonet"},"description":"szerkeszt\u0151 - photonet, online fot\u00f3s magazin","sameAs":["http:\/\/photonet.hu","https:\/\/www.facebook.com\/photonet.hu","https:\/\/x.com\/https:\/\/x.com\/photonethu"],"url":"https:\/\/photonet.hu\/online\/author\/photonet\/"}]}},"_links":{"self":[{"href":"https:\/\/photonet.hu\/online\/wp-json\/wp\/v2\/posts\/1277","targetHints":{"allow":["GET"]}}],"collection":[{"href":"https:\/\/photonet.hu\/online\/wp-json\/wp\/v2\/posts"}],"about":[{"href":"https:\/\/photonet.hu\/online\/wp-json\/wp\/v2\/types\/post"}],"author":[{"embeddable":true,"href":"https:\/\/photonet.hu\/online\/wp-json\/wp\/v2\/users\/1"}],"replies":[{"embeddable":true,"href":"https:\/\/photonet.hu\/online\/wp-json\/wp\/v2\/comments?post=1277"}],"version-history":[{"count":0,"href":"https:\/\/photonet.hu\/online\/wp-json\/wp\/v2\/posts\/1277\/revisions"}],"wp:featuredmedia":[{"embeddable":true,"href":"https:\/\/photonet.hu\/online\/wp-json\/wp\/v2\/media\/1278"}],"wp:attachment":[{"href":"https:\/\/photonet.hu\/online\/wp-json\/wp\/v2\/media?parent=1277"}],"wp:term":[{"taxonomy":"category","embeddable":true,"href":"https:\/\/photonet.hu\/online\/wp-json\/wp\/v2\/categories?post=1277"},{"taxonomy":"post_tag","embeddable":true,"href":"https:\/\/photonet.hu\/online\/wp-json\/wp\/v2\/tags?post=1277"}],"curies":[{"name":"wp","href":"https:\/\/api.w.org\/{rel}","templated":true}]}}