{"id":1117,"date":"2015-08-14T17:32:25","date_gmt":"2015-08-14T15:32:25","guid":{"rendered":"https:\/\/photonet.hu\/online\/?p=1117"},"modified":"2015-08-14T17:32:25","modified_gmt":"2015-08-14T15:32:25","slug":"manfrotto-off-road-thrilled","status":"publish","type":"post","link":"https:\/\/photonet.hu\/online\/magazin\/felszereles\/manfrotto-off-road-thrilled\/","title":{"rendered":"Manfrotto Off Road ThrilLED"},"content":{"rendered":"<p>A Manfrotto Off Road LED l\u00e1mp\u00e1j\u00e1val rossz f\u00e9nyviszonyok k\u00f6z\u00f6tt is k\u00e9sz\u00edthet\u00fcnk fot\u00f3kat \u00e9s vide\u00f3t a GoPro kamer\u00e1val. Az aluminium tart\u00f3ja t\u00f6k\u00e9letesen illeszkedik a GoPro\u00ae form\u00e1j\u00e1hoz, biztos\u00edtva, hogy a led l\u00e1mpa a megfelel\u0151 ir\u00e1nyba vil\u00e1g\u00edtson.<!--more--><\/p>\n<h2>Adj f\u00e9nyt a GoPro\u00ae-s Vide\u00f3knak \u00e9s K\u00e9peknek<\/h2>\n<p>A l\u00e1mpa extra min\u0151s\u00e9g\u0171 SMT LEDeket tartalmaz, f\u00e9nyer\u0151ss\u00e9ge 3 k\u00fcl\u00f6nb\u00f6z\u0151 fokozatban \u00e1ll\u00edthat\u00f3. A k\u00f6nny\u0171 \u00e9s m\u00e9gis strapab\u00edr\u00f3 aluminium tart\u00f3 seg\u00edts\u00e9g\u00e9vel t\u00f6kletesen kapcsol\u00f3dik a GoPro\u00ae-hoz, nem kell k\u00fcl\u00f6n r\u00f6gz\u00edt\u00e9s hozz\u00e1.<\/p>\n<h2>T\u00f6k\u00e9letes b\u00e1rmilyen helyzetben<\/h2>\n<p>A mell\u00e9kelt GoPro\u00ae r\u00f6gz\u00edt\u0151nek k\u00f6sz\u00f6nhet\u0151en az Off road ledet b\u00e1rmilyen t\u00e1maszt\u00e9kra r\u00e1 lehet szerelni. Az Off road LED l\u00e1mpa SMT technol\u00f3gi\u00e1j\u00e1nak k\u00f6sz\u00f6nhet\u0151en minden eddigin\u00e9l f\u00e9nyesebb vide\u00f3kat \u00e9s k\u00e9peket lehet k\u00e9sz\u00edteni a GoPro\u00ae kamer\u00e1val. Az \u00faj kieg\u00e9sz\u00edt\u0151 nagyon kicsi \u00e9s t\u00f6k\u00e9letesen passzol a GoPro\u00ae alakj\u00e1hoz. B\u00e1rmilyen k\u00f6r\u00fclm\u00e9nyek k\u00f6z\u00f6tt lehet felv\u00e9teleket k\u00e9sz\u00edteni a napkelt\u00e9t\u0151l napnyugt\u00e1ig, de m\u00e9g \u00e9jszaka is.<\/p>\n<h2>F\u00e9ny teljes\u00edtm\u00e9ny<\/h2>\n<ul>\n<li>225 lm Lumen<\/li>\n<li>60\u00b0 Vil\u00e1g\u00edt\u00e1s sz\u00f6ge<\/li>\n<li>80{1e4ba48922546e8fb5295e22a286fb227a593bde17b79678109e95948b0eed58} Sz\u00edn \u00e1lland\u00f3s\u00e1g<\/li>\n<\/ul>\n<p>B\u0151vebb inform\u00e1ci\u00f3: <a href=\"http:\/\/manfrottomagyarorszag.hu\/\" target=\"_blank\">Manfrotto Magyarorsz\u00e1g<\/a><\/p>\n","protected":false},"excerpt":{"rendered":"<p>A Manfrotto Off Road LED l\u00e1mp\u00e1j\u00e1val rossz f\u00e9nyviszonyok k\u00f6z\u00f6tt is k\u00e9sz\u00edthet\u00fcnk fot\u00f3kat \u00e9s vide\u00f3t a GoPro kamer\u00e1val. Az aluminium tart\u00f3ja t\u00f6k\u00e9letesen illeszkedik a GoPro\u00ae form\u00e1j\u00e1hoz, biztos\u00edtva, hogy a led l\u00e1mpa a megfelel\u0151 ir\u00e1nyba vil\u00e1g\u00edtson.<\/p>\n","protected":false},"author":1,"featured_media":1118,"comment_status":"open","ping_status":"open","sticky":false,"template":"","format":"standard","meta":{"footnotes":""},"categories":[101],"tags":[183,112,193,136],"class_list":{"0":"post-1117","1":"post","2":"type-post","3":"status-publish","4":"format-standard","5":"has-post-thumbnail","7":"category-felszereles","8":"tag-felszereles-1","9":"tag-fotozas","10":"tag-manfrotto","11":"tag-video"},"yoast_head":"<!-- This site is optimized with the Yoast SEO plugin v27.4 - https:\/\/yoast.com\/product\/yoast-seo-wordpress\/ -->\n<title>Manfrotto Off Road ThrilLED - Photonet<\/title>\n<meta name=\"description\" content=\"A Manfrotto Off Road LED l\u00e1mp\u00e1j\u00e1val rossz f\u00e9nyviszonyok k\u00f6z\u00f6tt is k\u00e9sz\u00edthet\u00fcnk fot\u00f3kat \u00e9s vide\u00f3t a GoPro kamer\u00e1val. Az aluminium tart\u00f3ja t\u00f6k\u00e9letesen illeszkedik a GoPro\u00ae form\u00e1j\u00e1hoz, biztos\u00edtva, hogy a led l\u00e1mpa a megfelel\u0151 ir\u00e1nyba vil\u00e1g\u00edtson\" \/>\n<meta name=\"robots\" content=\"index, follow, max-snippet:-1, max-image-preview:large, max-video-preview:-1\" \/>\n<link rel=\"canonical\" href=\"https:\/\/photonet.hu\/online\/magazin\/felszereles\/manfrotto-off-road-thrilled\/\" \/>\n<meta property=\"og:locale\" content=\"hu_HU\" \/>\n<meta property=\"og:type\" content=\"article\" \/>\n<meta property=\"og:title\" content=\"Manfrotto Off Road ThrilLED - Photonet\" \/>\n<meta property=\"og:description\" content=\"A Manfrotto Off Road LED l\u00e1mp\u00e1j\u00e1val rossz f\u00e9nyviszonyok k\u00f6z\u00f6tt is k\u00e9sz\u00edthet\u00fcnk fot\u00f3kat \u00e9s vide\u00f3t a GoPro kamer\u00e1val. Az aluminium tart\u00f3ja t\u00f6k\u00e9letesen illeszkedik a GoPro\u00ae form\u00e1j\u00e1hoz, biztos\u00edtva, hogy a led l\u00e1mpa a megfelel\u0151 ir\u00e1nyba vil\u00e1g\u00edtson\" \/>\n<meta property=\"og:url\" content=\"https:\/\/photonet.hu\/online\/magazin\/felszereles\/manfrotto-off-road-thrilled\/\" \/>\n<meta property=\"og:site_name\" content=\"Photonet\" \/>\n<meta property=\"article:publisher\" content=\"https:\/\/www.facebook.com\/photonet.hu\" \/>\n<meta property=\"article:author\" content=\"https:\/\/www.facebook.com\/photonet.hu\" \/>\n<meta property=\"article:published_time\" content=\"2015-08-14T15:32:25+00:00\" \/>\n<meta property=\"og:image\" content=\"https:\/\/photonet.hu\/online\/wp-content\/uploads\/2015\/08\/manfrotto_offroad_thrilled.jpg\" \/>\n\t<meta property=\"og:image:width\" content=\"800\" \/>\n\t<meta property=\"og:image:height\" content=\"600\" \/>\n\t<meta property=\"og:image:type\" content=\"image\/jpeg\" \/>\n<meta name=\"author\" content=\"photonet\" \/>\n<meta name=\"twitter:card\" content=\"summary_large_image\" \/>\n<meta name=\"twitter:creator\" content=\"@https:\/\/x.com\/photonethu\" \/>\n<meta name=\"twitter:site\" content=\"@photonethu\" \/>\n<meta name=\"twitter:label1\" content=\"Szerz\u0151:\" \/>\n\t<meta name=\"twitter:data1\" content=\"photonet\" \/>\n\t<meta name=\"twitter:label2\" content=\"Becs\u00fclt olvas\u00e1si id\u0151\" \/>\n\t<meta name=\"twitter:data2\" content=\"1 perc\" \/>\n<script type=\"application\/ld+json\" class=\"yoast-schema-graph\">{\"@context\":\"https:\\\/\\\/schema.org\",\"@graph\":[{\"@type\":\"Article\",\"@id\":\"https:\\\/\\\/photonet.hu\\\/online\\\/magazin\\\/felszereles\\\/manfrotto-off-road-thrilled\\\/#article\",\"isPartOf\":{\"@id\":\"https:\\\/\\\/photonet.hu\\\/online\\\/magazin\\\/felszereles\\\/manfrotto-off-road-thrilled\\\/\"},\"author\":{\"name\":\"photonet\",\"@id\":\"\\\/#\\\/schema\\\/person\\\/b8065e4118b8cea4068716ccbdd92f94\"},\"headline\":\"Manfrotto Off Road ThrilLED\",\"datePublished\":\"2015-08-14T15:32:25+00:00\",\"mainEntityOfPage\":{\"@id\":\"https:\\\/\\\/photonet.hu\\\/online\\\/magazin\\\/felszereles\\\/manfrotto-off-road-thrilled\\\/\"},\"wordCount\":266,\"commentCount\":0,\"publisher\":{\"@id\":\"\\\/#organization\"},\"image\":{\"@id\":\"https:\\\/\\\/photonet.hu\\\/online\\\/magazin\\\/felszereles\\\/manfrotto-off-road-thrilled\\\/#primaryimage\"},\"thumbnailUrl\":\"https:\\\/\\\/photonet.hu\\\/online\\\/wp-content\\\/uploads\\\/2015\\\/08\\\/manfrotto_offroad_thrilled.jpg\",\"keywords\":[\"felszerel\u00e9s\",\"fot\u00f3z\u00e1s\",\"manfrotto\",\"video\"],\"articleSection\":[\"Felszerel\u00e9s\"],\"inLanguage\":\"hu\",\"potentialAction\":[{\"@type\":\"CommentAction\",\"name\":\"Comment\",\"target\":[\"https:\\\/\\\/photonet.hu\\\/online\\\/magazin\\\/felszereles\\\/manfrotto-off-road-thrilled\\\/#respond\"]}]},{\"@type\":\"WebPage\",\"@id\":\"https:\\\/\\\/photonet.hu\\\/online\\\/magazin\\\/felszereles\\\/manfrotto-off-road-thrilled\\\/\",\"url\":\"https:\\\/\\\/photonet.hu\\\/online\\\/magazin\\\/felszereles\\\/manfrotto-off-road-thrilled\\\/\",\"name\":\"Manfrotto Off Road ThrilLED - Photonet\",\"isPartOf\":{\"@id\":\"\\\/#website\"},\"primaryImageOfPage\":{\"@id\":\"https:\\\/\\\/photonet.hu\\\/online\\\/magazin\\\/felszereles\\\/manfrotto-off-road-thrilled\\\/#primaryimage\"},\"image\":{\"@id\":\"https:\\\/\\\/photonet.hu\\\/online\\\/magazin\\\/felszereles\\\/manfrotto-off-road-thrilled\\\/#primaryimage\"},\"thumbnailUrl\":\"https:\\\/\\\/photonet.hu\\\/online\\\/wp-content\\\/uploads\\\/2015\\\/08\\\/manfrotto_offroad_thrilled.jpg\",\"datePublished\":\"2015-08-14T15:32:25+00:00\",\"description\":\"A Manfrotto Off Road LED l\u00e1mp\u00e1j\u00e1val rossz f\u00e9nyviszonyok k\u00f6z\u00f6tt is k\u00e9sz\u00edthet\u00fcnk fot\u00f3kat \u00e9s vide\u00f3t a GoPro kamer\u00e1val. Az aluminium tart\u00f3ja t\u00f6k\u00e9letesen illeszkedik a GoPro\u00ae form\u00e1j\u00e1hoz, biztos\u00edtva, hogy a led l\u00e1mpa a megfelel\u0151 ir\u00e1nyba vil\u00e1g\u00edtson\",\"breadcrumb\":{\"@id\":\"https:\\\/\\\/photonet.hu\\\/online\\\/magazin\\\/felszereles\\\/manfrotto-off-road-thrilled\\\/#breadcrumb\"},\"inLanguage\":\"hu\",\"potentialAction\":[{\"@type\":\"ReadAction\",\"target\":[\"https:\\\/\\\/photonet.hu\\\/online\\\/magazin\\\/felszereles\\\/manfrotto-off-road-thrilled\\\/\"]}]},{\"@type\":\"ImageObject\",\"inLanguage\":\"hu\",\"@id\":\"https:\\\/\\\/photonet.hu\\\/online\\\/magazin\\\/felszereles\\\/manfrotto-off-road-thrilled\\\/#primaryimage\",\"url\":\"https:\\\/\\\/photonet.hu\\\/online\\\/wp-content\\\/uploads\\\/2015\\\/08\\\/manfrotto_offroad_thrilled.jpg\",\"contentUrl\":\"https:\\\/\\\/photonet.hu\\\/online\\\/wp-content\\\/uploads\\\/2015\\\/08\\\/manfrotto_offroad_thrilled.jpg\",\"width\":800,\"height\":600,\"caption\":\"Manfrotto Off Road ThrilLED\"},{\"@type\":\"BreadcrumbList\",\"@id\":\"https:\\\/\\\/photonet.hu\\\/online\\\/magazin\\\/felszereles\\\/manfrotto-off-road-thrilled\\\/#breadcrumb\",\"itemListElement\":[{\"@type\":\"ListItem\",\"position\":1,\"name\":\"Kezd\u0151lap\",\"item\":\"https:\\\/\\\/photonet.hu\\\/online\\\/\"},{\"@type\":\"ListItem\",\"position\":2,\"name\":\"Manfrotto Off Road ThrilLED\"}]},{\"@type\":\"WebSite\",\"@id\":\"\\\/#website\",\"url\":\"\\\/\",\"name\":\"Photonet\",\"description\":\"Photonet - online fot\u00f3s magazin\",\"publisher\":{\"@id\":\"\\\/#organization\"},\"potentialAction\":[{\"@type\":\"SearchAction\",\"target\":{\"@type\":\"EntryPoint\",\"urlTemplate\":\"\\\/?s={search_term_string}\"},\"query-input\":{\"@type\":\"PropertyValueSpecification\",\"valueRequired\":true,\"valueName\":\"search_term_string\"}}],\"inLanguage\":\"hu\"},{\"@type\":\"Organization\",\"@id\":\"\\\/#organization\",\"name\":\"Photonet\",\"url\":\"\\\/\",\"logo\":{\"@type\":\"ImageObject\",\"inLanguage\":\"hu\",\"@id\":\"\\\/#\\\/schema\\\/logo\\\/image\\\/\",\"url\":\"https:\\\/\\\/photonet.hu\\\/online\\\/wp-content\\\/uploads\\\/2026\\\/02\\\/photonet_lens_shutter_512.png\",\"contentUrl\":\"https:\\\/\\\/photonet.hu\\\/online\\\/wp-content\\\/uploads\\\/2026\\\/02\\\/photonet_lens_shutter_512.png\",\"width\":512,\"height\":512,\"caption\":\"Photonet\"},\"image\":{\"@id\":\"\\\/#\\\/schema\\\/logo\\\/image\\\/\"},\"sameAs\":[\"https:\\\/\\\/www.facebook.com\\\/photonet.hu\",\"https:\\\/\\\/x.com\\\/photonethu\",\"https:\\\/\\\/www.pinterest.com\\\/acsienator\\\/photography\\\/\"]},{\"@type\":\"Person\",\"@id\":\"\\\/#\\\/schema\\\/person\\\/b8065e4118b8cea4068716ccbdd92f94\",\"name\":\"photonet\",\"image\":{\"@type\":\"ImageObject\",\"inLanguage\":\"hu\",\"@id\":\"https:\\\/\\\/secure.gravatar.com\\\/avatar\\\/7c91ab952e1e196e2bf6641a013b7b971ffa12946ddbf0f05fb85f62d3433ce2?s=96&d=mm&r=g\",\"url\":\"https:\\\/\\\/secure.gravatar.com\\\/avatar\\\/7c91ab952e1e196e2bf6641a013b7b971ffa12946ddbf0f05fb85f62d3433ce2?s=96&d=mm&r=g\",\"contentUrl\":\"https:\\\/\\\/secure.gravatar.com\\\/avatar\\\/7c91ab952e1e196e2bf6641a013b7b971ffa12946ddbf0f05fb85f62d3433ce2?s=96&d=mm&r=g\",\"caption\":\"photonet\"},\"description\":\"szerkeszt\u0151 - photonet, online fot\u00f3s magazin\",\"sameAs\":[\"http:\\\/\\\/photonet.hu\",\"https:\\\/\\\/www.facebook.com\\\/photonet.hu\",\"https:\\\/\\\/x.com\\\/https:\\\/\\\/x.com\\\/photonethu\"],\"url\":\"https:\\\/\\\/photonet.hu\\\/online\\\/author\\\/photonet\\\/\"}]}<\/script>\n<!-- \/ Yoast SEO plugin. -->","yoast_head_json":{"title":"Manfrotto Off Road ThrilLED - Photonet","description":"A Manfrotto Off Road LED l\u00e1mp\u00e1j\u00e1val rossz f\u00e9nyviszonyok k\u00f6z\u00f6tt is k\u00e9sz\u00edthet\u00fcnk fot\u00f3kat \u00e9s vide\u00f3t a GoPro kamer\u00e1val. Az aluminium tart\u00f3ja t\u00f6k\u00e9letesen illeszkedik a GoPro\u00ae form\u00e1j\u00e1hoz, biztos\u00edtva, hogy a led l\u00e1mpa a megfelel\u0151 ir\u00e1nyba vil\u00e1g\u00edtson","robots":{"index":"index","follow":"follow","max-snippet":"max-snippet:-1","max-image-preview":"max-image-preview:large","max-video-preview":"max-video-preview:-1"},"canonical":"https:\/\/photonet.hu\/online\/magazin\/felszereles\/manfrotto-off-road-thrilled\/","og_locale":"hu_HU","og_type":"article","og_title":"Manfrotto Off Road ThrilLED - Photonet","og_description":"A Manfrotto Off Road LED l\u00e1mp\u00e1j\u00e1val rossz f\u00e9nyviszonyok k\u00f6z\u00f6tt is k\u00e9sz\u00edthet\u00fcnk fot\u00f3kat \u00e9s vide\u00f3t a GoPro kamer\u00e1val. Az aluminium tart\u00f3ja t\u00f6k\u00e9letesen illeszkedik a GoPro\u00ae form\u00e1j\u00e1hoz, biztos\u00edtva, hogy a led l\u00e1mpa a megfelel\u0151 ir\u00e1nyba vil\u00e1g\u00edtson","og_url":"https:\/\/photonet.hu\/online\/magazin\/felszereles\/manfrotto-off-road-thrilled\/","og_site_name":"Photonet","article_publisher":"https:\/\/www.facebook.com\/photonet.hu","article_author":"https:\/\/www.facebook.com\/photonet.hu","article_published_time":"2015-08-14T15:32:25+00:00","og_image":[{"width":800,"height":600,"url":"https:\/\/photonet.hu\/online\/wp-content\/uploads\/2015\/08\/manfrotto_offroad_thrilled.jpg","type":"image\/jpeg"}],"author":"photonet","twitter_card":"summary_large_image","twitter_creator":"@https:\/\/x.com\/photonethu","twitter_site":"@photonethu","twitter_misc":{"Szerz\u0151:":"photonet","Becs\u00fclt olvas\u00e1si id\u0151":"1 perc"},"schema":{"@context":"https:\/\/schema.org","@graph":[{"@type":"Article","@id":"https:\/\/photonet.hu\/online\/magazin\/felszereles\/manfrotto-off-road-thrilled\/#article","isPartOf":{"@id":"https:\/\/photonet.hu\/online\/magazin\/felszereles\/manfrotto-off-road-thrilled\/"},"author":{"name":"photonet","@id":"\/#\/schema\/person\/b8065e4118b8cea4068716ccbdd92f94"},"headline":"Manfrotto Off Road ThrilLED","datePublished":"2015-08-14T15:32:25+00:00","mainEntityOfPage":{"@id":"https:\/\/photonet.hu\/online\/magazin\/felszereles\/manfrotto-off-road-thrilled\/"},"wordCount":266,"commentCount":0,"publisher":{"@id":"\/#organization"},"image":{"@id":"https:\/\/photonet.hu\/online\/magazin\/felszereles\/manfrotto-off-road-thrilled\/#primaryimage"},"thumbnailUrl":"https:\/\/photonet.hu\/online\/wp-content\/uploads\/2015\/08\/manfrotto_offroad_thrilled.jpg","keywords":["felszerel\u00e9s","fot\u00f3z\u00e1s","manfrotto","video"],"articleSection":["Felszerel\u00e9s"],"inLanguage":"hu","potentialAction":[{"@type":"CommentAction","name":"Comment","target":["https:\/\/photonet.hu\/online\/magazin\/felszereles\/manfrotto-off-road-thrilled\/#respond"]}]},{"@type":"WebPage","@id":"https:\/\/photonet.hu\/online\/magazin\/felszereles\/manfrotto-off-road-thrilled\/","url":"https:\/\/photonet.hu\/online\/magazin\/felszereles\/manfrotto-off-road-thrilled\/","name":"Manfrotto Off Road ThrilLED - Photonet","isPartOf":{"@id":"\/#website"},"primaryImageOfPage":{"@id":"https:\/\/photonet.hu\/online\/magazin\/felszereles\/manfrotto-off-road-thrilled\/#primaryimage"},"image":{"@id":"https:\/\/photonet.hu\/online\/magazin\/felszereles\/manfrotto-off-road-thrilled\/#primaryimage"},"thumbnailUrl":"https:\/\/photonet.hu\/online\/wp-content\/uploads\/2015\/08\/manfrotto_offroad_thrilled.jpg","datePublished":"2015-08-14T15:32:25+00:00","description":"A Manfrotto Off Road LED l\u00e1mp\u00e1j\u00e1val rossz f\u00e9nyviszonyok k\u00f6z\u00f6tt is k\u00e9sz\u00edthet\u00fcnk fot\u00f3kat \u00e9s vide\u00f3t a GoPro kamer\u00e1val. Az aluminium tart\u00f3ja t\u00f6k\u00e9letesen illeszkedik a GoPro\u00ae form\u00e1j\u00e1hoz, biztos\u00edtva, hogy a led l\u00e1mpa a megfelel\u0151 ir\u00e1nyba vil\u00e1g\u00edtson","breadcrumb":{"@id":"https:\/\/photonet.hu\/online\/magazin\/felszereles\/manfrotto-off-road-thrilled\/#breadcrumb"},"inLanguage":"hu","potentialAction":[{"@type":"ReadAction","target":["https:\/\/photonet.hu\/online\/magazin\/felszereles\/manfrotto-off-road-thrilled\/"]}]},{"@type":"ImageObject","inLanguage":"hu","@id":"https:\/\/photonet.hu\/online\/magazin\/felszereles\/manfrotto-off-road-thrilled\/#primaryimage","url":"https:\/\/photonet.hu\/online\/wp-content\/uploads\/2015\/08\/manfrotto_offroad_thrilled.jpg","contentUrl":"https:\/\/photonet.hu\/online\/wp-content\/uploads\/2015\/08\/manfrotto_offroad_thrilled.jpg","width":800,"height":600,"caption":"Manfrotto Off Road ThrilLED"},{"@type":"BreadcrumbList","@id":"https:\/\/photonet.hu\/online\/magazin\/felszereles\/manfrotto-off-road-thrilled\/#breadcrumb","itemListElement":[{"@type":"ListItem","position":1,"name":"Kezd\u0151lap","item":"https:\/\/photonet.hu\/online\/"},{"@type":"ListItem","position":2,"name":"Manfrotto Off Road ThrilLED"}]},{"@type":"WebSite","@id":"\/#website","url":"\/","name":"Photonet","description":"Photonet - online fot\u00f3s magazin","publisher":{"@id":"\/#organization"},"potentialAction":[{"@type":"SearchAction","target":{"@type":"EntryPoint","urlTemplate":"\/?s={search_term_string}"},"query-input":{"@type":"PropertyValueSpecification","valueRequired":true,"valueName":"search_term_string"}}],"inLanguage":"hu"},{"@type":"Organization","@id":"\/#organization","name":"Photonet","url":"\/","logo":{"@type":"ImageObject","inLanguage":"hu","@id":"\/#\/schema\/logo\/image\/","url":"https:\/\/photonet.hu\/online\/wp-content\/uploads\/2026\/02\/photonet_lens_shutter_512.png","contentUrl":"https:\/\/photonet.hu\/online\/wp-content\/uploads\/2026\/02\/photonet_lens_shutter_512.png","width":512,"height":512,"caption":"Photonet"},"image":{"@id":"\/#\/schema\/logo\/image\/"},"sameAs":["https:\/\/www.facebook.com\/photonet.hu","https:\/\/x.com\/photonethu","https:\/\/www.pinterest.com\/acsienator\/photography\/"]},{"@type":"Person","@id":"\/#\/schema\/person\/b8065e4118b8cea4068716ccbdd92f94","name":"photonet","image":{"@type":"ImageObject","inLanguage":"hu","@id":"https:\/\/secure.gravatar.com\/avatar\/7c91ab952e1e196e2bf6641a013b7b971ffa12946ddbf0f05fb85f62d3433ce2?s=96&d=mm&r=g","url":"https:\/\/secure.gravatar.com\/avatar\/7c91ab952e1e196e2bf6641a013b7b971ffa12946ddbf0f05fb85f62d3433ce2?s=96&d=mm&r=g","contentUrl":"https:\/\/secure.gravatar.com\/avatar\/7c91ab952e1e196e2bf6641a013b7b971ffa12946ddbf0f05fb85f62d3433ce2?s=96&d=mm&r=g","caption":"photonet"},"description":"szerkeszt\u0151 - photonet, online fot\u00f3s magazin","sameAs":["http:\/\/photonet.hu","https:\/\/www.facebook.com\/photonet.hu","https:\/\/x.com\/https:\/\/x.com\/photonethu"],"url":"https:\/\/photonet.hu\/online\/author\/photonet\/"}]}},"_links":{"self":[{"href":"https:\/\/photonet.hu\/online\/wp-json\/wp\/v2\/posts\/1117","targetHints":{"allow":["GET"]}}],"collection":[{"href":"https:\/\/photonet.hu\/online\/wp-json\/wp\/v2\/posts"}],"about":[{"href":"https:\/\/photonet.hu\/online\/wp-json\/wp\/v2\/types\/post"}],"author":[{"embeddable":true,"href":"https:\/\/photonet.hu\/online\/wp-json\/wp\/v2\/users\/1"}],"replies":[{"embeddable":true,"href":"https:\/\/photonet.hu\/online\/wp-json\/wp\/v2\/comments?post=1117"}],"version-history":[{"count":0,"href":"https:\/\/photonet.hu\/online\/wp-json\/wp\/v2\/posts\/1117\/revisions"}],"wp:featuredmedia":[{"embeddable":true,"href":"https:\/\/photonet.hu\/online\/wp-json\/wp\/v2\/media\/1118"}],"wp:attachment":[{"href":"https:\/\/photonet.hu\/online\/wp-json\/wp\/v2\/media?parent=1117"}],"wp:term":[{"taxonomy":"category","embeddable":true,"href":"https:\/\/photonet.hu\/online\/wp-json\/wp\/v2\/categories?post=1117"},{"taxonomy":"post_tag","embeddable":true,"href":"https:\/\/photonet.hu\/online\/wp-json\/wp\/v2\/tags?post=1117"}],"curies":[{"name":"wp","href":"https:\/\/api.w.org\/{rel}","templated":true}]}}