{"id":291,"date":"2010-10-19T15:16:07","date_gmt":"2010-10-19T15:16:07","guid":{"rendered":"http:\/\/photonet.hu\/online\/eng\/escher-karoly\/"},"modified":"2026-02-23T15:13:21","modified_gmt":"2026-02-23T13:13:21","slug":"karoly-escher","status":"publish","type":"post","link":"https:\/\/photonet.hu\/online\/eng\/photography\/last-century\/karoly-escher\/","title":{"rendered":"K\u00e1roly Escher: The Master of Hungarian Photojournalism"},"content":{"rendered":"\n<p>It is a common misconception that all the great Hungarian photographers of the interwar period\u2014Andr\u00e9 Kert\u00e9sz, Brassa\u00ef, Moholy-Nagy, Martin Munk\u00e1csi, and Robert Capa\u2014left their homeland to become giants of photographic history abroad. <strong>K\u00e1roly Escher (1890\u20131966)<\/strong> belongs to that elite group who chose to stay in Hungary. His lifework is indispensable, and the artistic quality of his images rightfully places him among those world-renowned icons.<\/p>\n\n\n\n<p>Born in Szeksz\u00e1rd, Escher was one of the few who elevated reportage photography to the level of fine art in Hungary. His images have lost none of their relevance; they continue to preserve deep intrinsic values that stand the test of time.<\/p>\n\n\n\n<h4 class=\"wp-block-heading\"><strong>From Film to the Front Page<\/strong><\/h4>\n\n\n\n<p>Escher began his career in the film industry in 1916, serving as a newsreel cinematographer until 1919. In 1927, upon the recommendation of Rudolf Balogh and Ern\u0151 Mih\u00e1lyfi, he became a photographer for the <em>Az Est<\/em> newspapers. He primarily published in the illustrated supplement of <em>Pesti Napl\u00f3<\/em>, but his work appeared in nearly every significant magazine of the era, including <em>H\u00edd<\/em>, <em>Film-Sz\u00ednh\u00e1z-Irodalom<\/em>, and <em>Sz\u00ednh\u00e1zi \u00c9let<\/em>. Over a career spanning five decades, he was present at every event worth documenting.<\/p>\n\n\n\n<h4 class=\"wp-block-heading\"><strong>A Mirror to Society<\/strong><\/h4>\n\n\n\n<p>His lens captured a vast spectrum of subjects. He took portraits of cultural and intellectual giants such as <strong>Zsigmond M\u00f3ricz, Thomas Mann, Attila J\u00f3zsef, Walter Gropius, and Zolt\u00e1n Kod\u00e1ly<\/strong>. Yet, he was equally dedicated to photographing those on the fringes of society: residents of night shelters, the displaced, laborers, and beggars. Though he never entered the murky waters of politics, he used his photographs as a tool to provoke change and improve the world.<\/p>\n\n\n\n<h4 class=\"wp-block-heading\"><strong>The Pioneer of the Miniature Camera<\/strong><\/h4>\n\n\n\n<p>Escher was among the first to recognize and exploit the advantages of small-format (35mm) cameras. He excelled in every branch of photography, whether it was portraiture, sports, news, or long-form documentary reportage. Known for his immense capacity for work, he sought out his own subjects. Upon arriving at a scene, he would assess the situation, take exactly <strong>one<\/strong> exposure, and move on to the next location.<\/p>\n\n\n\n<p>By abandoning the bulky, conspicuous plate cameras of the time in favor of a <strong>Contax<\/strong>, he was able to capture the moments offered by reality with a naturalism that was previously impossible. In the darkroom, he was a relentless experimenter, constantly pushing the limits of his negatives. Despite winning numerous awards, he famously rejected the title of &#8220;photographic artist,&#8221; preferring the identity of a working professional. His technical authority was so great that he was entrusted with the restoration of the <strong>Pet\u0151fi Daguerreotype<\/strong>, a priceless Hungarian national relic.<\/p>\n\n\n\n<h4 class=\"wp-block-heading\"><strong>&#8220;The Child&#8221;<\/strong><\/h4>\n\n\n\n<p>There is a telling anecdote that illustrates the emotional bond between Escher and his equipment. When leaving for a walk along the Danube with his wife, Nelly, she would often ask: <em>&#8220;Is the child coming?&#8221;<\/em> &#8220;The child&#8221; was his <strong>Contax II<\/strong> camera from the mid-1930s\u2014a companion to which he remained faithful until the very end of his life.<\/p>\n\n\n\n<h2 class=\"wp-block-heading\">Escher K\u00e1roly fot\u00f3gal\u00e9ria<\/h2>\n\n\n\n<figure class=\"wp-block-gallery has-nested-images columns-4 is-cropped wp-block-gallery-1 is-layout-flex wp-block-gallery-is-layout-flex\">\n<figure class=\"wp-block-image size-large\"><a href=\"https:\/\/photonet.hu\/online\/eng\/wp-content\/uploads\/2010\/10\/escher_karoly_hajohinta.jpg\"><img decoding=\"async\" width=\"388\" height=\"480\" data-id=\"722\" src=\"https:\/\/photonet.hu\/online\/eng\/wp-content\/uploads\/2010\/10\/escher_karoly_hajohinta.jpg\" alt=\"\" class=\"wp-image-722\" srcset=\"https:\/\/photonet.hu\/online\/eng\/wp-content\/uploads\/2010\/10\/escher_karoly_hajohinta.jpg 388w, https:\/\/photonet.hu\/online\/eng\/wp-content\/uploads\/2010\/10\/escher_karoly_hajohinta-243x300.jpg 243w\" sizes=\"(max-width: 388px) 100vw, 388px\" \/><\/a><\/figure>\n\n\n\n<figure class=\"wp-block-image size-large\"><a href=\"https:\/\/photonet.hu\/online\/eng\/wp-content\/uploads\/2010\/10\/escher_karoly_ejjeli_menedekhely.jpg\"><img decoding=\"async\" width=\"639\" height=\"480\" data-id=\"721\" src=\"https:\/\/photonet.hu\/online\/eng\/wp-content\/uploads\/2010\/10\/escher_karoly_ejjeli_menedekhely.jpg\" alt=\"\" class=\"wp-image-721\" srcset=\"https:\/\/photonet.hu\/online\/eng\/wp-content\/uploads\/2010\/10\/escher_karoly_ejjeli_menedekhely.jpg 639w, https:\/\/photonet.hu\/online\/eng\/wp-content\/uploads\/2010\/10\/escher_karoly_ejjeli_menedekhely-300x225.jpg 300w\" sizes=\"(max-width: 639px) 100vw, 639px\" \/><\/a><\/figure>\n\n\n\n<figure class=\"wp-block-image size-large\"><a href=\"https:\/\/photonet.hu\/online\/eng\/wp-content\/uploads\/2010\/10\/escher_karoly_kubikusok_1935.jpg\"><img decoding=\"async\" width=\"800\" height=\"583\" data-id=\"728\" src=\"https:\/\/photonet.hu\/online\/eng\/wp-content\/uploads\/2010\/10\/escher_karoly_kubikusok_1935.jpg\" alt=\"Escher K\u00e1roly - Kubikusok 1935\" class=\"wp-image-728\" srcset=\"https:\/\/photonet.hu\/online\/eng\/wp-content\/uploads\/2010\/10\/escher_karoly_kubikusok_1935.jpg 800w, https:\/\/photonet.hu\/online\/eng\/wp-content\/uploads\/2010\/10\/escher_karoly_kubikusok_1935-300x219.jpg 300w, https:\/\/photonet.hu\/online\/eng\/wp-content\/uploads\/2010\/10\/escher_karoly_kubikusok_1935-768x560.jpg 768w\" sizes=\"(max-width: 800px) 100vw, 800px\" \/><\/a><\/figure>\n\n\n\n<figure class=\"wp-block-image size-large\"><a href=\"https:\/\/photonet.hu\/online\/eng\/wp-content\/uploads\/2010\/10\/escher_karoly_diszkiseret_1937.jpg\"><img decoding=\"async\" width=\"700\" height=\"527\" data-id=\"726\" src=\"https:\/\/photonet.hu\/online\/eng\/wp-content\/uploads\/2010\/10\/escher_karoly_diszkiseret_1937.jpg\" alt=\"Escher K\u00e1roly - D\u00edszk\u00eds\u00e9ret 1937\" class=\"wp-image-726\" srcset=\"https:\/\/photonet.hu\/online\/eng\/wp-content\/uploads\/2010\/10\/escher_karoly_diszkiseret_1937.jpg 700w, https:\/\/photonet.hu\/online\/eng\/wp-content\/uploads\/2010\/10\/escher_karoly_diszkiseret_1937-300x226.jpg 300w\" sizes=\"(max-width: 700px) 100vw, 700px\" \/><\/a><\/figure>\n\n\n\n<figure class=\"wp-block-image size-large\"><a href=\"https:\/\/photonet.hu\/online\/eng\/wp-content\/uploads\/2010\/10\/escher_karoly_budapest_margitsziget.jpg\"><img decoding=\"async\" width=\"640\" height=\"475\" data-id=\"720\" src=\"https:\/\/photonet.hu\/online\/eng\/wp-content\/uploads\/2010\/10\/escher_karoly_budapest_margitsziget.jpg\" alt=\"\" class=\"wp-image-720\" srcset=\"https:\/\/photonet.hu\/online\/eng\/wp-content\/uploads\/2010\/10\/escher_karoly_budapest_margitsziget.jpg 640w, https:\/\/photonet.hu\/online\/eng\/wp-content\/uploads\/2010\/10\/escher_karoly_budapest_margitsziget-300x223.jpg 300w\" sizes=\"(max-width: 640px) 100vw, 640px\" \/><\/a><\/figure>\n\n\n\n<figure class=\"wp-block-image size-large\"><a href=\"https:\/\/photonet.hu\/online\/eng\/wp-content\/uploads\/2010\/10\/escher_karoly_bankigazgato_furdik.jpg\"><img decoding=\"async\" width=\"365\" height=\"480\" data-id=\"719\" src=\"https:\/\/photonet.hu\/online\/eng\/wp-content\/uploads\/2010\/10\/escher_karoly_bankigazgato_furdik.jpg\" alt=\"\" class=\"wp-image-719\" srcset=\"https:\/\/photonet.hu\/online\/eng\/wp-content\/uploads\/2010\/10\/escher_karoly_bankigazgato_furdik.jpg 365w, https:\/\/photonet.hu\/online\/eng\/wp-content\/uploads\/2010\/10\/escher_karoly_bankigazgato_furdik-228x300.jpg 228w\" sizes=\"(max-width: 365px) 100vw, 365px\" \/><\/a><\/figure>\n\n\n\n<figure class=\"wp-block-image size-large\"><a href=\"https:\/\/photonet.hu\/online\/eng\/wp-content\/uploads\/2010\/10\/escher_karoly_nepmuvels_1940.jpg\"><img decoding=\"async\" width=\"650\" height=\"468\" data-id=\"729\" src=\"https:\/\/photonet.hu\/online\/eng\/wp-content\/uploads\/2010\/10\/escher_karoly_nepmuvels_1940.jpg\" alt=\"Escher K\u00e1roly - N\u00e9pm\u0171vel\u00e9s 1940\" class=\"wp-image-729\" srcset=\"https:\/\/photonet.hu\/online\/eng\/wp-content\/uploads\/2010\/10\/escher_karoly_nepmuvels_1940.jpg 650w, https:\/\/photonet.hu\/online\/eng\/wp-content\/uploads\/2010\/10\/escher_karoly_nepmuvels_1940-300x216.jpg 300w\" sizes=\"(max-width: 650px) 100vw, 650px\" \/><\/a><\/figure>\n\n\n\n<figure class=\"wp-block-image size-large\"><a href=\"https:\/\/photonet.hu\/online\/eng\/wp-content\/uploads\/2010\/10\/escher_karoly_szeleczky_zita_buzariport.jpg\"><img decoding=\"async\" width=\"373\" height=\"480\" data-id=\"724\" src=\"https:\/\/photonet.hu\/online\/eng\/wp-content\/uploads\/2010\/10\/escher_karoly_szeleczky_zita_buzariport.jpg\" alt=\"\" class=\"wp-image-724\" srcset=\"https:\/\/photonet.hu\/online\/eng\/wp-content\/uploads\/2010\/10\/escher_karoly_szeleczky_zita_buzariport.jpg 373w, https:\/\/photonet.hu\/online\/eng\/wp-content\/uploads\/2010\/10\/escher_karoly_szeleczky_zita_buzariport-233x300.jpg 233w\" sizes=\"(max-width: 373px) 100vw, 373px\" \/><\/a><\/figure>\n\n\n\n<figure class=\"wp-block-image size-large\"><a href=\"https:\/\/photonet.hu\/online\/eng\/wp-content\/uploads\/2010\/10\/escher_karoly_noi_lovesz_kikepzes.jpg\"><img decoding=\"async\" width=\"640\" height=\"476\" data-id=\"723\" src=\"https:\/\/photonet.hu\/online\/eng\/wp-content\/uploads\/2010\/10\/escher_karoly_noi_lovesz_kikepzes.jpg\" alt=\"\" class=\"wp-image-723\" srcset=\"https:\/\/photonet.hu\/online\/eng\/wp-content\/uploads\/2010\/10\/escher_karoly_noi_lovesz_kikepzes.jpg 640w, https:\/\/photonet.hu\/online\/eng\/wp-content\/uploads\/2010\/10\/escher_karoly_noi_lovesz_kikepzes-300x223.jpg 300w\" sizes=\"(max-width: 640px) 100vw, 640px\" \/><\/a><\/figure>\n\n\n\n<figure class=\"wp-block-image size-large\"><a href=\"https:\/\/photonet.hu\/online\/eng\/wp-content\/uploads\/2010\/10\/escher_karoly_ebedido_1950.jpg\"><img decoding=\"async\" width=\"800\" height=\"598\" data-id=\"727\" src=\"https:\/\/photonet.hu\/online\/eng\/wp-content\/uploads\/2010\/10\/escher_karoly_ebedido_1950.jpg\" alt=\"Escher K\u00e1roly - Eb\u00e9did\u0151 1950\" class=\"wp-image-727\" srcset=\"https:\/\/photonet.hu\/online\/eng\/wp-content\/uploads\/2010\/10\/escher_karoly_ebedido_1950.jpg 800w, https:\/\/photonet.hu\/online\/eng\/wp-content\/uploads\/2010\/10\/escher_karoly_ebedido_1950-768x574.jpg 768w, https:\/\/photonet.hu\/online\/eng\/wp-content\/uploads\/2010\/10\/escher_karoly_ebedido_1950-300x224.jpg 300w\" sizes=\"(max-width: 800px) 100vw, 800px\" \/><\/a><\/figure>\n<\/figure>\n","protected":false},"excerpt":{"rendered":"<p>While many great Hungarian photographers emigrated, K\u00e1roly Escher stayed home to elevate reportage to fine art. Discover the man who captured both the elite and the destitute with his faithful Contax.<\/p>\n","protected":false},"author":1,"featured_media":725,"comment_status":"open","ping_status":"open","sticky":false,"template":"","format":"standard","meta":{"footnotes":""},"categories":[93],"tags":[178,111,121],"class_list":["post-291","post","type-post","status-publish","format-standard","has-post-thumbnail","hentry","category-last-century","tag-film","tag-photography-2","tag-photojournalism-1"],"blocksy_meta":[],"yoast_head":"<!-- This site is optimized with the Yoast SEO plugin v27.4 - https:\/\/yoast.com\/product\/yoast-seo-wordpress\/ -->\n<title>K\u00e1roly Escher: The Master of Hungarian Photojournalism - Photonet<\/title>\n<meta name=\"description\" content=\"Discover the life and work of K\u00e1roly Escher, the photographer who stayed in Hungary but reached the artistic heights of Capa and Kert\u00e9sz. A pioneer of the 35mm Contax\" \/>\n<meta name=\"robots\" content=\"index, follow, max-snippet:-1, max-image-preview:large, max-video-preview:-1\" \/>\n<link rel=\"canonical\" href=\"https:\/\/photonet.hu\/online\/eng\/photography\/last-century\/karoly-escher\/\" \/>\n<meta property=\"og:locale\" content=\"en_US\" \/>\n<meta property=\"og:type\" content=\"article\" \/>\n<meta property=\"og:title\" content=\"K\u00e1roly Escher: The Master of Hungarian Photojournalism - Photonet\" \/>\n<meta property=\"og:description\" content=\"Discover the life and work of K\u00e1roly Escher, the photographer who stayed in Hungary but reached the artistic heights of Capa and Kert\u00e9sz. A pioneer of the 35mm Contax\" \/>\n<meta property=\"og:url\" content=\"https:\/\/photonet.hu\/online\/eng\/photography\/last-century\/karoly-escher\/\" \/>\n<meta property=\"og:site_name\" content=\"Photonet\" \/>\n<meta property=\"article:publisher\" content=\"https:\/\/www.facebook.com\/photonet.hu\" \/>\n<meta property=\"article:published_time\" content=\"2010-10-19T15:16:07+00:00\" \/>\n<meta property=\"article:modified_time\" content=\"2026-02-23T13:13:21+00:00\" \/>\n<meta property=\"og:image\" content=\"http:\/\/photonet.hu\/online\/eng\/wp-content\/uploads\/2010\/10\/escher_karoly_fotomuvesz.jpg\" \/>\n\t<meta property=\"og:image:width\" content=\"600\" \/>\n\t<meta property=\"og:image:height\" content=\"360\" \/>\n\t<meta property=\"og:image:type\" content=\"image\/jpeg\" \/>\n<meta name=\"author\" content=\"photonet\" \/>\n<meta name=\"twitter:card\" content=\"summary_large_image\" \/>\n<meta name=\"twitter:creator\" content=\"@photonethu\" \/>\n<meta name=\"twitter:site\" content=\"@photonethu\" \/>\n<meta name=\"twitter:label1\" content=\"Written by\" \/>\n\t<meta name=\"twitter:data1\" content=\"photonet\" \/>\n\t<meta name=\"twitter:label2\" content=\"Est. reading time\" \/>\n\t<meta name=\"twitter:data2\" content=\"5 minutes\" \/>\n<script type=\"application\/ld+json\" class=\"yoast-schema-graph\">{\"@context\":\"https:\\\/\\\/schema.org\",\"@graph\":[{\"@type\":\"Article\",\"@id\":\"https:\\\/\\\/photonet.hu\\\/online\\\/eng\\\/photography\\\/last-century\\\/karoly-escher\\\/#article\",\"isPartOf\":{\"@id\":\"https:\\\/\\\/photonet.hu\\\/online\\\/eng\\\/photography\\\/last-century\\\/karoly-escher\\\/\"},\"author\":{\"name\":\"photonet\",\"@id\":\"https:\\\/\\\/photonet.hu\\\/online\\\/eng\\\/#\\\/schema\\\/person\\\/b8065e4118b8cea4068716ccbdd92f94\"},\"headline\":\"K\u00e1roly Escher: The Master of Hungarian Photojournalism\",\"datePublished\":\"2010-10-19T15:16:07+00:00\",\"dateModified\":\"2026-02-23T13:13:21+00:00\",\"mainEntityOfPage\":{\"@id\":\"https:\\\/\\\/photonet.hu\\\/online\\\/eng\\\/photography\\\/last-century\\\/karoly-escher\\\/\"},\"wordCount\":518,\"commentCount\":0,\"publisher\":{\"@id\":\"https:\\\/\\\/photonet.hu\\\/online\\\/eng\\\/#organization\"},\"image\":{\"@id\":\"https:\\\/\\\/photonet.hu\\\/online\\\/eng\\\/photography\\\/last-century\\\/karoly-escher\\\/#primaryimage\"},\"thumbnailUrl\":\"https:\\\/\\\/photonet.hu\\\/online\\\/eng\\\/wp-content\\\/uploads\\\/2010\\\/10\\\/escher_karoly_fotomuvesz.jpg\",\"keywords\":[\"film\",\"photography\",\"Photojournalism\"],\"articleSection\":[\"Last century\"],\"inLanguage\":\"en-US\",\"potentialAction\":[{\"@type\":\"CommentAction\",\"name\":\"Comment\",\"target\":[\"https:\\\/\\\/photonet.hu\\\/online\\\/eng\\\/photography\\\/last-century\\\/karoly-escher\\\/#respond\"]}]},{\"@type\":\"WebPage\",\"@id\":\"https:\\\/\\\/photonet.hu\\\/online\\\/eng\\\/photography\\\/last-century\\\/karoly-escher\\\/\",\"url\":\"https:\\\/\\\/photonet.hu\\\/online\\\/eng\\\/photography\\\/last-century\\\/karoly-escher\\\/\",\"name\":\"K\u00e1roly Escher: The Master of Hungarian Photojournalism - Photonet\",\"isPartOf\":{\"@id\":\"https:\\\/\\\/photonet.hu\\\/online\\\/eng\\\/#website\"},\"primaryImageOfPage\":{\"@id\":\"https:\\\/\\\/photonet.hu\\\/online\\\/eng\\\/photography\\\/last-century\\\/karoly-escher\\\/#primaryimage\"},\"image\":{\"@id\":\"https:\\\/\\\/photonet.hu\\\/online\\\/eng\\\/photography\\\/last-century\\\/karoly-escher\\\/#primaryimage\"},\"thumbnailUrl\":\"https:\\\/\\\/photonet.hu\\\/online\\\/eng\\\/wp-content\\\/uploads\\\/2010\\\/10\\\/escher_karoly_fotomuvesz.jpg\",\"datePublished\":\"2010-10-19T15:16:07+00:00\",\"dateModified\":\"2026-02-23T13:13:21+00:00\",\"description\":\"Discover the life and work of K\u00e1roly Escher, the photographer who stayed in Hungary but reached the artistic heights of Capa and Kert\u00e9sz. A pioneer of the 35mm Contax\",\"breadcrumb\":{\"@id\":\"https:\\\/\\\/photonet.hu\\\/online\\\/eng\\\/photography\\\/last-century\\\/karoly-escher\\\/#breadcrumb\"},\"inLanguage\":\"en-US\",\"potentialAction\":[{\"@type\":\"ReadAction\",\"target\":[\"https:\\\/\\\/photonet.hu\\\/online\\\/eng\\\/photography\\\/last-century\\\/karoly-escher\\\/\"]}]},{\"@type\":\"ImageObject\",\"inLanguage\":\"en-US\",\"@id\":\"https:\\\/\\\/photonet.hu\\\/online\\\/eng\\\/photography\\\/last-century\\\/karoly-escher\\\/#primaryimage\",\"url\":\"https:\\\/\\\/photonet.hu\\\/online\\\/eng\\\/wp-content\\\/uploads\\\/2010\\\/10\\\/escher_karoly_fotomuvesz.jpg\",\"contentUrl\":\"https:\\\/\\\/photonet.hu\\\/online\\\/eng\\\/wp-content\\\/uploads\\\/2010\\\/10\\\/escher_karoly_fotomuvesz.jpg\",\"width\":600,\"height\":360,\"caption\":\"Escher K\u00e1roly fot\u00f3m\u0171v\u00e9sz\"},{\"@type\":\"BreadcrumbList\",\"@id\":\"https:\\\/\\\/photonet.hu\\\/online\\\/eng\\\/photography\\\/last-century\\\/karoly-escher\\\/#breadcrumb\",\"itemListElement\":[{\"@type\":\"ListItem\",\"position\":1,\"name\":\"Kezd\u0151lap\",\"item\":\"https:\\\/\\\/photonet.hu\\\/online\\\/eng\\\/\"},{\"@type\":\"ListItem\",\"position\":2,\"name\":\"K\u00e1roly Escher: The Master of Hungarian Photojournalism\"}]},{\"@type\":\"WebSite\",\"@id\":\"https:\\\/\\\/photonet.hu\\\/online\\\/eng\\\/#website\",\"url\":\"https:\\\/\\\/photonet.hu\\\/online\\\/eng\\\/\",\"name\":\"Photonet\",\"description\":\"online photography magazine\",\"publisher\":{\"@id\":\"https:\\\/\\\/photonet.hu\\\/online\\\/eng\\\/#organization\"},\"potentialAction\":[{\"@type\":\"SearchAction\",\"target\":{\"@type\":\"EntryPoint\",\"urlTemplate\":\"https:\\\/\\\/photonet.hu\\\/online\\\/eng\\\/?s={search_term_string}\"},\"query-input\":{\"@type\":\"PropertyValueSpecification\",\"valueRequired\":true,\"valueName\":\"search_term_string\"}}],\"inLanguage\":\"en-US\"},{\"@type\":\"Organization\",\"@id\":\"https:\\\/\\\/photonet.hu\\\/online\\\/eng\\\/#organization\",\"name\":\"Photonet online photography magazine\",\"url\":\"https:\\\/\\\/photonet.hu\\\/online\\\/eng\\\/\",\"logo\":{\"@type\":\"ImageObject\",\"inLanguage\":\"en-US\",\"@id\":\"https:\\\/\\\/photonet.hu\\\/online\\\/eng\\\/#\\\/schema\\\/logo\\\/image\\\/\",\"url\":\"https:\\\/\\\/photonet.hu\\\/online\\\/eng\\\/wp-content\\\/uploads\\\/2015\\\/04\\\/photonet_lens_shutter_250.png\",\"contentUrl\":\"https:\\\/\\\/photonet.hu\\\/online\\\/eng\\\/wp-content\\\/uploads\\\/2015\\\/04\\\/photonet_lens_shutter_250.png\",\"width\":250,\"height\":250,\"caption\":\"Photonet online photography magazine\"},\"image\":{\"@id\":\"https:\\\/\\\/photonet.hu\\\/online\\\/eng\\\/#\\\/schema\\\/logo\\\/image\\\/\"},\"sameAs\":[\"https:\\\/\\\/www.facebook.com\\\/photonet.hu\",\"https:\\\/\\\/x.com\\\/photonethu\",\"https:\\\/\\\/www.pinterest.com\\\/acsienator\\\/photography\\\/\"]},{\"@type\":\"Person\",\"@id\":\"https:\\\/\\\/photonet.hu\\\/online\\\/eng\\\/#\\\/schema\\\/person\\\/b8065e4118b8cea4068716ccbdd92f94\",\"name\":\"photonet\",\"image\":{\"@type\":\"ImageObject\",\"inLanguage\":\"en-US\",\"@id\":\"https:\\\/\\\/secure.gravatar.com\\\/avatar\\\/7c91ab952e1e196e2bf6641a013b7b971ffa12946ddbf0f05fb85f62d3433ce2?s=96&d=mm&r=g\",\"url\":\"https:\\\/\\\/secure.gravatar.com\\\/avatar\\\/7c91ab952e1e196e2bf6641a013b7b971ffa12946ddbf0f05fb85f62d3433ce2?s=96&d=mm&r=g\",\"contentUrl\":\"https:\\\/\\\/secure.gravatar.com\\\/avatar\\\/7c91ab952e1e196e2bf6641a013b7b971ffa12946ddbf0f05fb85f62d3433ce2?s=96&d=mm&r=g\",\"caption\":\"photonet\"},\"url\":\"https:\\\/\\\/photonet.hu\\\/online\\\/eng\\\/author\\\/photonet\\\/\"}]}<\/script>\n<!-- \/ Yoast SEO plugin. -->","yoast_head_json":{"title":"K\u00e1roly Escher: The Master of Hungarian Photojournalism - Photonet","description":"Discover the life and work of K\u00e1roly Escher, the photographer who stayed in Hungary but reached the artistic heights of Capa and Kert\u00e9sz. A pioneer of the 35mm Contax","robots":{"index":"index","follow":"follow","max-snippet":"max-snippet:-1","max-image-preview":"max-image-preview:large","max-video-preview":"max-video-preview:-1"},"canonical":"https:\/\/photonet.hu\/online\/eng\/photography\/last-century\/karoly-escher\/","og_locale":"en_US","og_type":"article","og_title":"K\u00e1roly Escher: The Master of Hungarian Photojournalism - Photonet","og_description":"Discover the life and work of K\u00e1roly Escher, the photographer who stayed in Hungary but reached the artistic heights of Capa and Kert\u00e9sz. A pioneer of the 35mm Contax","og_url":"https:\/\/photonet.hu\/online\/eng\/photography\/last-century\/karoly-escher\/","og_site_name":"Photonet","article_publisher":"https:\/\/www.facebook.com\/photonet.hu","article_published_time":"2010-10-19T15:16:07+00:00","article_modified_time":"2026-02-23T13:13:21+00:00","og_image":[{"width":600,"height":360,"url":"http:\/\/photonet.hu\/online\/eng\/wp-content\/uploads\/2010\/10\/escher_karoly_fotomuvesz.jpg","type":"image\/jpeg"}],"author":"photonet","twitter_card":"summary_large_image","twitter_creator":"@photonethu","twitter_site":"@photonethu","twitter_misc":{"Written by":"photonet","Est. reading time":"5 minutes"},"schema":{"@context":"https:\/\/schema.org","@graph":[{"@type":"Article","@id":"https:\/\/photonet.hu\/online\/eng\/photography\/last-century\/karoly-escher\/#article","isPartOf":{"@id":"https:\/\/photonet.hu\/online\/eng\/photography\/last-century\/karoly-escher\/"},"author":{"name":"photonet","@id":"https:\/\/photonet.hu\/online\/eng\/#\/schema\/person\/b8065e4118b8cea4068716ccbdd92f94"},"headline":"K\u00e1roly Escher: The Master of Hungarian Photojournalism","datePublished":"2010-10-19T15:16:07+00:00","dateModified":"2026-02-23T13:13:21+00:00","mainEntityOfPage":{"@id":"https:\/\/photonet.hu\/online\/eng\/photography\/last-century\/karoly-escher\/"},"wordCount":518,"commentCount":0,"publisher":{"@id":"https:\/\/photonet.hu\/online\/eng\/#organization"},"image":{"@id":"https:\/\/photonet.hu\/online\/eng\/photography\/last-century\/karoly-escher\/#primaryimage"},"thumbnailUrl":"https:\/\/photonet.hu\/online\/eng\/wp-content\/uploads\/2010\/10\/escher_karoly_fotomuvesz.jpg","keywords":["film","photography","Photojournalism"],"articleSection":["Last century"],"inLanguage":"en-US","potentialAction":[{"@type":"CommentAction","name":"Comment","target":["https:\/\/photonet.hu\/online\/eng\/photography\/last-century\/karoly-escher\/#respond"]}]},{"@type":"WebPage","@id":"https:\/\/photonet.hu\/online\/eng\/photography\/last-century\/karoly-escher\/","url":"https:\/\/photonet.hu\/online\/eng\/photography\/last-century\/karoly-escher\/","name":"K\u00e1roly Escher: The Master of Hungarian Photojournalism - Photonet","isPartOf":{"@id":"https:\/\/photonet.hu\/online\/eng\/#website"},"primaryImageOfPage":{"@id":"https:\/\/photonet.hu\/online\/eng\/photography\/last-century\/karoly-escher\/#primaryimage"},"image":{"@id":"https:\/\/photonet.hu\/online\/eng\/photography\/last-century\/karoly-escher\/#primaryimage"},"thumbnailUrl":"https:\/\/photonet.hu\/online\/eng\/wp-content\/uploads\/2010\/10\/escher_karoly_fotomuvesz.jpg","datePublished":"2010-10-19T15:16:07+00:00","dateModified":"2026-02-23T13:13:21+00:00","description":"Discover the life and work of K\u00e1roly Escher, the photographer who stayed in Hungary but reached the artistic heights of Capa and Kert\u00e9sz. A pioneer of the 35mm Contax","breadcrumb":{"@id":"https:\/\/photonet.hu\/online\/eng\/photography\/last-century\/karoly-escher\/#breadcrumb"},"inLanguage":"en-US","potentialAction":[{"@type":"ReadAction","target":["https:\/\/photonet.hu\/online\/eng\/photography\/last-century\/karoly-escher\/"]}]},{"@type":"ImageObject","inLanguage":"en-US","@id":"https:\/\/photonet.hu\/online\/eng\/photography\/last-century\/karoly-escher\/#primaryimage","url":"https:\/\/photonet.hu\/online\/eng\/wp-content\/uploads\/2010\/10\/escher_karoly_fotomuvesz.jpg","contentUrl":"https:\/\/photonet.hu\/online\/eng\/wp-content\/uploads\/2010\/10\/escher_karoly_fotomuvesz.jpg","width":600,"height":360,"caption":"Escher K\u00e1roly fot\u00f3m\u0171v\u00e9sz"},{"@type":"BreadcrumbList","@id":"https:\/\/photonet.hu\/online\/eng\/photography\/last-century\/karoly-escher\/#breadcrumb","itemListElement":[{"@type":"ListItem","position":1,"name":"Kezd\u0151lap","item":"https:\/\/photonet.hu\/online\/eng\/"},{"@type":"ListItem","position":2,"name":"K\u00e1roly Escher: The Master of Hungarian Photojournalism"}]},{"@type":"WebSite","@id":"https:\/\/photonet.hu\/online\/eng\/#website","url":"https:\/\/photonet.hu\/online\/eng\/","name":"Photonet","description":"online photography magazine","publisher":{"@id":"https:\/\/photonet.hu\/online\/eng\/#organization"},"potentialAction":[{"@type":"SearchAction","target":{"@type":"EntryPoint","urlTemplate":"https:\/\/photonet.hu\/online\/eng\/?s={search_term_string}"},"query-input":{"@type":"PropertyValueSpecification","valueRequired":true,"valueName":"search_term_string"}}],"inLanguage":"en-US"},{"@type":"Organization","@id":"https:\/\/photonet.hu\/online\/eng\/#organization","name":"Photonet online photography magazine","url":"https:\/\/photonet.hu\/online\/eng\/","logo":{"@type":"ImageObject","inLanguage":"en-US","@id":"https:\/\/photonet.hu\/online\/eng\/#\/schema\/logo\/image\/","url":"https:\/\/photonet.hu\/online\/eng\/wp-content\/uploads\/2015\/04\/photonet_lens_shutter_250.png","contentUrl":"https:\/\/photonet.hu\/online\/eng\/wp-content\/uploads\/2015\/04\/photonet_lens_shutter_250.png","width":250,"height":250,"caption":"Photonet online photography magazine"},"image":{"@id":"https:\/\/photonet.hu\/online\/eng\/#\/schema\/logo\/image\/"},"sameAs":["https:\/\/www.facebook.com\/photonet.hu","https:\/\/x.com\/photonethu","https:\/\/www.pinterest.com\/acsienator\/photography\/"]},{"@type":"Person","@id":"https:\/\/photonet.hu\/online\/eng\/#\/schema\/person\/b8065e4118b8cea4068716ccbdd92f94","name":"photonet","image":{"@type":"ImageObject","inLanguage":"en-US","@id":"https:\/\/secure.gravatar.com\/avatar\/7c91ab952e1e196e2bf6641a013b7b971ffa12946ddbf0f05fb85f62d3433ce2?s=96&d=mm&r=g","url":"https:\/\/secure.gravatar.com\/avatar\/7c91ab952e1e196e2bf6641a013b7b971ffa12946ddbf0f05fb85f62d3433ce2?s=96&d=mm&r=g","contentUrl":"https:\/\/secure.gravatar.com\/avatar\/7c91ab952e1e196e2bf6641a013b7b971ffa12946ddbf0f05fb85f62d3433ce2?s=96&d=mm&r=g","caption":"photonet"},"url":"https:\/\/photonet.hu\/online\/eng\/author\/photonet\/"}]}},"_links":{"self":[{"href":"https:\/\/photonet.hu\/online\/eng\/wp-json\/wp\/v2\/posts\/291","targetHints":{"allow":["GET"]}}],"collection":[{"href":"https:\/\/photonet.hu\/online\/eng\/wp-json\/wp\/v2\/posts"}],"about":[{"href":"https:\/\/photonet.hu\/online\/eng\/wp-json\/wp\/v2\/types\/post"}],"author":[{"embeddable":true,"href":"https:\/\/photonet.hu\/online\/eng\/wp-json\/wp\/v2\/users\/1"}],"replies":[{"embeddable":true,"href":"https:\/\/photonet.hu\/online\/eng\/wp-json\/wp\/v2\/comments?post=291"}],"version-history":[{"count":1,"href":"https:\/\/photonet.hu\/online\/eng\/wp-json\/wp\/v2\/posts\/291\/revisions"}],"predecessor-version":[{"id":1411,"href":"https:\/\/photonet.hu\/online\/eng\/wp-json\/wp\/v2\/posts\/291\/revisions\/1411"}],"wp:featuredmedia":[{"embeddable":true,"href":"https:\/\/photonet.hu\/online\/eng\/wp-json\/wp\/v2\/media\/725"}],"wp:attachment":[{"href":"https:\/\/photonet.hu\/online\/eng\/wp-json\/wp\/v2\/media?parent=291"}],"wp:term":[{"taxonomy":"category","embeddable":true,"href":"https:\/\/photonet.hu\/online\/eng\/wp-json\/wp\/v2\/categories?post=291"},{"taxonomy":"post_tag","embeddable":true,"href":"https:\/\/photonet.hu\/online\/eng\/wp-json\/wp\/v2\/tags?post=291"}],"curies":[{"name":"wp","href":"https:\/\/api.w.org\/{rel}","templated":true}]}}