{"id":1488,"date":"2026-03-27T13:50:02","date_gmt":"2026-03-27T11:50:02","guid":{"rendered":"https:\/\/photonet.hu\/online\/eng\/?p=1488"},"modified":"2026-03-27T13:50:03","modified_gmt":"2026-03-27T11:50:03","slug":"rene-burri-utopia-a-magnum-photographers-architectural-vision","status":"publish","type":"post","link":"https:\/\/photonet.hu\/online\/eng\/photography\/landscape\/rene-burri-utopia-a-magnum-photographers-architectural-vision\/","title":{"rendered":"Ren\u00e9 Burri: Utopia \u2014 A Magnum Photographer\u2019s Architectural Vision"},"content":{"rendered":"\n<h2 class=\"wp-block-heading\">A landmark photography exhibition at Budapest Photo Festival 2026<\/h2>\n\n\n\n<p>The 10th anniversary edition of the Budapest Photo Festival 2026 opens with a major exhibition dedicated to Ren\u00e9 Burri, a prominent member of Magnum Photos. Hosted at the M\u0171csarnok, the exhibition titled <em>Utopia<\/em> presents a curated selection of nearly one hundred photographs, focusing on Burri\u2019s distinctive interpretation of modern architecture and its broader cultural context.<\/p>\n\n\n\n<p>The exhibition continues the festival\u2019s long-standing tradition of collaborating with international institutions and presenting globally recognized photographers. As part of its anniversary program, the festival expands its international scope with exhibitions, professional talks, portfolio reviews, and workshops, reinforcing its position within the European photography scene.<\/p>\n\n\n\n<h2 class=\"wp-block-heading\">Ren\u00e9 Burri\u2019s photographic legacy and Magnum career<\/h2>\n\n\n\n<h3 class=\"wp-block-heading\">Early career and Magnum Photos affiliation<\/h3>\n\n\n\n<p>Ren\u00e9 Burri was born in Zurich in 1933 and studied at the Zurich School of Applied Arts under influential instructors such as Hans Finsler and Alfred Willimann. His early professional experience included working as a cinematographer for Walt Disney Film in 1954.<\/p>\n\n\n\n<p>In 1955, Burri produced a significant photo essay documenting educational methods for deaf-mute children. This project served as his entry portfolio to Magnum Photos, marking the beginning of a long-term collaboration. By 1959, he became a full member of the agency, joining a network of photographers known for combining journalistic rigor with visual storytelling.<\/p>\n\n\n\n<h3 class=\"wp-block-heading\">International assignments and global reportage<\/h3>\n\n\n\n<p>Between 1956 and 1958, Burri undertook numerous assignments across Europe and the Middle East, including Czechoslovakia, Turkey, Egypt, Syria, Iraq, and Lebanon. He also spent extended periods in Latin America, documenting rural life, including Argentine gauchos.<\/p>\n\n\n\n<p>His photographic work appeared in major international publications such as Life magazine, Look magazine, Stern, Paris Match, The Sunday Times, and The New York Times. These platforms positioned Burri within the mainstream visual media landscape of the mid-20th century.<\/p>\n\n\n\n<h3 class=\"wp-block-heading\">Iconic figures and historical events<\/h3>\n\n\n\n<p>Burri is widely recognized for his portrait of Che Guevara, often depicted smoking a cigar. His assignments brought him into direct contact with key political figures such as Fidel Castro during his work in Cuba in 1963.<\/p>\n\n\n\n<p>Throughout his six-decade career, Burri documented pivotal historical moments, including the fall of the Berlin Wall, the Tiananmen Square protests in Beijing, and the aftermath of conflicts in Beirut. His work reflects a consistent engagement with geopolitical transformation and social change.<\/p>\n\n\n\n<figure class=\"wp-block-gallery has-nested-images columns-default is-cropped wp-block-gallery-1 is-layout-flex wp-block-gallery-is-layout-flex\">\n<figure class=\"wp-block-image size-large\"><img decoding=\"async\" width=\"441\" height=\"649\" data-id=\"1494\" src=\"https:\/\/photonet.hu\/online\/eng\/wp-content\/uploads\/2026\/03\/rene_burri_ministry_health_oscar_niemeyer_brasil.jpg\" alt=\"\" class=\"wp-image-1494\" srcset=\"https:\/\/photonet.hu\/online\/eng\/wp-content\/uploads\/2026\/03\/rene_burri_ministry_health_oscar_niemeyer_brasil.jpg 441w, https:\/\/photonet.hu\/online\/eng\/wp-content\/uploads\/2026\/03\/rene_burri_ministry_health_oscar_niemeyer_brasil-204x300.jpg 204w\" sizes=\"(max-width: 441px) 100vw, 441px\" \/><figcaption class=\"wp-element-caption\">BRAZIL. Rio De Janeiro. 1960. The Ministry of Health building designed by architect Lucio Costa&#8217;s team, including Oscar Niemeyer.<\/figcaption><\/figure>\n\n\n\n<figure class=\"wp-block-image size-large\"><img decoding=\"async\" width=\"426\" height=\"649\" data-id=\"1492\" src=\"https:\/\/photonet.hu\/online\/eng\/wp-content\/uploads\/2026\/03\/rene_burri_nordeste_national_congress_building_brasil.jpg\" alt=\"\" class=\"wp-image-1492\" srcset=\"https:\/\/photonet.hu\/online\/eng\/wp-content\/uploads\/2026\/03\/rene_burri_nordeste_national_congress_building_brasil.jpg 426w, https:\/\/photonet.hu\/online\/eng\/wp-content\/uploads\/2026\/03\/rene_burri_nordeste_national_congress_building_brasil-197x300.jpg 197w\" sizes=\"(max-width: 426px) 100vw, 426px\" \/><figcaption class=\"wp-element-caption\">BRAZIL. Brasilia. 1960. Worker from Nordeste shows his family the new city on inauguration day. In the background : the National Congress building by Oscar NIEMEYER.<\/figcaption><\/figure>\n\n\n\n<figure class=\"wp-block-image size-large\"><img decoding=\"async\" width=\"648\" height=\"650\" data-id=\"1490\" src=\"https:\/\/photonet.hu\/online\/eng\/wp-content\/uploads\/2026\/03\/rene_burri_notre_dame_du_haut_ronchamp.jpg\" alt=\"\" class=\"wp-image-1490\" srcset=\"https:\/\/photonet.hu\/online\/eng\/wp-content\/uploads\/2026\/03\/rene_burri_notre_dame_du_haut_ronchamp.jpg 648w, https:\/\/photonet.hu\/online\/eng\/wp-content\/uploads\/2026\/03\/rene_burri_notre_dame_du_haut_ronchamp-300x300.jpg 300w, https:\/\/photonet.hu\/online\/eng\/wp-content\/uploads\/2026\/03\/rene_burri_notre_dame_du_haut_ronchamp-150x150.jpg 150w\" sizes=\"(max-width: 648px) 100vw, 648px\" \/><figcaption class=\"wp-element-caption\">FRANCE. Franche-Comte region. Town of Ronchamp. 1955.<\/figcaption><\/figure>\n\n\n\n<figure class=\"wp-block-image size-large\"><img decoding=\"async\" width=\"434\" height=\"650\" data-id=\"1491\" src=\"https:\/\/photonet.hu\/online\/eng\/wp-content\/uploads\/2026\/03\/rene_burri_notre_dame_du_haut_ronchamp_corbusier.jpg\" alt=\"\" class=\"wp-image-1491\" srcset=\"https:\/\/photonet.hu\/online\/eng\/wp-content\/uploads\/2026\/03\/rene_burri_notre_dame_du_haut_ronchamp_corbusier.jpg 434w, https:\/\/photonet.hu\/online\/eng\/wp-content\/uploads\/2026\/03\/rene_burri_notre_dame_du_haut_ronchamp_corbusier-200x300.jpg 200w\" sizes=\"(max-width: 434px) 100vw, 434px\" \/><figcaption class=\"wp-element-caption\">MEXICO. Mexico City. Queretaro Highway. 1969. The Towers of Satellite City (1957-58) by Mexican architect Luis BARRAGAN and German born sculptor and architect Mathias GOERITZ.<\/figcaption><\/figure>\n\n\n\n<figure class=\"wp-block-image size-large\"><img decoding=\"async\" width=\"435\" height=\"649\" data-id=\"1493\" src=\"https:\/\/photonet.hu\/online\/eng\/wp-content\/uploads\/2026\/03\/rene_burri_notre_dame_du_haut_ronchamp_corbusier_france.jpg\" alt=\"\" class=\"wp-image-1493\" srcset=\"https:\/\/photonet.hu\/online\/eng\/wp-content\/uploads\/2026\/03\/rene_burri_notre_dame_du_haut_ronchamp_corbusier_france.jpg 435w, https:\/\/photonet.hu\/online\/eng\/wp-content\/uploads\/2026\/03\/rene_burri_notre_dame_du_haut_ronchamp_corbusier_france-201x300.jpg 201w\" sizes=\"(max-width: 435px) 100vw, 435px\" \/><figcaption class=\"wp-element-caption\">Windows where painted glass panels will be mounted. Most of the slits for light widen to the interior of the edifice, some however on the exterior; the openings thus mediate between the two different worlds.<br \/>Inauguration of the chapel of Notre-Dame du Haut, built by LE CORBUSIER.<\/figcaption><\/figure>\n\n\n\n<figure class=\"wp-block-image size-large\"><img decoding=\"async\" width=\"1024\" height=\"711\" data-id=\"1495\" src=\"https:\/\/photonet.hu\/online\/eng\/wp-content\/uploads\/2026\/03\/rene_burri_stable_horse_pool_house-1024x711.jpg\" alt=\"\" class=\"wp-image-1495\" srcset=\"https:\/\/photonet.hu\/online\/eng\/wp-content\/uploads\/2026\/03\/rene_burri_stable_horse_pool_house-1024x711.jpg 1024w, https:\/\/photonet.hu\/online\/eng\/wp-content\/uploads\/2026\/03\/rene_burri_stable_horse_pool_house-300x208.jpg 300w, https:\/\/photonet.hu\/online\/eng\/wp-content\/uploads\/2026\/03\/rene_burri_stable_horse_pool_house-768x533.jpg 768w, https:\/\/photonet.hu\/online\/eng\/wp-content\/uploads\/2026\/03\/rene_burri_stable_horse_pool_house-1536x1066.jpg 1536w, https:\/\/photonet.hu\/online\/eng\/wp-content\/uploads\/2026\/03\/rene_burri_stable_horse_pool_house.jpg 1920w\" sizes=\"(max-width: 1024px) 100vw, 1024px\" \/><figcaption class=\"wp-element-caption\">MEXICO. Mexico City. San Cristobal. 1976. Stable, horse pool and house (1967-68) by Luis BARRAGAN (and Andres CASILLAS).<\/figcaption><\/figure>\n<\/figure>\n\n\n\n<h2 class=\"wp-block-heading\">Utopia exhibition: architecture as visual narrative<\/h2>\n\n\n\n<h3 class=\"wp-block-heading\">A shift from reportage to architectural interpretation<\/h3>\n\n\n\n<p>The <em>Utopia<\/em> exhibition introduces a different perspective on Burri\u2019s oeuvre. While he is primarily associated with photojournalism, this selection emphasizes his engagement with modernist architecture as a visual and conceptual subject.<\/p>\n\n\n\n<p>The exhibition frames architecture not merely as a backdrop but as an active element in shaping human experience. Through Burri\u2019s lens, buildings become symbolic structures reflecting ideological ambitions and societal transformations of the 20th century.<\/p>\n\n\n\n<h3 class=\"wp-block-heading\">Modernist icons through Burri\u2019s lens<\/h3>\n\n\n\n<p>Among the architectural subjects featured are works by Le Corbusier, including the Ronchamp Chapel, and projects by Oscar Niemeyer in Rio de Janeiro and Bras\u00edlia. These structures are presented through Burri\u2019s characteristic compositional approach, combining geometric precision with human presence.<\/p>\n\n\n\n<p>Burri\u2019s photographs highlight contrasts between scale, form, and function, often incorporating human figures to contextualize monumental architecture. This method underscores the interaction between individuals and constructed environments.<\/p>\n\n\n\n<h3 class=\"wp-block-heading\">Artist portraits and architectural protagonists<\/h3>\n\n\n\n<p>In addition to architectural imagery, the exhibition includes artist portraits published in outlets such as Paris Match. These works bring attention to the creators behind modernist architecture, positioning them as central figures within the visual narrative.<\/p>\n\n\n\n<p>By integrating portraits and architectural studies, the exhibition constructs a layered interpretation of modernism, linking artistic intention with material realization.<\/p>\n\n\n\n<h2 class=\"wp-block-heading\">Documentary expression and visual metaphors<\/h2>\n\n\n\n<h3 class=\"wp-block-heading\">Expressive documentary photography<\/h3>\n\n\n\n<p>According to photography historian Hans-Michael Koetzle, Burri\u2019s work transcends conventional press photography. His images function as visual metaphors, offering insights into broader societal conditions.<\/p>\n\n\n\n<p>The <em>Utopia<\/em> exhibition illustrates this approach through sequences that juxtapose creation and destruction, development and decay. These visual contrasts contribute to a narrative that reflects the complexities of the 20th century.<\/p>\n\n\n\n<h3 class=\"wp-block-heading\">Human presence in architectural space<\/h3>\n\n\n\n<p>A recurring element in Burri\u2019s work is the inclusion of human figures within architectural settings. This compositional strategy introduces scale and perspective while emphasizing the relationship between individuals and their environments.<\/p>\n\n\n\n<p>The photographs often depict transitional moments, where architecture serves as a stage for social interaction or historical change. This reinforces the documentary dimension of Burri\u2019s practice.<\/p>\n\n\n\n<h2 class=\"wp-block-heading\">Exhibition context and curatorial background<\/h2>\n\n\n\n<h3 class=\"wp-block-heading\">Origins of the Utopia concept<\/h3>\n\n\n\n<p>The original <em>Utopia<\/em> exhibition was conceived in 2004 by Ren\u00e9 Burri in collaboration with Hans-Michael Koetzle. The current presentation builds upon this concept, adapting it to the context of Budapest Photo Festival 2026.<\/p>\n\n\n\n<p>The exhibition is organized through a partnership between Magnum Photos, M\u0171csarnok, and the festival, ensuring access to archival material and maintaining curatorial continuity.<\/p>\n\n\n\n<h3 class=\"wp-block-heading\">Exhibition details and visitor information<\/h3>\n\n\n\n<p>The exhibition runs from March 28 to June 28, 2026, at M\u0171csarnok in Budapest. The venue, located on D\u00f3zsa Gy\u00f6rgy \u00fat, serves as a central exhibition space for contemporary art and photography in Hungary.<\/p>\n\n\n\n<p>Visitors can expect a comprehensive overview of Burri\u2019s architectural photography, presented in a structured exhibition layout that facilitates thematic exploration.<\/p>\n\n\n\n<h2 class=\"wp-block-heading\">Ren\u00e9 Burri\u2019s relevance in contemporary photography discourse<\/h2>\n\n\n\n<h3 class=\"wp-block-heading\">Legacy within photojournalism and visual culture<\/h3>\n\n\n\n<p>Ren\u00e9 Burri\u2019s work occupies a distinct position at the intersection of photojournalism and artistic photography. His ability to integrate narrative content with formal composition has influenced subsequent generations of photographers.<\/p>\n\n\n\n<p>The <em>Utopia<\/em> exhibition contributes to ongoing discussions about the role of photography in documenting and interpreting built environments. It also highlights the relevance of mid-20th century modernism in contemporary visual culture.<\/p>\n\n\n\n<h3 class=\"wp-block-heading\">A centennial perspective on transformation<\/h3>\n\n\n\n<p>Through its focus on architecture, the exhibition offers an alternative reading of historical transformation. Rather than emphasizing events alone, it examines the physical structures that both shape and reflect societal change.<\/p>\n\n\n\n<p>This approach aligns with current curatorial practices that seek to contextualize photography within broader cultural and historical frameworks.<\/p>\n\n\n\n<p>Photos: Art Hall, Budapest and \u00a9 Rene Burri\/Magnum Photos<\/p>\n\n\n\n<h2 class=\"wp-block-heading\">Ren\u00e9 Burri Utopia exhibition at Budapest Photo Festival 2026<\/h2>\n\n\n\n<p>28th of March, 2026. &#8211; 28th of Juin, 2026.<br \/>Art Hall, an institution of the Hungarian Academy of Arts<br \/>Budapest, 37. D\u00f3zsa Gy\u00f6rgy street<\/p>\n\n\n\n<p>More information at the <a href=\"https:\/\/mucsarnok.hu\/\" type=\"link\" id=\"https:\/\/mucsarnok.hu\/\" target=\"_blank\" rel=\"noreferrer noopener\">Art Hall official website<\/a>.<\/p>\n","protected":false},"excerpt":{"rendered":"<p>Ren\u00e9 Burri Utopia exhibition at Budapest Photo Festival 2026 presents iconic modern architecture photography, highlighting the Magnum photographer\u2019s unique documentary vision.<\/p>\n","protected":false},"author":1,"featured_media":1489,"comment_status":"closed","ping_status":"open","sticky":false,"template":"","format":"standard","meta":{"footnotes":""},"categories":[180],"tags":[220,211,113,181,182,111],"class_list":["post-1488","post","type-post","status-publish","format-standard","has-post-thumbnail","hentry","category-landscape","tag-architecture","tag-arts","tag-exhibition","tag-landscape-photography","tag-news_","tag-photography-2"],"blocksy_meta":[],"yoast_head":"<!-- This site is optimized with the Yoast SEO plugin v27.4 - https:\/\/yoast.com\/product\/yoast-seo-wordpress\/ -->\n<title>Ren\u00e9 Burri: Utopia \u2014 A Magnum Photographer\u2019s Architectural Vision - Photonet<\/title>\n<meta name=\"description\" content=\"Explore Ren\u00e9 Burri Utopia exhibition at Budapest Photo Festival 2026. Discover modern architecture photography, Magnum Photos legacy, and iconic 20th-century visual storytelling\" \/>\n<meta name=\"robots\" content=\"index, follow, max-snippet:-1, max-image-preview:large, max-video-preview:-1\" \/>\n<link rel=\"canonical\" href=\"https:\/\/photonet.hu\/online\/eng\/photography\/landscape\/rene-burri-utopia-a-magnum-photographers-architectural-vision\/\" \/>\n<meta property=\"og:locale\" content=\"en_US\" \/>\n<meta property=\"og:type\" content=\"article\" \/>\n<meta property=\"og:title\" content=\"Ren\u00e9 Burri: Utopia \u2014 A Magnum Photographer\u2019s Architectural Vision - Photonet\" \/>\n<meta property=\"og:description\" content=\"Explore Ren\u00e9 Burri Utopia exhibition at Budapest Photo Festival 2026. Discover modern architecture photography, Magnum Photos legacy, and iconic 20th-century visual storytelling\" \/>\n<meta property=\"og:url\" content=\"https:\/\/photonet.hu\/online\/eng\/photography\/landscape\/rene-burri-utopia-a-magnum-photographers-architectural-vision\/\" \/>\n<meta property=\"og:site_name\" content=\"Photonet\" \/>\n<meta property=\"article:publisher\" content=\"https:\/\/www.facebook.com\/photonet.hu\" \/>\n<meta property=\"article:published_time\" content=\"2026-03-27T11:50:02+00:00\" \/>\n<meta property=\"article:modified_time\" content=\"2026-03-27T11:50:03+00:00\" \/>\n<meta property=\"og:image\" content=\"http:\/\/photonet.hu\/online\/eng\/wp-content\/uploads\/2026\/03\/rene_burri_utopia_photography_exhibition_mucsarnok.jpg\" \/>\n\t<meta property=\"og:image:width\" content=\"825\" \/>\n\t<meta property=\"og:image:height\" content=\"550\" \/>\n\t<meta property=\"og:image:type\" content=\"image\/jpeg\" \/>\n<meta name=\"author\" content=\"photonet\" \/>\n<meta name=\"twitter:card\" content=\"summary_large_image\" \/>\n<meta name=\"twitter:creator\" content=\"@photonethu\" \/>\n<meta name=\"twitter:site\" content=\"@photonethu\" \/>\n<meta name=\"twitter:label1\" content=\"Written by\" \/>\n\t<meta name=\"twitter:data1\" content=\"photonet\" \/>\n\t<meta name=\"twitter:label2\" content=\"Est. reading time\" \/>\n\t<meta name=\"twitter:data2\" content=\"7 minutes\" \/>\n<script type=\"application\/ld+json\" class=\"yoast-schema-graph\">{\"@context\":\"https:\\\/\\\/schema.org\",\"@graph\":[{\"@type\":\"Article\",\"@id\":\"https:\\\/\\\/photonet.hu\\\/online\\\/eng\\\/photography\\\/landscape\\\/rene-burri-utopia-a-magnum-photographers-architectural-vision\\\/#article\",\"isPartOf\":{\"@id\":\"https:\\\/\\\/photonet.hu\\\/online\\\/eng\\\/photography\\\/landscape\\\/rene-burri-utopia-a-magnum-photographers-architectural-vision\\\/\"},\"author\":{\"name\":\"photonet\",\"@id\":\"https:\\\/\\\/photonet.hu\\\/online\\\/eng\\\/#\\\/schema\\\/person\\\/b8065e4118b8cea4068716ccbdd92f94\"},\"headline\":\"Ren\u00e9 Burri: Utopia \u2014 A Magnum Photographer\u2019s Architectural Vision\",\"datePublished\":\"2026-03-27T11:50:02+00:00\",\"dateModified\":\"2026-03-27T11:50:03+00:00\",\"mainEntityOfPage\":{\"@id\":\"https:\\\/\\\/photonet.hu\\\/online\\\/eng\\\/photography\\\/landscape\\\/rene-burri-utopia-a-magnum-photographers-architectural-vision\\\/\"},\"wordCount\":1172,\"publisher\":{\"@id\":\"https:\\\/\\\/photonet.hu\\\/online\\\/eng\\\/#organization\"},\"image\":{\"@id\":\"https:\\\/\\\/photonet.hu\\\/online\\\/eng\\\/photography\\\/landscape\\\/rene-burri-utopia-a-magnum-photographers-architectural-vision\\\/#primaryimage\"},\"thumbnailUrl\":\"https:\\\/\\\/photonet.hu\\\/online\\\/eng\\\/wp-content\\\/uploads\\\/2026\\\/03\\\/rene_burri_utopia_photography_exhibition_mucsarnok.jpg\",\"keywords\":[\"architecture\",\"arts\",\"exhibition\",\"landscape photography\",\"news\",\"photography\"],\"articleSection\":[\"Landscape\"],\"inLanguage\":\"en-US\"},{\"@type\":\"WebPage\",\"@id\":\"https:\\\/\\\/photonet.hu\\\/online\\\/eng\\\/photography\\\/landscape\\\/rene-burri-utopia-a-magnum-photographers-architectural-vision\\\/\",\"url\":\"https:\\\/\\\/photonet.hu\\\/online\\\/eng\\\/photography\\\/landscape\\\/rene-burri-utopia-a-magnum-photographers-architectural-vision\\\/\",\"name\":\"Ren\u00e9 Burri: Utopia \u2014 A Magnum Photographer\u2019s Architectural Vision - Photonet\",\"isPartOf\":{\"@id\":\"https:\\\/\\\/photonet.hu\\\/online\\\/eng\\\/#website\"},\"primaryImageOfPage\":{\"@id\":\"https:\\\/\\\/photonet.hu\\\/online\\\/eng\\\/photography\\\/landscape\\\/rene-burri-utopia-a-magnum-photographers-architectural-vision\\\/#primaryimage\"},\"image\":{\"@id\":\"https:\\\/\\\/photonet.hu\\\/online\\\/eng\\\/photography\\\/landscape\\\/rene-burri-utopia-a-magnum-photographers-architectural-vision\\\/#primaryimage\"},\"thumbnailUrl\":\"https:\\\/\\\/photonet.hu\\\/online\\\/eng\\\/wp-content\\\/uploads\\\/2026\\\/03\\\/rene_burri_utopia_photography_exhibition_mucsarnok.jpg\",\"datePublished\":\"2026-03-27T11:50:02+00:00\",\"dateModified\":\"2026-03-27T11:50:03+00:00\",\"description\":\"Explore Ren\u00e9 Burri Utopia exhibition at Budapest Photo Festival 2026. Discover modern architecture photography, Magnum Photos legacy, and iconic 20th-century visual storytelling\",\"breadcrumb\":{\"@id\":\"https:\\\/\\\/photonet.hu\\\/online\\\/eng\\\/photography\\\/landscape\\\/rene-burri-utopia-a-magnum-photographers-architectural-vision\\\/#breadcrumb\"},\"inLanguage\":\"en-US\",\"potentialAction\":[{\"@type\":\"ReadAction\",\"target\":[\"https:\\\/\\\/photonet.hu\\\/online\\\/eng\\\/photography\\\/landscape\\\/rene-burri-utopia-a-magnum-photographers-architectural-vision\\\/\"]}]},{\"@type\":\"ImageObject\",\"inLanguage\":\"en-US\",\"@id\":\"https:\\\/\\\/photonet.hu\\\/online\\\/eng\\\/photography\\\/landscape\\\/rene-burri-utopia-a-magnum-photographers-architectural-vision\\\/#primaryimage\",\"url\":\"https:\\\/\\\/photonet.hu\\\/online\\\/eng\\\/wp-content\\\/uploads\\\/2026\\\/03\\\/rene_burri_utopia_photography_exhibition_mucsarnok.jpg\",\"contentUrl\":\"https:\\\/\\\/photonet.hu\\\/online\\\/eng\\\/wp-content\\\/uploads\\\/2026\\\/03\\\/rene_burri_utopia_photography_exhibition_mucsarnok.jpg\",\"width\":825,\"height\":550,\"caption\":\"Ren\u00e9 Burri Utopia exhibition, Art Hall, Budapest\"},{\"@type\":\"BreadcrumbList\",\"@id\":\"https:\\\/\\\/photonet.hu\\\/online\\\/eng\\\/photography\\\/landscape\\\/rene-burri-utopia-a-magnum-photographers-architectural-vision\\\/#breadcrumb\",\"itemListElement\":[{\"@type\":\"ListItem\",\"position\":1,\"name\":\"Kezd\u0151lap\",\"item\":\"https:\\\/\\\/photonet.hu\\\/online\\\/eng\\\/\"},{\"@type\":\"ListItem\",\"position\":2,\"name\":\"Ren\u00e9 Burri: Utopia \u2014 A Magnum Photographer\u2019s Architectural Vision\"}]},{\"@type\":\"WebSite\",\"@id\":\"https:\\\/\\\/photonet.hu\\\/online\\\/eng\\\/#website\",\"url\":\"https:\\\/\\\/photonet.hu\\\/online\\\/eng\\\/\",\"name\":\"Photonet\",\"description\":\"online photography magazine\",\"publisher\":{\"@id\":\"https:\\\/\\\/photonet.hu\\\/online\\\/eng\\\/#organization\"},\"potentialAction\":[{\"@type\":\"SearchAction\",\"target\":{\"@type\":\"EntryPoint\",\"urlTemplate\":\"https:\\\/\\\/photonet.hu\\\/online\\\/eng\\\/?s={search_term_string}\"},\"query-input\":{\"@type\":\"PropertyValueSpecification\",\"valueRequired\":true,\"valueName\":\"search_term_string\"}}],\"inLanguage\":\"en-US\"},{\"@type\":\"Organization\",\"@id\":\"https:\\\/\\\/photonet.hu\\\/online\\\/eng\\\/#organization\",\"name\":\"Photonet online photography magazine\",\"url\":\"https:\\\/\\\/photonet.hu\\\/online\\\/eng\\\/\",\"logo\":{\"@type\":\"ImageObject\",\"inLanguage\":\"en-US\",\"@id\":\"https:\\\/\\\/photonet.hu\\\/online\\\/eng\\\/#\\\/schema\\\/logo\\\/image\\\/\",\"url\":\"https:\\\/\\\/photonet.hu\\\/online\\\/eng\\\/wp-content\\\/uploads\\\/2015\\\/04\\\/photonet_lens_shutter_250.png\",\"contentUrl\":\"https:\\\/\\\/photonet.hu\\\/online\\\/eng\\\/wp-content\\\/uploads\\\/2015\\\/04\\\/photonet_lens_shutter_250.png\",\"width\":250,\"height\":250,\"caption\":\"Photonet online photography magazine\"},\"image\":{\"@id\":\"https:\\\/\\\/photonet.hu\\\/online\\\/eng\\\/#\\\/schema\\\/logo\\\/image\\\/\"},\"sameAs\":[\"https:\\\/\\\/www.facebook.com\\\/photonet.hu\",\"https:\\\/\\\/x.com\\\/photonethu\",\"https:\\\/\\\/www.pinterest.com\\\/acsienator\\\/photography\\\/\"]},{\"@type\":\"Person\",\"@id\":\"https:\\\/\\\/photonet.hu\\\/online\\\/eng\\\/#\\\/schema\\\/person\\\/b8065e4118b8cea4068716ccbdd92f94\",\"name\":\"photonet\",\"image\":{\"@type\":\"ImageObject\",\"inLanguage\":\"en-US\",\"@id\":\"https:\\\/\\\/secure.gravatar.com\\\/avatar\\\/7c91ab952e1e196e2bf6641a013b7b971ffa12946ddbf0f05fb85f62d3433ce2?s=96&d=mm&r=g\",\"url\":\"https:\\\/\\\/secure.gravatar.com\\\/avatar\\\/7c91ab952e1e196e2bf6641a013b7b971ffa12946ddbf0f05fb85f62d3433ce2?s=96&d=mm&r=g\",\"contentUrl\":\"https:\\\/\\\/secure.gravatar.com\\\/avatar\\\/7c91ab952e1e196e2bf6641a013b7b971ffa12946ddbf0f05fb85f62d3433ce2?s=96&d=mm&r=g\",\"caption\":\"photonet\"},\"url\":\"https:\\\/\\\/photonet.hu\\\/online\\\/eng\\\/author\\\/photonet\\\/\"}]}<\/script>\n<!-- \/ Yoast SEO plugin. -->","yoast_head_json":{"title":"Ren\u00e9 Burri: Utopia \u2014 A Magnum Photographer\u2019s Architectural Vision - Photonet","description":"Explore Ren\u00e9 Burri Utopia exhibition at Budapest Photo Festival 2026. Discover modern architecture photography, Magnum Photos legacy, and iconic 20th-century visual storytelling","robots":{"index":"index","follow":"follow","max-snippet":"max-snippet:-1","max-image-preview":"max-image-preview:large","max-video-preview":"max-video-preview:-1"},"canonical":"https:\/\/photonet.hu\/online\/eng\/photography\/landscape\/rene-burri-utopia-a-magnum-photographers-architectural-vision\/","og_locale":"en_US","og_type":"article","og_title":"Ren\u00e9 Burri: Utopia \u2014 A Magnum Photographer\u2019s Architectural Vision - Photonet","og_description":"Explore Ren\u00e9 Burri Utopia exhibition at Budapest Photo Festival 2026. Discover modern architecture photography, Magnum Photos legacy, and iconic 20th-century visual storytelling","og_url":"https:\/\/photonet.hu\/online\/eng\/photography\/landscape\/rene-burri-utopia-a-magnum-photographers-architectural-vision\/","og_site_name":"Photonet","article_publisher":"https:\/\/www.facebook.com\/photonet.hu","article_published_time":"2026-03-27T11:50:02+00:00","article_modified_time":"2026-03-27T11:50:03+00:00","og_image":[{"width":825,"height":550,"url":"http:\/\/photonet.hu\/online\/eng\/wp-content\/uploads\/2026\/03\/rene_burri_utopia_photography_exhibition_mucsarnok.jpg","type":"image\/jpeg"}],"author":"photonet","twitter_card":"summary_large_image","twitter_creator":"@photonethu","twitter_site":"@photonethu","twitter_misc":{"Written by":"photonet","Est. reading time":"7 minutes"},"schema":{"@context":"https:\/\/schema.org","@graph":[{"@type":"Article","@id":"https:\/\/photonet.hu\/online\/eng\/photography\/landscape\/rene-burri-utopia-a-magnum-photographers-architectural-vision\/#article","isPartOf":{"@id":"https:\/\/photonet.hu\/online\/eng\/photography\/landscape\/rene-burri-utopia-a-magnum-photographers-architectural-vision\/"},"author":{"name":"photonet","@id":"https:\/\/photonet.hu\/online\/eng\/#\/schema\/person\/b8065e4118b8cea4068716ccbdd92f94"},"headline":"Ren\u00e9 Burri: Utopia \u2014 A Magnum Photographer\u2019s Architectural Vision","datePublished":"2026-03-27T11:50:02+00:00","dateModified":"2026-03-27T11:50:03+00:00","mainEntityOfPage":{"@id":"https:\/\/photonet.hu\/online\/eng\/photography\/landscape\/rene-burri-utopia-a-magnum-photographers-architectural-vision\/"},"wordCount":1172,"publisher":{"@id":"https:\/\/photonet.hu\/online\/eng\/#organization"},"image":{"@id":"https:\/\/photonet.hu\/online\/eng\/photography\/landscape\/rene-burri-utopia-a-magnum-photographers-architectural-vision\/#primaryimage"},"thumbnailUrl":"https:\/\/photonet.hu\/online\/eng\/wp-content\/uploads\/2026\/03\/rene_burri_utopia_photography_exhibition_mucsarnok.jpg","keywords":["architecture","arts","exhibition","landscape photography","news","photography"],"articleSection":["Landscape"],"inLanguage":"en-US"},{"@type":"WebPage","@id":"https:\/\/photonet.hu\/online\/eng\/photography\/landscape\/rene-burri-utopia-a-magnum-photographers-architectural-vision\/","url":"https:\/\/photonet.hu\/online\/eng\/photography\/landscape\/rene-burri-utopia-a-magnum-photographers-architectural-vision\/","name":"Ren\u00e9 Burri: Utopia \u2014 A Magnum Photographer\u2019s Architectural Vision - Photonet","isPartOf":{"@id":"https:\/\/photonet.hu\/online\/eng\/#website"},"primaryImageOfPage":{"@id":"https:\/\/photonet.hu\/online\/eng\/photography\/landscape\/rene-burri-utopia-a-magnum-photographers-architectural-vision\/#primaryimage"},"image":{"@id":"https:\/\/photonet.hu\/online\/eng\/photography\/landscape\/rene-burri-utopia-a-magnum-photographers-architectural-vision\/#primaryimage"},"thumbnailUrl":"https:\/\/photonet.hu\/online\/eng\/wp-content\/uploads\/2026\/03\/rene_burri_utopia_photography_exhibition_mucsarnok.jpg","datePublished":"2026-03-27T11:50:02+00:00","dateModified":"2026-03-27T11:50:03+00:00","description":"Explore Ren\u00e9 Burri Utopia exhibition at Budapest Photo Festival 2026. Discover modern architecture photography, Magnum Photos legacy, and iconic 20th-century visual storytelling","breadcrumb":{"@id":"https:\/\/photonet.hu\/online\/eng\/photography\/landscape\/rene-burri-utopia-a-magnum-photographers-architectural-vision\/#breadcrumb"},"inLanguage":"en-US","potentialAction":[{"@type":"ReadAction","target":["https:\/\/photonet.hu\/online\/eng\/photography\/landscape\/rene-burri-utopia-a-magnum-photographers-architectural-vision\/"]}]},{"@type":"ImageObject","inLanguage":"en-US","@id":"https:\/\/photonet.hu\/online\/eng\/photography\/landscape\/rene-burri-utopia-a-magnum-photographers-architectural-vision\/#primaryimage","url":"https:\/\/photonet.hu\/online\/eng\/wp-content\/uploads\/2026\/03\/rene_burri_utopia_photography_exhibition_mucsarnok.jpg","contentUrl":"https:\/\/photonet.hu\/online\/eng\/wp-content\/uploads\/2026\/03\/rene_burri_utopia_photography_exhibition_mucsarnok.jpg","width":825,"height":550,"caption":"Ren\u00e9 Burri Utopia exhibition, Art Hall, Budapest"},{"@type":"BreadcrumbList","@id":"https:\/\/photonet.hu\/online\/eng\/photography\/landscape\/rene-burri-utopia-a-magnum-photographers-architectural-vision\/#breadcrumb","itemListElement":[{"@type":"ListItem","position":1,"name":"Kezd\u0151lap","item":"https:\/\/photonet.hu\/online\/eng\/"},{"@type":"ListItem","position":2,"name":"Ren\u00e9 Burri: Utopia \u2014 A Magnum Photographer\u2019s Architectural Vision"}]},{"@type":"WebSite","@id":"https:\/\/photonet.hu\/online\/eng\/#website","url":"https:\/\/photonet.hu\/online\/eng\/","name":"Photonet","description":"online photography magazine","publisher":{"@id":"https:\/\/photonet.hu\/online\/eng\/#organization"},"potentialAction":[{"@type":"SearchAction","target":{"@type":"EntryPoint","urlTemplate":"https:\/\/photonet.hu\/online\/eng\/?s={search_term_string}"},"query-input":{"@type":"PropertyValueSpecification","valueRequired":true,"valueName":"search_term_string"}}],"inLanguage":"en-US"},{"@type":"Organization","@id":"https:\/\/photonet.hu\/online\/eng\/#organization","name":"Photonet online photography magazine","url":"https:\/\/photonet.hu\/online\/eng\/","logo":{"@type":"ImageObject","inLanguage":"en-US","@id":"https:\/\/photonet.hu\/online\/eng\/#\/schema\/logo\/image\/","url":"https:\/\/photonet.hu\/online\/eng\/wp-content\/uploads\/2015\/04\/photonet_lens_shutter_250.png","contentUrl":"https:\/\/photonet.hu\/online\/eng\/wp-content\/uploads\/2015\/04\/photonet_lens_shutter_250.png","width":250,"height":250,"caption":"Photonet online photography magazine"},"image":{"@id":"https:\/\/photonet.hu\/online\/eng\/#\/schema\/logo\/image\/"},"sameAs":["https:\/\/www.facebook.com\/photonet.hu","https:\/\/x.com\/photonethu","https:\/\/www.pinterest.com\/acsienator\/photography\/"]},{"@type":"Person","@id":"https:\/\/photonet.hu\/online\/eng\/#\/schema\/person\/b8065e4118b8cea4068716ccbdd92f94","name":"photonet","image":{"@type":"ImageObject","inLanguage":"en-US","@id":"https:\/\/secure.gravatar.com\/avatar\/7c91ab952e1e196e2bf6641a013b7b971ffa12946ddbf0f05fb85f62d3433ce2?s=96&d=mm&r=g","url":"https:\/\/secure.gravatar.com\/avatar\/7c91ab952e1e196e2bf6641a013b7b971ffa12946ddbf0f05fb85f62d3433ce2?s=96&d=mm&r=g","contentUrl":"https:\/\/secure.gravatar.com\/avatar\/7c91ab952e1e196e2bf6641a013b7b971ffa12946ddbf0f05fb85f62d3433ce2?s=96&d=mm&r=g","caption":"photonet"},"url":"https:\/\/photonet.hu\/online\/eng\/author\/photonet\/"}]}},"_links":{"self":[{"href":"https:\/\/photonet.hu\/online\/eng\/wp-json\/wp\/v2\/posts\/1488","targetHints":{"allow":["GET"]}}],"collection":[{"href":"https:\/\/photonet.hu\/online\/eng\/wp-json\/wp\/v2\/posts"}],"about":[{"href":"https:\/\/photonet.hu\/online\/eng\/wp-json\/wp\/v2\/types\/post"}],"author":[{"embeddable":true,"href":"https:\/\/photonet.hu\/online\/eng\/wp-json\/wp\/v2\/users\/1"}],"replies":[{"embeddable":true,"href":"https:\/\/photonet.hu\/online\/eng\/wp-json\/wp\/v2\/comments?post=1488"}],"version-history":[{"count":2,"href":"https:\/\/photonet.hu\/online\/eng\/wp-json\/wp\/v2\/posts\/1488\/revisions"}],"predecessor-version":[{"id":1497,"href":"https:\/\/photonet.hu\/online\/eng\/wp-json\/wp\/v2\/posts\/1488\/revisions\/1497"}],"wp:featuredmedia":[{"embeddable":true,"href":"https:\/\/photonet.hu\/online\/eng\/wp-json\/wp\/v2\/media\/1489"}],"wp:attachment":[{"href":"https:\/\/photonet.hu\/online\/eng\/wp-json\/wp\/v2\/media?parent=1488"}],"wp:term":[{"taxonomy":"category","embeddable":true,"href":"https:\/\/photonet.hu\/online\/eng\/wp-json\/wp\/v2\/categories?post=1488"},{"taxonomy":"post_tag","embeddable":true,"href":"https:\/\/photonet.hu\/online\/eng\/wp-json\/wp\/v2\/tags?post=1488"}],"curies":[{"name":"wp","href":"https:\/\/api.w.org\/{rel}","templated":true}]}}