{"id":1080,"date":"2015-07-01T17:28:54","date_gmt":"2015-07-01T15:28:54","guid":{"rendered":"http:\/\/photonet.hu\/online\/eng\/?p=1080"},"modified":"2015-07-01T17:28:54","modified_gmt":"2015-07-01T15:28:54","slug":"photo-shanghai-2015","status":"publish","type":"post","link":"https:\/\/photonet.hu\/online\/eng\/magazine\/events\/photo-shanghai-2015\/","title":{"rendered":"Photo Shanghai 2015"},"content":{"rendered":"<p>Photo Shanghai, Asia\u2019s premier art fair dedicated to photography returns this September to the Shanghai Exhibition Centre. The fair will open to VIPs on 10 September and to the public from 11-13 September.<!--more--><\/p>\n<p>Since launching in 2014, Photo Shanghai has quickly established itself as mainland China\u2019s most international art fair and is already shaping the relatively untapped market of photography collecting in China and across Asia. It is today a key date in the art calendar for those wishing to establish and extend their network across Asia. Photo Shanghai has set a new benchmark for fine art photography in the region and achieved huge success both in terms of sales and visitor numbers.<\/p>\n<p>The 2015 edition, once more directed by Alexander Montague-Sparey, will offer a highly curated and elegant exhibition of vintage and contemporary masterworks featuring 50 of the world\u2019s leading photography galleries from Asia-Pacific, Europe and the United States.<\/p>\n<p>Photo Shanghai is dedicated to presenting museum quality shows alongside the fair. As such, the 2015 edition will include a special museum scale exhibition of 190 works by celebrated American artist Taryn Simon, presented by Gagosian Gallery.<\/p>\n<p>Taryn Simon is known for her unique weaving of photography, text and graphic design and is widely regarded as one of the finest contemporary photographers working today. A retrospective of her work is currently on view at the Jeu de Paume Museum in Paris. Gagosian Gallery will present the full series of Simon\u2019s seminal Birds of the West Indies. Photo Shanghai will therefore be a unique opportunity for curators and collectors alike to see all 190 works from the series in Asia for the first time.<\/p>\n<p>Other confirmed galleries include: Blindspot Gallery &#8211; Hong Kong; CAMERA WORK \u2013 Berlin; Flowers &#8211; London and New York; Gagosian Gallery &#8211; New York, London, Paris, Athens, Geneva, Los Angeles, Rome and Hong Kong; Magnum Photos; MD Gallery \u2013 Shanghai and Paris; P\u00e9kin Fine Arts \u2013 Beijing; ShanghART Gallery \u2013 Shanghai, Beijing and Singapore; Taka Ishii Gallery \u2013 Tokyo, New York and Paris, and The Wapping Project Bankside\u2013 London.<\/p>\n<p>The galleries will present a wide variety of artists, from the iconic to the emerging, including: Nobuyoshi Araki; Birdhead; Guy Bourdin; Henri Cartier-Bresson; Elliott Erwitt; Yang Fudong; Candida H\u00f6fer; Horst P. Horst; Axel H\u00fcette; Andr\u00e9 Kert\u00e9sz; Steven Klein; Gustave Le Gray; Daido Moriyama; Vik Muniz; Helmut Newton; Erwin Olaf; Irving Penn; Paolo Roversi, and Hiroshi Sugimoto, among many others.<\/p>\n<p>Since its first edition, Photo Shanghai has established itself as the leading platform for international collectors to find strong emerging work from Asia, locally. It is also the only opportunity for collectors from the region to buy leading household names in the field of fine art photography.<\/p>\n<p>Photo Shanghai is part of Shanghai Art Week, a new collaboration between the fair and West Bund Art &amp; Design (8-13 September) and Art in the City Festival (11-14 September) in which the very best in contemporary art takes over the city in the second week of September.<\/p>\n<p>Photo: David Drebin, Dreams of Hong Kong, 2009. Courtesy of CAMERA WORK, Berlin<\/p>\n<h2>Photo Shanghai 2015<\/h2>\n<p>11-13 September 2015<br \/>\nVIP and Preview day: Thursday 10 September<br \/>\nVenue: Shanghai Exhibition Centre, 1000 Yan\u2019an Rd, near Tongren Rd<br \/>\nWebsite: <a href=\"http:\/\/www.photoshanghai.org\" target=\"_blank\">www.photoshanghai.org<\/a><\/p>\n","protected":false},"excerpt":{"rendered":"<p>Photo Shanghai, Asia\u2019s premier art fair dedicated to photography returns this September to the Shanghai Exhibition Centre. The fair will open to VIPs on 10 September and to the public from 11-13 September.<\/p>\n","protected":false},"author":1,"featured_media":1081,"comment_status":"open","ping_status":"open","sticky":false,"template":"","format":"standard","meta":{"footnotes":""},"categories":[99],"tags":[113,203],"class_list":["post-1080","post","type-post","status-publish","format-standard","has-post-thumbnail","hentry","category-events","tag-exhibition","tag-photgraphy"],"blocksy_meta":[],"yoast_head":"<!-- This site is optimized with the Yoast SEO plugin v27.4 - https:\/\/yoast.com\/product\/yoast-seo-wordpress\/ -->\n<title>Photo Shanghai 2015 - Photonet<\/title>\n<meta name=\"description\" content=\"Photo Shanghai, Asia\u2019s premier art fair dedicated to photography returns this September to the Shanghai Exhibition Centre. The fair will open to VIPs on 10 September and to the public from 11-13 September\" \/>\n<meta name=\"robots\" content=\"index, follow, max-snippet:-1, max-image-preview:large, max-video-preview:-1\" \/>\n<link rel=\"canonical\" href=\"https:\/\/photonet.hu\/online\/eng\/magazine\/events\/photo-shanghai-2015\/\" \/>\n<meta property=\"og:locale\" content=\"en_US\" \/>\n<meta property=\"og:type\" content=\"article\" \/>\n<meta property=\"og:title\" content=\"Photo Shanghai 2015 - Photonet\" \/>\n<meta property=\"og:description\" content=\"Photo Shanghai, Asia\u2019s premier art fair dedicated to photography returns this September to the Shanghai Exhibition Centre. The fair will open to VIPs on 10 September and to the public from 11-13 September\" \/>\n<meta property=\"og:url\" content=\"https:\/\/photonet.hu\/online\/eng\/magazine\/events\/photo-shanghai-2015\/\" \/>\n<meta property=\"og:site_name\" content=\"Photonet\" \/>\n<meta property=\"article:publisher\" content=\"https:\/\/www.facebook.com\/photonet.hu\" \/>\n<meta property=\"article:published_time\" content=\"2015-07-01T15:28:54+00:00\" \/>\n<meta property=\"og:image\" content=\"https:\/\/photonet.hu\/online\/eng\/wp-content\/uploads\/2015\/07\/david_drebin_dreams_of_hongkong_2009.jpg\" \/>\n\t<meta property=\"og:image:width\" content=\"750\" \/>\n\t<meta property=\"og:image:height\" content=\"535\" \/>\n\t<meta property=\"og:image:type\" content=\"image\/jpeg\" \/>\n<meta name=\"author\" content=\"photonet\" \/>\n<meta name=\"twitter:card\" content=\"summary_large_image\" \/>\n<meta name=\"twitter:creator\" content=\"@photonethu\" \/>\n<meta name=\"twitter:site\" content=\"@photonethu\" \/>\n<meta name=\"twitter:label1\" content=\"Written by\" \/>\n\t<meta name=\"twitter:data1\" content=\"photonet\" \/>\n\t<meta name=\"twitter:label2\" content=\"Est. reading time\" \/>\n\t<meta name=\"twitter:data2\" content=\"3 minutes\" \/>\n<script type=\"application\/ld+json\" class=\"yoast-schema-graph\">{\"@context\":\"https:\\\/\\\/schema.org\",\"@graph\":[{\"@type\":\"Article\",\"@id\":\"https:\\\/\\\/photonet.hu\\\/online\\\/eng\\\/magazine\\\/events\\\/photo-shanghai-2015\\\/#article\",\"isPartOf\":{\"@id\":\"https:\\\/\\\/photonet.hu\\\/online\\\/eng\\\/magazine\\\/events\\\/photo-shanghai-2015\\\/\"},\"author\":{\"name\":\"photonet\",\"@id\":\"https:\\\/\\\/photonet.hu\\\/online\\\/eng\\\/#\\\/schema\\\/person\\\/b8065e4118b8cea4068716ccbdd92f94\"},\"headline\":\"Photo Shanghai 2015\",\"datePublished\":\"2015-07-01T15:28:54+00:00\",\"mainEntityOfPage\":{\"@id\":\"https:\\\/\\\/photonet.hu\\\/online\\\/eng\\\/magazine\\\/events\\\/photo-shanghai-2015\\\/\"},\"wordCount\":530,\"commentCount\":0,\"publisher\":{\"@id\":\"https:\\\/\\\/photonet.hu\\\/online\\\/eng\\\/#organization\"},\"image\":{\"@id\":\"https:\\\/\\\/photonet.hu\\\/online\\\/eng\\\/magazine\\\/events\\\/photo-shanghai-2015\\\/#primaryimage\"},\"thumbnailUrl\":\"https:\\\/\\\/photonet.hu\\\/online\\\/eng\\\/wp-content\\\/uploads\\\/2015\\\/07\\\/david_drebin_dreams_of_hongkong_2009.jpg\",\"keywords\":[\"exhibition\",\"photgraphy\"],\"articleSection\":[\"Events\"],\"inLanguage\":\"en-US\",\"potentialAction\":[{\"@type\":\"CommentAction\",\"name\":\"Comment\",\"target\":[\"https:\\\/\\\/photonet.hu\\\/online\\\/eng\\\/magazine\\\/events\\\/photo-shanghai-2015\\\/#respond\"]}]},{\"@type\":\"WebPage\",\"@id\":\"https:\\\/\\\/photonet.hu\\\/online\\\/eng\\\/magazine\\\/events\\\/photo-shanghai-2015\\\/\",\"url\":\"https:\\\/\\\/photonet.hu\\\/online\\\/eng\\\/magazine\\\/events\\\/photo-shanghai-2015\\\/\",\"name\":\"Photo Shanghai 2015 - Photonet\",\"isPartOf\":{\"@id\":\"https:\\\/\\\/photonet.hu\\\/online\\\/eng\\\/#website\"},\"primaryImageOfPage\":{\"@id\":\"https:\\\/\\\/photonet.hu\\\/online\\\/eng\\\/magazine\\\/events\\\/photo-shanghai-2015\\\/#primaryimage\"},\"image\":{\"@id\":\"https:\\\/\\\/photonet.hu\\\/online\\\/eng\\\/magazine\\\/events\\\/photo-shanghai-2015\\\/#primaryimage\"},\"thumbnailUrl\":\"https:\\\/\\\/photonet.hu\\\/online\\\/eng\\\/wp-content\\\/uploads\\\/2015\\\/07\\\/david_drebin_dreams_of_hongkong_2009.jpg\",\"datePublished\":\"2015-07-01T15:28:54+00:00\",\"description\":\"Photo Shanghai, Asia\u2019s premier art fair dedicated to photography returns this September to the Shanghai Exhibition Centre. The fair will open to VIPs on 10 September and to the public from 11-13 September\",\"breadcrumb\":{\"@id\":\"https:\\\/\\\/photonet.hu\\\/online\\\/eng\\\/magazine\\\/events\\\/photo-shanghai-2015\\\/#breadcrumb\"},\"inLanguage\":\"en-US\",\"potentialAction\":[{\"@type\":\"ReadAction\",\"target\":[\"https:\\\/\\\/photonet.hu\\\/online\\\/eng\\\/magazine\\\/events\\\/photo-shanghai-2015\\\/\"]}]},{\"@type\":\"ImageObject\",\"inLanguage\":\"en-US\",\"@id\":\"https:\\\/\\\/photonet.hu\\\/online\\\/eng\\\/magazine\\\/events\\\/photo-shanghai-2015\\\/#primaryimage\",\"url\":\"https:\\\/\\\/photonet.hu\\\/online\\\/eng\\\/wp-content\\\/uploads\\\/2015\\\/07\\\/david_drebin_dreams_of_hongkong_2009.jpg\",\"contentUrl\":\"https:\\\/\\\/photonet.hu\\\/online\\\/eng\\\/wp-content\\\/uploads\\\/2015\\\/07\\\/david_drebin_dreams_of_hongkong_2009.jpg\",\"width\":750,\"height\":535,\"caption\":\"David Drebin, Dreams of Hong Kong, 2009. Courtesy of CAMERA WORK, Berlin\"},{\"@type\":\"BreadcrumbList\",\"@id\":\"https:\\\/\\\/photonet.hu\\\/online\\\/eng\\\/magazine\\\/events\\\/photo-shanghai-2015\\\/#breadcrumb\",\"itemListElement\":[{\"@type\":\"ListItem\",\"position\":1,\"name\":\"Kezd\u0151lap\",\"item\":\"https:\\\/\\\/photonet.hu\\\/online\\\/eng\\\/\"},{\"@type\":\"ListItem\",\"position\":2,\"name\":\"Photo Shanghai 2015\"}]},{\"@type\":\"WebSite\",\"@id\":\"https:\\\/\\\/photonet.hu\\\/online\\\/eng\\\/#website\",\"url\":\"https:\\\/\\\/photonet.hu\\\/online\\\/eng\\\/\",\"name\":\"Photonet\",\"description\":\"online photography magazine\",\"publisher\":{\"@id\":\"https:\\\/\\\/photonet.hu\\\/online\\\/eng\\\/#organization\"},\"potentialAction\":[{\"@type\":\"SearchAction\",\"target\":{\"@type\":\"EntryPoint\",\"urlTemplate\":\"https:\\\/\\\/photonet.hu\\\/online\\\/eng\\\/?s={search_term_string}\"},\"query-input\":{\"@type\":\"PropertyValueSpecification\",\"valueRequired\":true,\"valueName\":\"search_term_string\"}}],\"inLanguage\":\"en-US\"},{\"@type\":\"Organization\",\"@id\":\"https:\\\/\\\/photonet.hu\\\/online\\\/eng\\\/#organization\",\"name\":\"Photonet online photography magazine\",\"url\":\"https:\\\/\\\/photonet.hu\\\/online\\\/eng\\\/\",\"logo\":{\"@type\":\"ImageObject\",\"inLanguage\":\"en-US\",\"@id\":\"https:\\\/\\\/photonet.hu\\\/online\\\/eng\\\/#\\\/schema\\\/logo\\\/image\\\/\",\"url\":\"https:\\\/\\\/photonet.hu\\\/online\\\/eng\\\/wp-content\\\/uploads\\\/2015\\\/04\\\/photonet_lens_shutter_250.png\",\"contentUrl\":\"https:\\\/\\\/photonet.hu\\\/online\\\/eng\\\/wp-content\\\/uploads\\\/2015\\\/04\\\/photonet_lens_shutter_250.png\",\"width\":250,\"height\":250,\"caption\":\"Photonet online photography magazine\"},\"image\":{\"@id\":\"https:\\\/\\\/photonet.hu\\\/online\\\/eng\\\/#\\\/schema\\\/logo\\\/image\\\/\"},\"sameAs\":[\"https:\\\/\\\/www.facebook.com\\\/photonet.hu\",\"https:\\\/\\\/x.com\\\/photonethu\",\"https:\\\/\\\/www.pinterest.com\\\/acsienator\\\/photography\\\/\"]},{\"@type\":\"Person\",\"@id\":\"https:\\\/\\\/photonet.hu\\\/online\\\/eng\\\/#\\\/schema\\\/person\\\/b8065e4118b8cea4068716ccbdd92f94\",\"name\":\"photonet\",\"image\":{\"@type\":\"ImageObject\",\"inLanguage\":\"en-US\",\"@id\":\"https:\\\/\\\/secure.gravatar.com\\\/avatar\\\/7c91ab952e1e196e2bf6641a013b7b971ffa12946ddbf0f05fb85f62d3433ce2?s=96&d=mm&r=g\",\"url\":\"https:\\\/\\\/secure.gravatar.com\\\/avatar\\\/7c91ab952e1e196e2bf6641a013b7b971ffa12946ddbf0f05fb85f62d3433ce2?s=96&d=mm&r=g\",\"contentUrl\":\"https:\\\/\\\/secure.gravatar.com\\\/avatar\\\/7c91ab952e1e196e2bf6641a013b7b971ffa12946ddbf0f05fb85f62d3433ce2?s=96&d=mm&r=g\",\"caption\":\"photonet\"},\"url\":\"https:\\\/\\\/photonet.hu\\\/online\\\/eng\\\/author\\\/photonet\\\/\"}]}<\/script>\n<!-- \/ Yoast SEO plugin. -->","yoast_head_json":{"title":"Photo Shanghai 2015 - Photonet","description":"Photo Shanghai, Asia\u2019s premier art fair dedicated to photography returns this September to the Shanghai Exhibition Centre. The fair will open to VIPs on 10 September and to the public from 11-13 September","robots":{"index":"index","follow":"follow","max-snippet":"max-snippet:-1","max-image-preview":"max-image-preview:large","max-video-preview":"max-video-preview:-1"},"canonical":"https:\/\/photonet.hu\/online\/eng\/magazine\/events\/photo-shanghai-2015\/","og_locale":"en_US","og_type":"article","og_title":"Photo Shanghai 2015 - Photonet","og_description":"Photo Shanghai, Asia\u2019s premier art fair dedicated to photography returns this September to the Shanghai Exhibition Centre. The fair will open to VIPs on 10 September and to the public from 11-13 September","og_url":"https:\/\/photonet.hu\/online\/eng\/magazine\/events\/photo-shanghai-2015\/","og_site_name":"Photonet","article_publisher":"https:\/\/www.facebook.com\/photonet.hu","article_published_time":"2015-07-01T15:28:54+00:00","og_image":[{"width":750,"height":535,"url":"https:\/\/photonet.hu\/online\/eng\/wp-content\/uploads\/2015\/07\/david_drebin_dreams_of_hongkong_2009.jpg","type":"image\/jpeg"}],"author":"photonet","twitter_card":"summary_large_image","twitter_creator":"@photonethu","twitter_site":"@photonethu","twitter_misc":{"Written by":"photonet","Est. reading time":"3 minutes"},"schema":{"@context":"https:\/\/schema.org","@graph":[{"@type":"Article","@id":"https:\/\/photonet.hu\/online\/eng\/magazine\/events\/photo-shanghai-2015\/#article","isPartOf":{"@id":"https:\/\/photonet.hu\/online\/eng\/magazine\/events\/photo-shanghai-2015\/"},"author":{"name":"photonet","@id":"https:\/\/photonet.hu\/online\/eng\/#\/schema\/person\/b8065e4118b8cea4068716ccbdd92f94"},"headline":"Photo Shanghai 2015","datePublished":"2015-07-01T15:28:54+00:00","mainEntityOfPage":{"@id":"https:\/\/photonet.hu\/online\/eng\/magazine\/events\/photo-shanghai-2015\/"},"wordCount":530,"commentCount":0,"publisher":{"@id":"https:\/\/photonet.hu\/online\/eng\/#organization"},"image":{"@id":"https:\/\/photonet.hu\/online\/eng\/magazine\/events\/photo-shanghai-2015\/#primaryimage"},"thumbnailUrl":"https:\/\/photonet.hu\/online\/eng\/wp-content\/uploads\/2015\/07\/david_drebin_dreams_of_hongkong_2009.jpg","keywords":["exhibition","photgraphy"],"articleSection":["Events"],"inLanguage":"en-US","potentialAction":[{"@type":"CommentAction","name":"Comment","target":["https:\/\/photonet.hu\/online\/eng\/magazine\/events\/photo-shanghai-2015\/#respond"]}]},{"@type":"WebPage","@id":"https:\/\/photonet.hu\/online\/eng\/magazine\/events\/photo-shanghai-2015\/","url":"https:\/\/photonet.hu\/online\/eng\/magazine\/events\/photo-shanghai-2015\/","name":"Photo Shanghai 2015 - Photonet","isPartOf":{"@id":"https:\/\/photonet.hu\/online\/eng\/#website"},"primaryImageOfPage":{"@id":"https:\/\/photonet.hu\/online\/eng\/magazine\/events\/photo-shanghai-2015\/#primaryimage"},"image":{"@id":"https:\/\/photonet.hu\/online\/eng\/magazine\/events\/photo-shanghai-2015\/#primaryimage"},"thumbnailUrl":"https:\/\/photonet.hu\/online\/eng\/wp-content\/uploads\/2015\/07\/david_drebin_dreams_of_hongkong_2009.jpg","datePublished":"2015-07-01T15:28:54+00:00","description":"Photo Shanghai, Asia\u2019s premier art fair dedicated to photography returns this September to the Shanghai Exhibition Centre. The fair will open to VIPs on 10 September and to the public from 11-13 September","breadcrumb":{"@id":"https:\/\/photonet.hu\/online\/eng\/magazine\/events\/photo-shanghai-2015\/#breadcrumb"},"inLanguage":"en-US","potentialAction":[{"@type":"ReadAction","target":["https:\/\/photonet.hu\/online\/eng\/magazine\/events\/photo-shanghai-2015\/"]}]},{"@type":"ImageObject","inLanguage":"en-US","@id":"https:\/\/photonet.hu\/online\/eng\/magazine\/events\/photo-shanghai-2015\/#primaryimage","url":"https:\/\/photonet.hu\/online\/eng\/wp-content\/uploads\/2015\/07\/david_drebin_dreams_of_hongkong_2009.jpg","contentUrl":"https:\/\/photonet.hu\/online\/eng\/wp-content\/uploads\/2015\/07\/david_drebin_dreams_of_hongkong_2009.jpg","width":750,"height":535,"caption":"David Drebin, Dreams of Hong Kong, 2009. Courtesy of CAMERA WORK, Berlin"},{"@type":"BreadcrumbList","@id":"https:\/\/photonet.hu\/online\/eng\/magazine\/events\/photo-shanghai-2015\/#breadcrumb","itemListElement":[{"@type":"ListItem","position":1,"name":"Kezd\u0151lap","item":"https:\/\/photonet.hu\/online\/eng\/"},{"@type":"ListItem","position":2,"name":"Photo Shanghai 2015"}]},{"@type":"WebSite","@id":"https:\/\/photonet.hu\/online\/eng\/#website","url":"https:\/\/photonet.hu\/online\/eng\/","name":"Photonet","description":"online photography magazine","publisher":{"@id":"https:\/\/photonet.hu\/online\/eng\/#organization"},"potentialAction":[{"@type":"SearchAction","target":{"@type":"EntryPoint","urlTemplate":"https:\/\/photonet.hu\/online\/eng\/?s={search_term_string}"},"query-input":{"@type":"PropertyValueSpecification","valueRequired":true,"valueName":"search_term_string"}}],"inLanguage":"en-US"},{"@type":"Organization","@id":"https:\/\/photonet.hu\/online\/eng\/#organization","name":"Photonet online photography magazine","url":"https:\/\/photonet.hu\/online\/eng\/","logo":{"@type":"ImageObject","inLanguage":"en-US","@id":"https:\/\/photonet.hu\/online\/eng\/#\/schema\/logo\/image\/","url":"https:\/\/photonet.hu\/online\/eng\/wp-content\/uploads\/2015\/04\/photonet_lens_shutter_250.png","contentUrl":"https:\/\/photonet.hu\/online\/eng\/wp-content\/uploads\/2015\/04\/photonet_lens_shutter_250.png","width":250,"height":250,"caption":"Photonet online photography magazine"},"image":{"@id":"https:\/\/photonet.hu\/online\/eng\/#\/schema\/logo\/image\/"},"sameAs":["https:\/\/www.facebook.com\/photonet.hu","https:\/\/x.com\/photonethu","https:\/\/www.pinterest.com\/acsienator\/photography\/"]},{"@type":"Person","@id":"https:\/\/photonet.hu\/online\/eng\/#\/schema\/person\/b8065e4118b8cea4068716ccbdd92f94","name":"photonet","image":{"@type":"ImageObject","inLanguage":"en-US","@id":"https:\/\/secure.gravatar.com\/avatar\/7c91ab952e1e196e2bf6641a013b7b971ffa12946ddbf0f05fb85f62d3433ce2?s=96&d=mm&r=g","url":"https:\/\/secure.gravatar.com\/avatar\/7c91ab952e1e196e2bf6641a013b7b971ffa12946ddbf0f05fb85f62d3433ce2?s=96&d=mm&r=g","contentUrl":"https:\/\/secure.gravatar.com\/avatar\/7c91ab952e1e196e2bf6641a013b7b971ffa12946ddbf0f05fb85f62d3433ce2?s=96&d=mm&r=g","caption":"photonet"},"url":"https:\/\/photonet.hu\/online\/eng\/author\/photonet\/"}]}},"_links":{"self":[{"href":"https:\/\/photonet.hu\/online\/eng\/wp-json\/wp\/v2\/posts\/1080","targetHints":{"allow":["GET"]}}],"collection":[{"href":"https:\/\/photonet.hu\/online\/eng\/wp-json\/wp\/v2\/posts"}],"about":[{"href":"https:\/\/photonet.hu\/online\/eng\/wp-json\/wp\/v2\/types\/post"}],"author":[{"embeddable":true,"href":"https:\/\/photonet.hu\/online\/eng\/wp-json\/wp\/v2\/users\/1"}],"replies":[{"embeddable":true,"href":"https:\/\/photonet.hu\/online\/eng\/wp-json\/wp\/v2\/comments?post=1080"}],"version-history":[{"count":0,"href":"https:\/\/photonet.hu\/online\/eng\/wp-json\/wp\/v2\/posts\/1080\/revisions"}],"wp:featuredmedia":[{"embeddable":true,"href":"https:\/\/photonet.hu\/online\/eng\/wp-json\/wp\/v2\/media\/1081"}],"wp:attachment":[{"href":"https:\/\/photonet.hu\/online\/eng\/wp-json\/wp\/v2\/media?parent=1080"}],"wp:term":[{"taxonomy":"category","embeddable":true,"href":"https:\/\/photonet.hu\/online\/eng\/wp-json\/wp\/v2\/categories?post=1080"},{"taxonomy":"post_tag","embeddable":true,"href":"https:\/\/photonet.hu\/online\/eng\/wp-json\/wp\/v2\/tags?post=1080"}],"curies":[{"name":"wp","href":"https:\/\/api.w.org\/{rel}","templated":true}]}}